{"id":8656,"date":"2023-02-14T16:21:33","date_gmt":"2023-02-14T14:21:33","guid":{"rendered":"https:\/\/www.creusonslabible.fr\/?p=8656"},"modified":"2024-09-17T14:39:39","modified_gmt":"2024-09-17T12:39:39","slug":"ephesiens-2-11-22-perdus-et-sans-esperance-dieu-nous-a-rassembles","status":"publish","type":"post","link":"https:\/\/www.creusonslabible.fr\/?p=8656","title":{"rendered":"\u00c9ph\u00e9siens 2.11-22 : Perdus et sans esp\u00e9rance Dieu nous a rassembl\u00e9s"},"content":{"rendered":"<figure class=\"wp-block-post-featured-image\"><img loading=\"lazy\" decoding=\"async\" width=\"1280\" height=\"853\" src=\"https:\/\/www.creusonslabible.fr\/wp-content\/uploads\/2023\/02\/Eph-DAB-3-1.jpg\" class=\"attachment-post-thumbnail size-post-thumbnail wp-post-image\" alt=\"\" style=\"object-fit:cover;\" srcset=\"https:\/\/www.creusonslabible.fr\/wp-content\/uploads\/2023\/02\/Eph-DAB-3-1.jpg 1280w, https:\/\/www.creusonslabible.fr\/wp-content\/uploads\/2023\/02\/Eph-DAB-3-1-300x200.jpg 300w, https:\/\/www.creusonslabible.fr\/wp-content\/uploads\/2023\/02\/Eph-DAB-3-1-1024x682.jpg 1024w, https:\/\/www.creusonslabible.fr\/wp-content\/uploads\/2023\/02\/Eph-DAB-3-1-768x512.jpg 768w, https:\/\/www.creusonslabible.fr\/wp-content\/uploads\/2023\/02\/Eph-DAB-3-1-1200x800.jpg 1200w\" sizes=\"auto, (max-width: 1280px) 100vw, 1280px\" \/><\/figure>\n\n\n<p class=\"has-large-font-size\"><strong>Accroche :<\/strong><\/p>\n\n\n\n<p>Regarder cette musique et ces paroles :<\/p>\n\n\n\n<figure class=\"wp-block-embed is-type-video is-provider-youtube wp-block-embed-youtube wp-embed-aspect-16-9 wp-has-aspect-ratio\"><div class=\"wp-block-embed__wrapper\">\n<iframe loading=\"lazy\" title=\"Imagine - John Lennon &amp; The Plastic Ono Band (w The Flux Fiddlers) (Ultimate Mix 2018) - 4K REMASTER\" width=\"1290\" height=\"726\" src=\"https:\/\/www.youtube.com\/embed\/VOgFZfRVaww?feature=oembed\" frameborder=\"0\" allow=\"accelerometer; autoplay; clipboard-write; encrypted-media; gyroscope; picture-in-picture; web-share\" referrerpolicy=\"strict-origin-when-cross-origin\" allowfullscreen><\/iframe>\n<\/div><\/figure>\n\n\n\n<p><strong>Imagine there&rsquo;s no heaven,<\/strong><\/p>\n\n\n\n<p><em>Imagine qu&rsquo;il n&rsquo;y a aucun paradis,<\/em><\/p>\n\n\n\n<p><strong>It&rsquo;s easy if you try,<\/strong><\/p>\n\n\n\n<p><em>C&rsquo;est facile si tu essaies,<\/em><\/p>\n\n\n\n<p><strong>No hell below us,<\/strong><\/p>\n\n\n\n<p><em>Aucun enfer en-dessous de nous,<\/em><\/p>\n\n\n\n<p><strong>Above us only sky,<\/strong><\/p>\n\n\n\n<p><em>Au-dessus de nous, seulement le ciel,<\/em><\/p>\n\n\n\n<p><strong>Imagine all the people,<\/strong><\/p>\n\n\n\n<p><em>Imagine tous les gens,<\/em><\/p>\n\n\n\n<p><strong>Living for today&#8230;<\/strong><\/p>\n\n\n\n<p><em>Vivant dans le pr\u00e9sent&#8230;<\/em><\/p>\n\n\n\n<p><strong>Imagine there&rsquo;s no countries,<\/strong><\/p>\n\n\n\n<p><em>Imagine qu&rsquo;il n&rsquo;y ait pas de pays,<\/em><\/p>\n\n\n\n<p><strong>It isn&rsquo;t hard to do,<\/strong><\/p>\n\n\n\n<p><em>Ce n&rsquo;est pas dur \u00e0 faire,<\/em><\/p>\n\n\n\n<p><strong>Nothing to kill or die for,<\/strong><\/p>\n\n\n\n<p><em>Rien \u00e0 tuer ou pourquoi mourir,<\/em><\/p>\n\n\n\n<p><strong>No religion too,<\/strong><\/p>\n\n\n\n<p><em>Pas de religion non plus,<\/em><\/p>\n\n\n\n<p><strong>Imagine all the people,<\/strong><\/p>\n\n\n\n<p><em>Imagine tous les gens,<\/em><\/p>\n\n\n\n<p><strong>Living life in peace&#8230;<\/strong><\/p>\n\n\n\n<p><em>Vivant leur vie en paix&#8230;<\/em><\/p>\n\n\n\n<p><strong>You may say I&rsquo;m a dreamer,<\/strong><\/p>\n\n\n\n<p><em>Tu peux dire que je suis un r\u00eaveur,<\/em><\/p>\n\n\n\n<p><strong>But I&rsquo;m not the only one,<\/strong><\/p>\n\n\n\n<p><em>Mais je ne suis pas le seul,<\/em><\/p>\n\n\n\n<p><strong>I hope some day you&rsquo;ll join us,<\/strong><\/p>\n\n\n\n<p><em>J&rsquo;esp\u00e8re qu&rsquo;un jour tu nous rejoindras,<\/em><\/p>\n\n\n\n<p><strong>And the world will live as one.<\/strong><\/p>\n\n\n\n<p><em>Et que le monde vivra uni.<\/em><\/p>\n\n\n\n<p><strong>Imagine no possessions,<\/strong><\/p>\n\n\n\n<p><em>Imagine aucune possession,<\/em><\/p>\n\n\n\n<p><strong>I wonder if you can,<\/strong><\/p>\n\n\n\n<p><em>Je me demande si tu le peux,<\/em><\/p>\n\n\n\n<p><strong>No need for greed or hunger,<\/strong><\/p>\n\n\n\n<p><em>Aucun besoin d&rsquo;avidit\u00e9 ou de faim,<\/em><\/p>\n\n\n\n<p><strong>A brotherhood of man,<\/strong><\/p>\n\n\n\n<p><em>Une fraternit\u00e9 humaine,<\/em><\/p>\n\n\n\n<p><strong>Imagine all the people,<\/strong><\/p>\n\n\n\n<p><em>Imagine tous les gens,<\/em><\/p>\n\n\n\n<p><strong>Sharing all the world&#8230;<\/strong><\/p>\n\n\n\n<p><em>Se partageant le monde&#8230;<\/em><\/p>\n\n\n\n<p><strong>You may say I&rsquo;m a dreamer,<\/strong><\/p>\n\n\n\n<p><em>Tu peux dire que je suis un r\u00eaveur,<\/em><\/p>\n\n\n\n<p><strong>But I&rsquo;m not the only one,<\/strong><\/p>\n\n\n\n<p><em>Mais je ne suis pas le seul,<\/em><\/p>\n\n\n\n<p><strong>I hope some day you&rsquo;ll join us,<\/strong><\/p>\n\n\n\n<p><em>J&rsquo;esp\u00e8re qu&rsquo;un jour tu nous rejoindras,<\/em><\/p>\n\n\n\n<p><strong>And the world will live as one.<\/strong><\/p>\n\n\n\n<p><em>Et que le monde vivra uni.<\/em><\/p>\n\n\n\n<p><strong>Quand on vous dit que l\u2019humanit\u00e9 va pouvoir se rassembler et r\u00e9ussir un jour, \u00e0 quoi pensez-vous ? Repensez aux marches pour l\u2019environnement ou aux mouvements solidaires lors du confinement, quel espoir cela vous donne t\u2019il pour l\u2019humanit\u00e9 ?<\/strong><\/p>\n\n\n\n<p><strong>Lire le texte<\/strong><\/p>\n\n\n\n<p class=\"has-medium-font-size\"><strong>Vocabulaire <\/strong>:<\/p>\n\n\n\n<p><strong>\u201cmessie\u201d v.12 <\/strong>: l\u2019oint de Dieu, le choisi, le roi qui sauve<\/p>\n\n\n\n<p><strong>\u201calliances conclues par Dieu pour garantir sa promesse\u201d v. 12<\/strong>: contrat entre deux parties. 1\u00e8re alliance avec Abraham qui promet un pays et un peuple nombreux qui sera&nbsp; une b\u00e9n\u00e9diction pour les autres nations. Une autre alliance avec David qui est la m\u00eame + la promesse d\u2019un Roi qui sera \u00e9ternel et qui r\u00e9gnera sur le peuple (J\u00e9sus).<\/p>\n\n\n\n<p><strong>\u201cla Loi de Mo\u00efse\u201d v.15<\/strong><\/p>\n\n\n\n<p><strong>\u201cP\u00e8re\u201d v.18&nbsp;<\/strong><\/p>\n\n\n\n<p><strong>\u201cap\u00f4tres\u201d et \u201cproph\u00e8tes\u201d v20<\/strong><\/p>\n\n\n\n<p class=\"has-large-font-size\"><strong>C\u0153ur du passage<\/strong><\/p>\n\n\n\n<p class=\"has-medium-font-size\"><strong>V11-12 : Seuls, et Perdu sans esp\u00e9rance<\/strong><\/p>\n\n\n\n<ul class=\"wp-block-list\">\n<li><strong>D&rsquo;apr\u00e8s le texte, quel \u00e9tait le probl\u00e8me que pouvaient rencontrer les Eph\u00e9siens ?<\/strong><\/li>\n\n\n\n<li><strong>Selon le texte, quelle est la solution dont parle Paul ? Les plaint-il ?<\/strong><\/li>\n\n\n\n<li><strong>Observons le texte et inscrivons dans ce tableau leur condition d\u2019autrefois et leur condition d\u2019aujourd\u2019hui?<\/strong><\/li>\n<\/ul>\n\n\n\n<figure class=\"wp-block-table\"><table><tbody><tr><td><strong>Autrefois<\/strong><\/td><td><strong>Maintenant<\/strong><\/td><\/tr><tr><td>Sans Messie v12<br>Non-Juifs v11<br>Aucun droit de faire partie du peuple de Dieu v12 <br>\u00c9trangers aux alliances v12<br>Sans esp\u00e9rance v12<br>Sans Dieu dans le monde v12<br>Loin v13,17<br>\u00c9trangers, r\u00e9sidents temporaires v19<\/td><td>Devenus proches v13, 17<br>En paix Juifs et non Juifs, un seul peuple v14<br>Ils ont la paix v14<br>Ne sont plus s\u00e9par\u00e9s v14-15<br>Une nouvelle Humanit\u00e9 v15<br>R\u00e9concili\u00e9 avec Dieu v16<br>R\u00e9concili\u00e9s entre nous v16<br>Unis en un seul corps v16<br>Acc\u00e8s au p\u00e8re par l\u2019esprit v18<br>Plus \u00e9trangers ou r\u00e9sidents temporaires v19<br>Concitoyen du peuple saint v20<br>Famille de Dieu v20<br>Partie de l\u2019\u00e9dificeDieu habite parmi nous par l\u2019Esprit<\/td><\/tr><\/tbody><\/table><\/figure>\n\n\n\n<ul class=\"wp-block-list\">\n<li><strong>Selon ce tableau, qu\u2019est-ce qui caract\u00e9rise l\u2019ancienne vie des chr\u00e9tiens d\u2019\u00c9ph\u00e8se ? Que cherche Paul comme r\u00e9action chez les Eph\u00e9siens apr\u00e8s cette description ?<\/strong><\/li>\n\n\n\n<li><strong>En quoi cela rejoint notre soci\u00e9t\u00e9 aujourd\u2019hui ? En quoi cela peut aussi nous ressembler ?<\/strong><\/li>\n<\/ul>\n\n\n\n<p class=\"has-medium-font-size\"><strong>V13-18 : Par J\u00e9sus nous sommes rassembl\u00e9s et r\u00e9concili\u00e9s<\/strong><\/p>\n\n\n\n<ul class=\"wp-block-list\">\n<li><strong>En parlant de \u00ab mur de s\u00e9paration \u00bb, Paul joue sur un double sens : Qu\u2019est-ce que ce mur au sens propre, au sens figur\u00e9 ? Quel est le lien entre les 2 ? <\/strong>Le mur fait probablement allusion au mur qui, dans le temps de J\u00e9rusalem, s\u00e9parait les parvis des non-juifs des cours auxquels les juifs seuls avaient acc\u00e8s. La paix donn\u00e9e par Christ rend possible l\u2019int\u00e9gration des non-juifs au peuple de Dieu<\/li>\n\n\n\n<li><strong>Pourquoi le sacrifice de Christ r\u00e9concilierait-il selon le texte ?<\/strong><\/li>\n\n\n\n<li><strong>Selon le texte, quelle est la cons\u00e9quence de cette r\u00e9conciliation pour les gens qui se confient en Christ ? Essayez de d\u00e9crire la nouvelle humanit\u00e9 qui r\u00e9sulterait de cette nouvelle alliance. Si vous comparez cette vision \u00e0 celle de John Lennon, laquelle vous fait le plus envie ?&nbsp;<\/strong><\/li>\n<\/ul>\n\n\n\n<p class=\"has-medium-font-size\"><strong>V19-22 : Maintenant nous formons un seul et m\u00eame temple<\/strong><\/p>\n\n\n\n<ul class=\"wp-block-list\">\n<li><strong>A la fin du texte Paul utilise 3 images pour d\u00e9crire le r\u00e9sultat concret de cette r\u00e9conciliation, lesquelles ?<\/strong> la famille, des citoyens, et un \u00e9difice.&nbsp;<\/li>\n\n\n\n<li><strong>Qu\u2019est-ce qui caract\u00e9rise l\u2019\u00e9difice ?<\/strong><\/li>\n\n\n\n<li><strong>Essayez de d\u00e9crire avec vos mots, en quoi faire partie du peuple de Dieu, de l\u2019\u00e9glise, du temple, pourrait \u00eatre une bonne chose pour nous et pour&nbsp; notre entourage.<\/strong><\/li>\n<\/ul>\n\n\n\n<p class=\"has-large-font-size\"><strong>Application<\/strong><\/p>\n\n\n\n<ul class=\"wp-block-list\">\n<li><strong>Sur quoi se basent nos esp\u00e9rances en l\u2019humanit\u00e9 ? Les esp\u00e9rances de notre soci\u00e9t\u00e9? Examinez-les. Qu\u2019est-ce qui pourrait les faire s\u2019\u00e9crouler ? En quoi l\u2019esp\u00e9rance de ce texte peut \u00eatre une solution pour vous ? <\/strong>ex d\u2019id\u00e9es de chose sur lesquelles on peut faire reposer notre esp\u00e9rance: la science, le transhumanisme, des id\u00e9ologies comme: \u201csi le monde se rassemble&nbsp; \u00e7a se passera bien\u201d, la solidarit\u00e9, les actions pour pr\u00e9server le climat&#8230;<\/li>\n\n\n\n<li><strong>Quand vous \u00eates dans la difficult\u00e9, vous arrive-t-il de penser que vous \u00eates loin de Dieu ? Qu\u2019est-ce que ce texte vous encourage \u00e0 reconsid\u00e9rer ? Comment vous en rappeler ?<\/strong><\/li>\n\n\n\n<li><strong>Si vous \u00eates chr\u00e9tiens, est-ce que vous avez l\u2019impression de vivre l\u2019unit\u00e9 dans votre \u00e9glise ? qu\u2019est-ce qui la freine ? A quoi ce texte nous encourage-t-il ?<\/strong><\/li>\n<\/ul>\n","protected":false},"excerpt":{"rendered":"<p>Accroche : Regarder cette musique et ces paroles : Imagine there&rsquo;s no heaven, Imagine qu&rsquo;il n&rsquo;y a aucun paradis, It&rsquo;s easy if you try, C&rsquo;est facile si tu essaies, No hell below us, Aucun enfer en-dessous de nous, Above us only sky, Au-dessus de nous, seulement le ciel, Imagine all the people, Imagine tous les [&hellip;]<\/p>\n","protected":false},"author":6,"featured_media":8657,"comment_status":"open","ping_status":"closed","sticky":false,"template":"","format":"standard","meta":{"_acf_changed":false,"_eb_attr":"","advgb_blocks_editor_width":"","advgb_blocks_columns_visual_guide":"","footnotes":""},"categories":[10,105],"tags":[651,196,499,626],"video":[],"audio":[],"ecrit":[],"mis-en-avant":[],"redacteur":[],"type-darticle":[],"class_list":["post-8656","post","type-post","status-publish","format-standard","has-post-thumbnail","hentry","category-discussions-autour-de-la-bible","category-speciales-groupes-bibliques-lyceens","tag-ecrit","tag-eglise","tag-esperance","tag-tribu"],"blocksy_meta":[],"acf":[],"featured_image_src":"https:\/\/www.creusonslabible.fr\/wp-content\/uploads\/2023\/02\/Eph-DAB-3-1.jpg","author_info":{"display_name":"Laetitia","author_link":"https:\/\/www.creusonslabible.fr\/?author=6"},"author_meta":{"display_name":"Laetitia","author_link":"https:\/\/www.creusonslabible.fr\/?author=6"},"featured_img":"https:\/\/www.creusonslabible.fr\/wp-content\/uploads\/2023\/02\/Eph-DAB-3-1-300x200.jpg","coauthors":[],"tax_additional":{"categories":{"linked":["<a href=\"https:\/\/www.creusonslabible.fr\/?cat=10\" class=\"advgb-post-tax-term\">Discussions autour de la Bible<\/a>","<a href=\"https:\/\/www.creusonslabible.fr\/?cat=105\" class=\"advgb-post-tax-term\">Sp\u00e9ciales Groupes Bibliques Lyc\u00e9ens<\/a>"],"unlinked":["<span class=\"advgb-post-tax-term\">Discussions autour de la Bible<\/span>","<span class=\"advgb-post-tax-term\">Sp\u00e9ciales Groupes Bibliques Lyc\u00e9ens<\/span>"]},"tags":{"linked":["<a href=\"https:\/\/www.creusonslabible.fr\/?cat=105\" class=\"advgb-post-tax-term\">\u00e9crit<\/a>","<a href=\"https:\/\/www.creusonslabible.fr\/?cat=105\" class=\"advgb-post-tax-term\">\u00e9glise<\/a>","<a href=\"https:\/\/www.creusonslabible.fr\/?cat=105\" class=\"advgb-post-tax-term\">esp\u00e9rance<\/a>","<a href=\"https:\/\/www.creusonslabible.fr\/?cat=105\" class=\"advgb-post-tax-term\">tribu<\/a>"],"unlinked":["<span class=\"advgb-post-tax-term\">\u00e9crit<\/span>","<span class=\"advgb-post-tax-term\">\u00e9glise<\/span>","<span class=\"advgb-post-tax-term\">esp\u00e9rance<\/span>","<span class=\"advgb-post-tax-term\">tribu<\/span>"]}},"comment_count":"0","relative_dates":{"created":"Publi\u00e9 3 ans il y a","modified":"Mis \u00e0 jour 2 ans il y a"},"absolute_dates":{"created":"Publi\u00e9 le 14 f\u00e9vrier 2023","modified":"Mise \u00e0 jour le 17 septembre 2024"},"absolute_dates_time":{"created":"Publi\u00e9 le 14 f\u00e9vrier 2023 16h21","modified":"Mise \u00e0 jour le 17 septembre 2024 14h39"},"featured_img_caption":"","series_order":"","meta_box":[],"_links":{"self":[{"href":"https:\/\/www.creusonslabible.fr\/index.php?rest_route=\/wp\/v2\/posts\/8656","targetHints":{"allow":["GET"]}}],"collection":[{"href":"https:\/\/www.creusonslabible.fr\/index.php?rest_route=\/wp\/v2\/posts"}],"about":[{"href":"https:\/\/www.creusonslabible.fr\/index.php?rest_route=\/wp\/v2\/types\/post"}],"author":[{"embeddable":true,"href":"https:\/\/www.creusonslabible.fr\/index.php?rest_route=\/wp\/v2\/users\/6"}],"replies":[{"embeddable":true,"href":"https:\/\/www.creusonslabible.fr\/index.php?rest_route=%2Fwp%2Fv2%2Fcomments&post=8656"}],"version-history":[{"count":2,"href":"https:\/\/www.creusonslabible.fr\/index.php?rest_route=\/wp\/v2\/posts\/8656\/revisions"}],"predecessor-version":[{"id":9851,"href":"https:\/\/www.creusonslabible.fr\/index.php?rest_route=\/wp\/v2\/posts\/8656\/revisions\/9851"}],"wp:featuredmedia":[{"embeddable":true,"href":"https:\/\/www.creusonslabible.fr\/index.php?rest_route=\/wp\/v2\/media\/8657"}],"wp:attachment":[{"href":"https:\/\/www.creusonslabible.fr\/index.php?rest_route=%2Fwp%2Fv2%2Fmedia&parent=8656"}],"wp:term":[{"taxonomy":"category","embeddable":true,"href":"https:\/\/www.creusonslabible.fr\/index.php?rest_route=%2Fwp%2Fv2%2Fcategories&post=8656"},{"taxonomy":"post_tag","embeddable":true,"href":"https:\/\/www.creusonslabible.fr\/index.php?rest_route=%2Fwp%2Fv2%2Ftags&post=8656"},{"taxonomy":"video","embeddable":true,"href":"https:\/\/www.creusonslabible.fr\/index.php?rest_route=%2Fwp%2Fv2%2Fvideo&post=8656"},{"taxonomy":"audio","embeddable":true,"href":"https:\/\/www.creusonslabible.fr\/index.php?rest_route=%2Fwp%2Fv2%2Faudio&post=8656"},{"taxonomy":"ecrit","embeddable":true,"href":"https:\/\/www.creusonslabible.fr\/index.php?rest_route=%2Fwp%2Fv2%2Fecrit&post=8656"},{"taxonomy":"mis-en-avant","embeddable":true,"href":"https:\/\/www.creusonslabible.fr\/index.php?rest_route=%2Fwp%2Fv2%2Fmis-en-avant&post=8656"},{"taxonomy":"redacteur","embeddable":true,"href":"https:\/\/www.creusonslabible.fr\/index.php?rest_route=%2Fwp%2Fv2%2Fredacteur&post=8656"},{"taxonomy":"type-darticle","embeddable":true,"href":"https:\/\/www.creusonslabible.fr\/index.php?rest_route=%2Fwp%2Fv2%2Ftype-darticle&post=8656"}],"curies":[{"name":"wp","href":"https:\/\/api.w.org\/{rel}","templated":true}]}}