{"id":8820,"date":"2023-02-20T12:52:25","date_gmt":"2023-02-20T10:52:25","guid":{"rendered":"https:\/\/www.creusonslabible.fr\/?p=8820"},"modified":"2024-04-24T15:39:57","modified_gmt":"2024-04-24T13:39:57","slug":"1-corinthiens-15-1-19-foi-futile-ou-reelle","status":"publish","type":"post","link":"https:\/\/www.creusonslabible.fr\/?p=8820","title":{"rendered":"1 Corinthiens 15.1-19 : Foi futile ou r\u00e9elle ?"},"content":{"rendered":"\n<p><\/p>\n\n\n\n<h2 class=\"wp-block-heading\">Questions d&rsquo;intro<\/h2>\n\n\n\n<ul class=\"wp-block-list\">\n<li>Quel rapport avez-vous avec la mort ? <\/li>\n\n\n\n<li>Quelle place joue la r\u00e9surrection du Christ pour la foi chr\u00e9tienne ? <\/li>\n<\/ul>\n\n\n\n<p>Lisons attentivement 1 Cort 15 :1-19 pour mieux comprendre.<\/p>\n\n\n\n<h2 class=\"wp-block-heading\">1-11 Christ mort et ressuscit\u00e9 selon les Ecritures<\/h2>\n\n\n\n<ul class=\"wp-block-list\">\n<li>Quel est le contenu de la Bonne Nouvelle que Paul a annonc\u00e9e aux corinthiens ? (3-4)<\/li>\n\n\n\n<li>Quelles sont les preuves et les t\u00e9moignages de la r\u00e9surrection de J\u00e9sus mentionn\u00e9s dans ce passage ? <em>Selon les \u00c9critures (3,4) et selon diff\u00e9rents t\u00e9moins (5,6, 7, 8)<\/em><\/li>\n\n\n\n<li>Pour quelles raisons l\u2019ap\u00f4tre Paul affirme-t-il \u00eatre le moindre des ap\u00f4tres ? (9) Quelqu&rsquo;un peut-il raconter les circonstances de la rencontre de Paul avec J\u00e9sus ?<\/li>\n\n\n\n<li>Pourquoi insiste-t-il autant sur la gr\u00e2ce au v.10 ?<\/li>\n<\/ul>\n\n\n\n<ul class=\"wp-block-list\">\n<li>Pourquoi est-ce si important qu&rsquo;il y ait unanimit\u00e9 dans la proclamation de la r\u00e9surrection ?<\/li>\n<\/ul>\n\n\n\n<p><strong>Note :<\/strong> Paul se compare aux autres ap\u00f4tres car les corinthiens le mettaient en concurrence avec d&rsquo;autres pr\u00e9dicateurs (voir les 4 premiers chapitres).<\/p>\n\n\n\n<h2 class=\"wp-block-heading\">12-19 La R\u00e9surrection de J\u00e9sus, fondement de la foi<\/h2>\n\n\n\n<ul class=\"wp-block-list\">\n<li>Quel probl\u00e8me est relat\u00e9 dans ce passage ? (12-13)<\/li>\n\n\n\n<li>Quel lien y a-t-il entre la r\u00e9surrection des morts et celle de J\u00e9sus d&rsquo;apr\u00e8s Paul?<\/li>\n\n\n\n<li>S&rsquo;il n&rsquo;y a pas de r\u00e9surrection des morts, quelles sont les cons\u00e9quences pour la foi chr\u00e9tienne ?<\/li>\n\n\n\n<li>Les corinthiens sont devenus chr\u00e9tiens gr\u00e2ce \u00e0 la pr\u00e9dication de Paul. Montrez dans le texte des indices d&rsquo;une certaine d\u00e9ception de la part de l&rsquo;ap\u00f4tre. <em>Vv.14, 15, 17, 19<\/em>. <em>Ils font de Paul un faux-t\u00e9moin et ils rendent compl\u00e8tement inutile tout son travail avec eux !<\/em><\/li>\n\n\n\n<li>Pourquoi certains corinthiens ne croyaient-ils pas \u00e0 la r\u00e9surrections des corps ? <em>Influenc\u00e9s par la philosophie grecque qui m\u00e9prisait le mat\u00e9riel et glorifiait le spirituel, ils pensaient d\u00e9j\u00e0 avoir l&rsquo;essentiel du salut par la vie de l&rsquo;Esprit et n&rsquo;attendaient plus que la derni\u00e8re \u00e9tape de la d\u00e9livrance apport\u00e9e par le Christ\u00a0: la lib\u00e9ration de leur corps lors de la mort. <\/em><\/li>\n<\/ul>\n\n\n\n<h2 class=\"wp-block-heading\">Application<\/h2>\n\n\n\n<ul class=\"wp-block-list\">\n<li>S\u2019il t\u2019arrive aujourd\u2019hui de mourir, que va-t-il t&rsquo;arriver d&rsquo;apr\u00e8s toi ?<\/li>\n\n\n\n<li>Quels t\u00e9moignages\/proclamations\/exemples ont forg\u00e9 vos convictions spirituelles (chr\u00e9tiennes ou non) ? Comment savez-vous qu&rsquo;ils sont fiables ?<\/li>\n\n\n\n<li>Les nouvelles id\u00e9es \u00e0 la mode paraissent souvent meilleures que la tradition en place. Comment rester clairvoyants quant aux id\u00e9ologies actuelles ?<\/li>\n<\/ul>\n","protected":false},"excerpt":{"rendered":"<p>Questions d&rsquo;intro Lisons attentivement 1 Cort 15 :1-19 pour mieux comprendre. 1-11 Christ mort et ressuscit\u00e9 selon les Ecritures Note : Paul se compare aux autres ap\u00f4tres car les corinthiens le mettaient en concurrence avec d&rsquo;autres pr\u00e9dicateurs (voir les 4 premiers chapitres). 12-19 La R\u00e9surrection de J\u00e9sus, fondement de la foi Application<\/p>\n","protected":false},"author":3,"featured_media":8248,"comment_status":"open","ping_status":"closed","sticky":false,"template":"","format":"standard","meta":{"_acf_changed":false,"_eb_attr":"","advgb_blocks_editor_width":"","advgb_blocks_columns_visual_guide":"","footnotes":""},"categories":[10],"tags":[651,444],"video":[],"audio":[],"ecrit":[],"mis-en-avant":[],"redacteur":[],"type-darticle":[],"class_list":["post-8820","post","type-post","status-publish","format-standard","has-post-thumbnail","hentry","category-discussions-autour-de-la-bible","tag-ecrit","tag-resurrection"],"blocksy_meta":[],"acf":[],"featured_image_src":"https:\/\/www.creusonslabible.fr\/wp-content\/uploads\/2022\/07\/kelly-sikkema-fL5M_GgZ_w8-unsplash-1.jpg","author_info":{"display_name":"Yoh","author_link":"https:\/\/www.creusonslabible.fr\/?author=3"},"author_meta":{"display_name":"Yoh","author_link":"https:\/\/www.creusonslabible.fr\/?author=3"},"featured_img":"https:\/\/www.creusonslabible.fr\/wp-content\/uploads\/2022\/07\/kelly-sikkema-fL5M_GgZ_w8-unsplash-1-300x188.jpg","coauthors":[],"tax_additional":{"categories":{"linked":["<a href=\"https:\/\/www.creusonslabible.fr\/?cat=10\" class=\"advgb-post-tax-term\">Discussions autour de la Bible<\/a>"],"unlinked":["<span class=\"advgb-post-tax-term\">Discussions autour de la Bible<\/span>"]},"tags":{"linked":["<a href=\"https:\/\/www.creusonslabible.fr\/?cat=10\" class=\"advgb-post-tax-term\">\u00e9crit<\/a>","<a href=\"https:\/\/www.creusonslabible.fr\/?cat=10\" class=\"advgb-post-tax-term\">resurrection<\/a>"],"unlinked":["<span class=\"advgb-post-tax-term\">\u00e9crit<\/span>","<span class=\"advgb-post-tax-term\">resurrection<\/span>"]}},"comment_count":"0","relative_dates":{"created":"Publi\u00e9 3 ans il y a","modified":"Mis \u00e0 jour 2 ans il y a"},"absolute_dates":{"created":"Publi\u00e9 le 20 f\u00e9vrier 2023","modified":"Mise \u00e0 jour le 24 avril 2024"},"absolute_dates_time":{"created":"Publi\u00e9 le 20 f\u00e9vrier 2023 12h52","modified":"Mise \u00e0 jour le 24 avril 2024 15h39"},"featured_img_caption":"","series_order":"","meta_box":[],"_links":{"self":[{"href":"https:\/\/www.creusonslabible.fr\/index.php?rest_route=\/wp\/v2\/posts\/8820","targetHints":{"allow":["GET"]}}],"collection":[{"href":"https:\/\/www.creusonslabible.fr\/index.php?rest_route=\/wp\/v2\/posts"}],"about":[{"href":"https:\/\/www.creusonslabible.fr\/index.php?rest_route=\/wp\/v2\/types\/post"}],"author":[{"embeddable":true,"href":"https:\/\/www.creusonslabible.fr\/index.php?rest_route=\/wp\/v2\/users\/3"}],"replies":[{"embeddable":true,"href":"https:\/\/www.creusonslabible.fr\/index.php?rest_route=%2Fwp%2Fv2%2Fcomments&post=8820"}],"version-history":[{"count":1,"href":"https:\/\/www.creusonslabible.fr\/index.php?rest_route=\/wp\/v2\/posts\/8820\/revisions"}],"predecessor-version":[{"id":9561,"href":"https:\/\/www.creusonslabible.fr\/index.php?rest_route=\/wp\/v2\/posts\/8820\/revisions\/9561"}],"wp:featuredmedia":[{"embeddable":true,"href":"https:\/\/www.creusonslabible.fr\/index.php?rest_route=\/wp\/v2\/media\/8248"}],"wp:attachment":[{"href":"https:\/\/www.creusonslabible.fr\/index.php?rest_route=%2Fwp%2Fv2%2Fmedia&parent=8820"}],"wp:term":[{"taxonomy":"category","embeddable":true,"href":"https:\/\/www.creusonslabible.fr\/index.php?rest_route=%2Fwp%2Fv2%2Fcategories&post=8820"},{"taxonomy":"post_tag","embeddable":true,"href":"https:\/\/www.creusonslabible.fr\/index.php?rest_route=%2Fwp%2Fv2%2Ftags&post=8820"},{"taxonomy":"video","embeddable":true,"href":"https:\/\/www.creusonslabible.fr\/index.php?rest_route=%2Fwp%2Fv2%2Fvideo&post=8820"},{"taxonomy":"audio","embeddable":true,"href":"https:\/\/www.creusonslabible.fr\/index.php?rest_route=%2Fwp%2Fv2%2Faudio&post=8820"},{"taxonomy":"ecrit","embeddable":true,"href":"https:\/\/www.creusonslabible.fr\/index.php?rest_route=%2Fwp%2Fv2%2Fecrit&post=8820"},{"taxonomy":"mis-en-avant","embeddable":true,"href":"https:\/\/www.creusonslabible.fr\/index.php?rest_route=%2Fwp%2Fv2%2Fmis-en-avant&post=8820"},{"taxonomy":"redacteur","embeddable":true,"href":"https:\/\/www.creusonslabible.fr\/index.php?rest_route=%2Fwp%2Fv2%2Fredacteur&post=8820"},{"taxonomy":"type-darticle","embeddable":true,"href":"https:\/\/www.creusonslabible.fr\/index.php?rest_route=%2Fwp%2Fv2%2Ftype-darticle&post=8820"}],"curies":[{"name":"wp","href":"https:\/\/api.w.org\/{rel}","templated":true}]}}