{"id":8822,"date":"2023-02-22T13:26:26","date_gmt":"2023-02-22T11:26:26","guid":{"rendered":"https:\/\/www.creusonslabible.fr\/?p=8822"},"modified":"2024-04-24T15:39:56","modified_gmt":"2024-04-24T13:39:56","slug":"1-corinthiens-15-20-34-les-implications-de-la-resurrection","status":"publish","type":"post","link":"https:\/\/www.creusonslabible.fr\/?p=8822","title":{"rendered":"1 Corinthiens 15.20-34 : Les implications de la r\u00e9surrection"},"content":{"rendered":"\n<p>Apr\u00e8s une premi\u00e8re partie o\u00f9 il a rappel\u00e9 que la r\u00e9surrection est au coeur de la foi chr\u00e9tienne, Paul continue son argumentaire.<\/p>\n\n\n\n<h2 class=\"wp-block-heading\">Question\/activit\u00e9 d&rsquo;intro<\/h2>\n\n\n\n<ul class=\"wp-block-list\">\n<li>Que se passe-t-il entre la croix et l&rsquo;\u00e9ternit\u00e9 ? Pour J\u00e9sus ? Pour les chr\u00e9tiens ? Pour les non chr\u00e9tiens ?<\/li>\n\n\n\n<li>Variante : faire une frise chronologique et demander \u00e0 chacun de placer des \u00e9tapes entre la croix et l&rsquo;\u00e9ternit\u00e9.<\/li>\n<\/ul>\n\n\n\n<h2 class=\"wp-block-heading\"><br \/>20-28 : Christ, pr\u00e9mices de la r\u00e9surrection<\/h2>\n\n\n\n<ul class=\"wp-block-list\">\n<li><br \/>Pourquoi est-il important que J\u00e9sus soit ressuscit\u00e9 d&rsquo;apr\u00e8s les vv.20-22 ?<\/li>\n\n\n\n<li>\u00c0 qui J\u00e9sus est-il compar\u00e9 et pourquoi ?<\/li>\n\n\n\n<li>Qui ressuscite ? <\/li>\n\n\n\n<li>Apr\u00e8s la r\u00e9surrection, qu&rsquo;est-ce qui se passe ? Dans quel ordre ?<\/li>\n\n\n\n<li>Pourquoi la mort est-elle le dernier ennemi qui sera d\u00e9truit par Christ (26) ?<\/li>\n\n\n\n<li>Qu\u2019est ce que ce passage nous r\u00e9v\u00e8le sur la relation entre J\u00e9sus et Dieu ?<\/li>\n\n\n\n<li>Pour r\u00e9sumer, pourquoi la r\u00e9surrection est-elle vraiment capitale dans le plan de Dieu ?<\/li>\n<\/ul>\n\n\n\n<h2 class=\"wp-block-heading\"><br \/>29-34 : La r\u00e9surrection de Christ, motif de l&rsquo;engagement<\/h2>\n\n\n\n<p><br \/>On ne parle pas du v.29 tout de suite mais on revient dessus apr\u00e8s : patience !<\/p>\n\n\n\n<ul class=\"wp-block-list\">\n<li>Il a l&rsquo;air d&rsquo;\u00eatre comment le travail de Paul ?<\/li>\n\n\n\n<li>Qu&rsquo;est-ce que l&rsquo;esp\u00e9rance de la r\u00e9surrection apporte au minist\u00e8re de Paul ?<\/li>\n\n\n\n<li>S&rsquo;il n&rsquo;y avait pas de r\u00e9surrection, que ferait Paul ? <\/li>\n\n\n\n<li>Trouvez-vous le raisonnement logique ? Pourquoi ?<\/li>\n\n\n\n<li>Que doivent faire les corinthiens face \u00e0 ceux qui nient la r\u00e9surrection d&rsquo;apr\u00e8s les vv.33-34 ?<\/li>\n<\/ul>\n\n\n\n<p>Le v.29 pose un probl\u00e8me car il parle d&rsquo;une pratique qui n&rsquo;est attest\u00e9e ni chez les chr\u00e9tiens, ni chez les juifs, ni chez les pa\u00efens. De plus, Paul ne la d\u00e9nonce pas, ce qui est encore plus bizarre ! Il faut donc bien r\u00e9fl\u00e9chir. Nous avons 2 pistes :<\/p>\n\n\n\n<ul class=\"wp-block-list\">\n<li><strong>Le contexte.<\/strong> Le v.30 est clairement une prolongation du v.29 : quel rapport peut-il donc y avoir entre vv30-32 (que nous comprenons bien) et le v.29 ? <em>Le fait de se mettre en p\u00e9ril, de risquer la mort<\/em><\/li>\n\n\n\n<li><strong>D&rsquo;autres r\u00e9f\u00e9rences \u00e0 un bapt\u00eame en rapport avec la mort dans le Nouveau Testament. <\/strong>Lisez Marc 10.35-40 : <\/li>\n<\/ul>\n\n\n\n<blockquote class=\"wp-block-quote is-layout-flow wp-block-quote-is-layout-flow\">\n<p>35 Les deux fils de Z\u00e9b\u00e9d\u00e9e, Jacques et Jean, viennent lui dire : Ma\u00eetre, nous voudrions que tu fasses pour nous ce que nous te demanderons. 36 Il leur dit : Que voulez-vous que je fasse pour vous ? 37 \u2013 Donne-nous, lui dirent-ils, de nous asseoir l&rsquo;un \u00e0 ta droite et l&rsquo;autre \u00e0 ta gauche dans ta gloire. 38 J\u00e9sus leur dit : Vous ne savez pas ce que vous demandez. Pouvez-vous boire la coupe que, moi, je bois, ou recevoir le bapt\u00eame que, moi, je re\u00e7ois ? 39 Ils lui dirent : Nous le pouvons. J\u00e9sus leur r\u00e9pondit : La coupe que, moi, je bois, vous la boirez, et vous recevrez le bapt\u00eame que je re\u00e7ois ; 40 mais pour ce qui est de s&rsquo;asseoir \u00e0 ma droite ou \u00e0 ma gauche, ce n&rsquo;est pas \u00e0 moi de le donner ; les places sont \u00e0 ceux pour qui elles ont \u00e9t\u00e9 pr\u00e9par\u00e9es.<\/p>\n<\/blockquote>\n\n\n\n<ul class=\"wp-block-list\">\n<li>Quel est ce bapt\u00eame que J\u00e9sus doit recevoir (ainsi que Jacques et Jean) ? <em>Une mise \u00e0 mort \u00e0 cause de l&rsquo;\u00c9vangile. <\/em><\/li>\n\n\n\n<li>D&rsquo;apr\u00e8s ces 2 pistes, que veut probablement dire \u00ab\u00a0le bapt\u00eame pour les morts\u00a0\u00bb ? <em>Le fait de se mettre en p\u00e9ril pour l&rsquo;\u00c9vangile<\/em><\/li>\n<\/ul>\n\n\n\n<ul class=\"wp-block-list\">\n<li>Pour r\u00e9sumer, pourquoi la r\u00e9surrection est-elle capitale pour la vie chr\u00e9tienne ?<\/li>\n<\/ul>\n\n\n\n<h2 class=\"wp-block-heading\"><br \/>Application<\/h2>\n\n\n\n<ul class=\"wp-block-list\">\n<li><br \/>Qu&rsquo;est-ce que la r\u00e9surrection change dans notre rapport \u00e0 la mort ? <\/li>\n\n\n\n<li>Qu&rsquo;est-ce que la r\u00e9surrection change \u00e0 notre mani\u00e8re d&rsquo;utiliser notre temps ? Sommes-nous du genre \u00ab\u00a0mangeons et buvons car demain nous mourrons\u00a0\u00bb ou \u00ab\u00a0je me mets en danger pour servir J\u00e9sus\u00a0\u00bb ?<\/li>\n\n\n\n<li>Certains \u00ab\u00a0chr\u00e9tiens\u00a0\u00bb modernistes ou mat\u00e9rialistes nient l&rsquo;id\u00e9e d&rsquo;une vraie r\u00e9surrection corporelle. Pour quelles raisons d&rsquo;apr\u00e8s vous ? <\/li>\n<\/ul>\n","protected":false},"excerpt":{"rendered":"<p>Apr\u00e8s une premi\u00e8re partie o\u00f9 il a rappel\u00e9 que la r\u00e9surrection est au coeur de la foi chr\u00e9tienne, Paul continue son argumentaire. Question\/activit\u00e9 d&rsquo;intro 20-28 : Christ, pr\u00e9mices de la r\u00e9surrection 29-34 : La r\u00e9surrection de Christ, motif de l&rsquo;engagement On ne parle pas du v.29 tout de suite mais on revient dessus apr\u00e8s : [&hellip;]<\/p>\n","protected":false},"author":3,"featured_media":8248,"comment_status":"open","ping_status":"closed","sticky":false,"template":"","format":"standard","meta":{"_acf_changed":false,"_eb_attr":"","advgb_blocks_editor_width":"","advgb_blocks_columns_visual_guide":"","footnotes":""},"categories":[10],"tags":[651,444],"video":[],"audio":[],"ecrit":[],"mis-en-avant":[],"redacteur":[],"type-darticle":[],"class_list":["post-8822","post","type-post","status-publish","format-standard","has-post-thumbnail","hentry","category-discussions-autour-de-la-bible","tag-ecrit","tag-resurrection"],"blocksy_meta":[],"acf":[],"featured_image_src":"https:\/\/www.creusonslabible.fr\/wp-content\/uploads\/2022\/07\/kelly-sikkema-fL5M_GgZ_w8-unsplash-1.jpg","author_info":{"display_name":"Yoh","author_link":"https:\/\/www.creusonslabible.fr\/?author=3"},"author_meta":{"display_name":"Yoh","author_link":"https:\/\/www.creusonslabible.fr\/?author=3"},"featured_img":"https:\/\/www.creusonslabible.fr\/wp-content\/uploads\/2022\/07\/kelly-sikkema-fL5M_GgZ_w8-unsplash-1-300x188.jpg","coauthors":[],"tax_additional":{"categories":{"linked":["<a href=\"https:\/\/www.creusonslabible.fr\/?cat=10\" class=\"advgb-post-tax-term\">Discussions autour de la Bible<\/a>"],"unlinked":["<span class=\"advgb-post-tax-term\">Discussions autour de la Bible<\/span>"]},"tags":{"linked":["<a href=\"https:\/\/www.creusonslabible.fr\/?cat=10\" class=\"advgb-post-tax-term\">\u00e9crit<\/a>","<a href=\"https:\/\/www.creusonslabible.fr\/?cat=10\" class=\"advgb-post-tax-term\">resurrection<\/a>"],"unlinked":["<span class=\"advgb-post-tax-term\">\u00e9crit<\/span>","<span class=\"advgb-post-tax-term\">resurrection<\/span>"]}},"comment_count":"0","relative_dates":{"created":"Publi\u00e9 3 ans il y a","modified":"Mis \u00e0 jour 2 ans il y a"},"absolute_dates":{"created":"Publi\u00e9 le 22 f\u00e9vrier 2023","modified":"Mise \u00e0 jour le 24 avril 2024"},"absolute_dates_time":{"created":"Publi\u00e9 le 22 f\u00e9vrier 2023 13h26","modified":"Mise \u00e0 jour le 24 avril 2024 15h39"},"featured_img_caption":"","series_order":"","meta_box":[],"_links":{"self":[{"href":"https:\/\/www.creusonslabible.fr\/index.php?rest_route=\/wp\/v2\/posts\/8822","targetHints":{"allow":["GET"]}}],"collection":[{"href":"https:\/\/www.creusonslabible.fr\/index.php?rest_route=\/wp\/v2\/posts"}],"about":[{"href":"https:\/\/www.creusonslabible.fr\/index.php?rest_route=\/wp\/v2\/types\/post"}],"author":[{"embeddable":true,"href":"https:\/\/www.creusonslabible.fr\/index.php?rest_route=\/wp\/v2\/users\/3"}],"replies":[{"embeddable":true,"href":"https:\/\/www.creusonslabible.fr\/index.php?rest_route=%2Fwp%2Fv2%2Fcomments&post=8822"}],"version-history":[{"count":1,"href":"https:\/\/www.creusonslabible.fr\/index.php?rest_route=\/wp\/v2\/posts\/8822\/revisions"}],"predecessor-version":[{"id":9559,"href":"https:\/\/www.creusonslabible.fr\/index.php?rest_route=\/wp\/v2\/posts\/8822\/revisions\/9559"}],"wp:featuredmedia":[{"embeddable":true,"href":"https:\/\/www.creusonslabible.fr\/index.php?rest_route=\/wp\/v2\/media\/8248"}],"wp:attachment":[{"href":"https:\/\/www.creusonslabible.fr\/index.php?rest_route=%2Fwp%2Fv2%2Fmedia&parent=8822"}],"wp:term":[{"taxonomy":"category","embeddable":true,"href":"https:\/\/www.creusonslabible.fr\/index.php?rest_route=%2Fwp%2Fv2%2Fcategories&post=8822"},{"taxonomy":"post_tag","embeddable":true,"href":"https:\/\/www.creusonslabible.fr\/index.php?rest_route=%2Fwp%2Fv2%2Ftags&post=8822"},{"taxonomy":"video","embeddable":true,"href":"https:\/\/www.creusonslabible.fr\/index.php?rest_route=%2Fwp%2Fv2%2Fvideo&post=8822"},{"taxonomy":"audio","embeddable":true,"href":"https:\/\/www.creusonslabible.fr\/index.php?rest_route=%2Fwp%2Fv2%2Faudio&post=8822"},{"taxonomy":"ecrit","embeddable":true,"href":"https:\/\/www.creusonslabible.fr\/index.php?rest_route=%2Fwp%2Fv2%2Fecrit&post=8822"},{"taxonomy":"mis-en-avant","embeddable":true,"href":"https:\/\/www.creusonslabible.fr\/index.php?rest_route=%2Fwp%2Fv2%2Fmis-en-avant&post=8822"},{"taxonomy":"redacteur","embeddable":true,"href":"https:\/\/www.creusonslabible.fr\/index.php?rest_route=%2Fwp%2Fv2%2Fredacteur&post=8822"},{"taxonomy":"type-darticle","embeddable":true,"href":"https:\/\/www.creusonslabible.fr\/index.php?rest_route=%2Fwp%2Fv2%2Ftype-darticle&post=8822"}],"curies":[{"name":"wp","href":"https:\/\/api.w.org\/{rel}","templated":true}]}}