{"id":8936,"date":"2023-06-26T14:14:35","date_gmt":"2023-06-26T12:14:35","guid":{"rendered":"https:\/\/www.creusonslabible.fr\/?p=8936"},"modified":"2024-04-24T15:45:45","modified_gmt":"2024-04-24T13:45:45","slug":"fidele-jusqua-la-mort","status":"publish","type":"post","link":"https:\/\/www.creusonslabible.fr\/?p=8936","title":{"rendered":"Fid\u00e8le jusqu\u2019\u00e0 la mort\u00a0?"},"content":{"rendered":"\n<h2 class=\"wp-block-heading\">Les derniers moments de J\u00e9sus dans l&rsquo;\u00e9vangile de Matthieu<\/h2>\n\n\n\n<p>Comment r\u00e9agissez-vous quand \u00e7a ne va pas ? Juste avant de se faire arr\u00eater, J\u00e9sus veille et prie pour ne pas c\u00e9der \u00e0 la tentation. Ses disciples, eux, s\u2019endorment et ne prient pas ! J\u00e9sus va rester fid\u00e8le au plan de Dieu malgr\u00e9 l\u2019\u00e9preuve, ses disciples vont fuir. Nous allons voir dans&nbsp;<strong>les derniers chapitres de l\u2019\u00e9vangile de Matthieu<\/strong>&nbsp;quel est l\u2019\u00e9tat d\u2019esprit n\u00e9cessaire pour imiter J\u00e9sus et ainsi accomplir la volont\u00e9 de notre P\u00e8re malgr\u00e9 les difficult\u00e9s.<\/p>\n\n\n\n<p>Enregistrements effectu\u00e9s pendant le Camp Formation des GBU en juin 2023.<\/p>\n\n\n\n<h2 class=\"wp-block-heading\"><strong>Un homme comme nous (ou presque)<\/strong> : <strong>M<strong>atthieu<\/strong> 26.36-46&nbsp;<\/strong><\/h2>\n\n\n\n<figure class=\"wp-block-audio\"><audio controls src=\"https:\/\/www.creusonslabible.fr\/audio\/AFLF%20juin%2023\/1.%20Un%20homme%20comme%20nous.m4a\"><\/audio><\/figure>\n\n\n\n<h2 class=\"wp-block-heading\"><strong>\u00c0 l&rsquo;attaque !<\/strong> <strong>Matthieu 26.47-56<\/strong><\/h2>\n\n\n\n<figure class=\"wp-block-audio\"><audio controls src=\"https:\/\/www.creusonslabible.fr\/audio\/AFLF%20juin%2023\/2.%20A%20l'attaque.m4a\"><\/audio><\/figure>\n\n\n\n<h2 class=\"wp-block-heading\"><strong>Qui est cet homme&nbsp;?<\/strong> <strong>Matthieu 26.57-75&nbsp;<\/strong><\/h2>\n\n\n\n<figure class=\"wp-block-audio\"><audio controls src=\"https:\/\/www.creusonslabible.fr\/audio\/AFLF%20juin%2023\/3.%20Qui%20est%20cet%20homme.m4a\"><\/audio><\/figure>\n\n\n\n<h2 class=\"wp-block-heading\"><strong>Matthieu 27.1-26&nbsp;: Pas mes affaires&nbsp;!<\/strong><\/h2>\n\n\n\n<figure class=\"wp-block-audio\"><audio controls src=\"https:\/\/www.creusonslabible.fr\/audio\/AFLF%20juin%2023\/4.%20Pas%20mon%20affaire.m4a\"><\/audio><\/figure>\n\n\n\n<h2 class=\"wp-block-heading\"><strong>Matthieu 27.27-44&nbsp;: <\/strong>Tentations<\/h2>\n\n\n\n<figure class=\"wp-block-audio\"><audio controls src=\"https:\/\/creusonslabible.fr\/audio\/AFLF%20juin%2023\/5.%20Tentations.m4a\"><\/audio><\/figure>\n\n\n\n<h2 class=\"wp-block-heading\">Pas une trag\u00e9die, une com\u00e9die ! Matthieu 27.45-28.20<\/h2>\n\n\n\n<figure class=\"wp-block-audio\"><audio controls src=\"https:\/\/creusonslabible.fr\/audio\/AFLF%20juin%2023\/6.%20Com\u00e9die%20pas%20trag\u00e9die.m4a\"><\/audio><\/figure>\n","protected":false},"excerpt":{"rendered":"<p>Les derniers moments de J\u00e9sus dans l&rsquo;\u00e9vangile de Matthieu Comment r\u00e9agissez-vous quand \u00e7a ne va pas ? Juste avant de se faire arr\u00eater, J\u00e9sus veille et prie pour ne pas c\u00e9der \u00e0 la tentation. Ses disciples, eux, s\u2019endorment et ne prient pas ! J\u00e9sus va rester fid\u00e8le au plan de Dieu malgr\u00e9 l\u2019\u00e9preuve, ses disciples [&hellip;]<\/p>\n","protected":false},"author":3,"featured_media":8942,"comment_status":"open","ping_status":"closed","sticky":false,"template":"","format":"standard","meta":{"_acf_changed":false,"_eb_attr":"","advgb_blocks_editor_width":"","advgb_blocks_columns_visual_guide":"","footnotes":""},"categories":[24],"tags":[381,657,301,352,408,346],"video":[],"audio":[],"ecrit":[],"mis-en-avant":[],"redacteur":[],"type-darticle":[],"class_list":["post-8936","post","type-post","status-publish","format-standard","has-post-thumbnail","hentry","category-textes-bibliques-commentes","tag-aflf","tag-audio","tag-croix","tag-disciples","tag-matthieu","tag-priere"],"blocksy_meta":[],"acf":[],"featured_image_src":"https:\/\/www.creusonslabible.fr\/wp-content\/uploads\/2023\/06\/jehyun-sung-6U5AEmQIajg-unsplash-scaled-2.jpg","author_info":{"display_name":"Yoh","author_link":"https:\/\/www.creusonslabible.fr\/?author=3"},"author_meta":{"display_name":"Yoh","author_link":"https:\/\/www.creusonslabible.fr\/?author=3"},"featured_img":"https:\/\/www.creusonslabible.fr\/wp-content\/uploads\/2023\/06\/jehyun-sung-6U5AEmQIajg-unsplash-scaled-2-300x200.jpg","coauthors":[],"tax_additional":{"categories":{"linked":["<a href=\"https:\/\/www.creusonslabible.fr\/?cat=24\" class=\"advgb-post-tax-term\">Textes Bibliques comment\u00e9s<\/a>"],"unlinked":["<span class=\"advgb-post-tax-term\">Textes Bibliques comment\u00e9s<\/span>"]},"tags":{"linked":["<a href=\"https:\/\/www.creusonslabible.fr\/?cat=24\" class=\"advgb-post-tax-term\">AFLF<\/a>","<a href=\"https:\/\/www.creusonslabible.fr\/?cat=24\" class=\"advgb-post-tax-term\">audio<\/a>","<a href=\"https:\/\/www.creusonslabible.fr\/?cat=24\" class=\"advgb-post-tax-term\">croix<\/a>","<a href=\"https:\/\/www.creusonslabible.fr\/?cat=24\" class=\"advgb-post-tax-term\">disciples<\/a>","<a href=\"https:\/\/www.creusonslabible.fr\/?cat=24\" class=\"advgb-post-tax-term\">Matthieu<\/a>","<a href=\"https:\/\/www.creusonslabible.fr\/?cat=24\" class=\"advgb-post-tax-term\">Pri\u00e8re<\/a>"],"unlinked":["<span class=\"advgb-post-tax-term\">AFLF<\/span>","<span class=\"advgb-post-tax-term\">audio<\/span>","<span class=\"advgb-post-tax-term\">croix<\/span>","<span class=\"advgb-post-tax-term\">disciples<\/span>","<span class=\"advgb-post-tax-term\">Matthieu<\/span>","<span class=\"advgb-post-tax-term\">Pri\u00e8re<\/span>"]}},"comment_count":"0","relative_dates":{"created":"Publi\u00e9 3 ans il y a","modified":"Mis \u00e0 jour 2 ans il y a"},"absolute_dates":{"created":"Publi\u00e9 le 26 juin 2023","modified":"Mise \u00e0 jour le 24 avril 2024"},"absolute_dates_time":{"created":"Publi\u00e9 le 26 juin 2023 14h14","modified":"Mise \u00e0 jour le 24 avril 2024 15h45"},"featured_img_caption":"","series_order":"","meta_box":[],"_links":{"self":[{"href":"https:\/\/www.creusonslabible.fr\/index.php?rest_route=\/wp\/v2\/posts\/8936","targetHints":{"allow":["GET"]}}],"collection":[{"href":"https:\/\/www.creusonslabible.fr\/index.php?rest_route=\/wp\/v2\/posts"}],"about":[{"href":"https:\/\/www.creusonslabible.fr\/index.php?rest_route=\/wp\/v2\/types\/post"}],"author":[{"embeddable":true,"href":"https:\/\/www.creusonslabible.fr\/index.php?rest_route=\/wp\/v2\/users\/3"}],"replies":[{"embeddable":true,"href":"https:\/\/www.creusonslabible.fr\/index.php?rest_route=%2Fwp%2Fv2%2Fcomments&post=8936"}],"version-history":[{"count":1,"href":"https:\/\/www.creusonslabible.fr\/index.php?rest_route=\/wp\/v2\/posts\/8936\/revisions"}],"predecessor-version":[{"id":9595,"href":"https:\/\/www.creusonslabible.fr\/index.php?rest_route=\/wp\/v2\/posts\/8936\/revisions\/9595"}],"wp:featuredmedia":[{"embeddable":true,"href":"https:\/\/www.creusonslabible.fr\/index.php?rest_route=\/wp\/v2\/media\/8942"}],"wp:attachment":[{"href":"https:\/\/www.creusonslabible.fr\/index.php?rest_route=%2Fwp%2Fv2%2Fmedia&parent=8936"}],"wp:term":[{"taxonomy":"category","embeddable":true,"href":"https:\/\/www.creusonslabible.fr\/index.php?rest_route=%2Fwp%2Fv2%2Fcategories&post=8936"},{"taxonomy":"post_tag","embeddable":true,"href":"https:\/\/www.creusonslabible.fr\/index.php?rest_route=%2Fwp%2Fv2%2Ftags&post=8936"},{"taxonomy":"video","embeddable":true,"href":"https:\/\/www.creusonslabible.fr\/index.php?rest_route=%2Fwp%2Fv2%2Fvideo&post=8936"},{"taxonomy":"audio","embeddable":true,"href":"https:\/\/www.creusonslabible.fr\/index.php?rest_route=%2Fwp%2Fv2%2Faudio&post=8936"},{"taxonomy":"ecrit","embeddable":true,"href":"https:\/\/www.creusonslabible.fr\/index.php?rest_route=%2Fwp%2Fv2%2Fecrit&post=8936"},{"taxonomy":"mis-en-avant","embeddable":true,"href":"https:\/\/www.creusonslabible.fr\/index.php?rest_route=%2Fwp%2Fv2%2Fmis-en-avant&post=8936"},{"taxonomy":"redacteur","embeddable":true,"href":"https:\/\/www.creusonslabible.fr\/index.php?rest_route=%2Fwp%2Fv2%2Fredacteur&post=8936"},{"taxonomy":"type-darticle","embeddable":true,"href":"https:\/\/www.creusonslabible.fr\/index.php?rest_route=%2Fwp%2Fv2%2Ftype-darticle&post=8936"}],"curies":[{"name":"wp","href":"https:\/\/api.w.org\/{rel}","templated":true}]}}