{"id":8959,"date":"2023-06-28T15:34:02","date_gmt":"2023-06-28T13:34:02","guid":{"rendered":"https:\/\/www.creusonslabible.fr\/?p=8959"},"modified":"2025-07-29T17:27:22","modified_gmt":"2025-07-29T15:27:22","slug":"ephesiens-4-1-16-ensemble-et-humble-pour-grandir","status":"publish","type":"post","link":"https:\/\/www.creusonslabible.fr\/?p=8959","title":{"rendered":"\u00c9ph\u00e9siens 4.1-16 : Ensemble, et humble pour grandir"},"content":{"rendered":"<figure class=\"wp-block-post-featured-image\"><img loading=\"lazy\" decoding=\"async\" width=\"1280\" height=\"853\" src=\"https:\/\/www.creusonslabible.fr\/wp-content\/uploads\/2023\/06\/Eph-DAB-6-1.jpg\" class=\"attachment-post-thumbnail size-post-thumbnail wp-post-image\" alt=\"\" style=\"object-fit:cover;\" srcset=\"https:\/\/www.creusonslabible.fr\/wp-content\/uploads\/2023\/06\/Eph-DAB-6-1.jpg 1280w, https:\/\/www.creusonslabible.fr\/wp-content\/uploads\/2023\/06\/Eph-DAB-6-1-300x200.jpg 300w, https:\/\/www.creusonslabible.fr\/wp-content\/uploads\/2023\/06\/Eph-DAB-6-1-1024x682.jpg 1024w, https:\/\/www.creusonslabible.fr\/wp-content\/uploads\/2023\/06\/Eph-DAB-6-1-768x512.jpg 768w, https:\/\/www.creusonslabible.fr\/wp-content\/uploads\/2023\/06\/Eph-DAB-6-1-1200x800.jpg 1200w\" sizes=\"auto, (max-width: 1280px) 100vw, 1280px\" \/><\/figure>\n\n\n<p class=\"ticss-807ec613 has-large-font-size\"><strong>Accroche :<\/strong><\/p>\n\n\n\n<p class=\"has-small-font-size\">Regardez cela :<\/p>\n\n\n\n<figure class=\"wp-block-embed is-type-video is-provider-youtube wp-block-embed-youtube wp-embed-aspect-16-9 wp-has-aspect-ratio\"><div class=\"wp-block-embed__wrapper\">\n<iframe loading=\"lazy\" title=\"Travail d&#039;\u00e9quipe et Groupe. Pub &quot;Lijn&quot;\" width=\"1290\" height=\"726\" src=\"https:\/\/www.youtube.com\/embed\/T3FJivSwveM?feature=oembed\" frameborder=\"0\" allow=\"accelerometer; autoplay; clipboard-write; encrypted-media; gyroscope; picture-in-picture; web-share\" referrerpolicy=\"strict-origin-when-cross-origin\" allowfullscreen><\/iframe>\n<\/div><\/figure>\n\n\n\n<p>De quelles qualit\u00e9s ont-ils besoin pour r\u00e9ussir ?&nbsp; Qu\u2019est-ce qui pourrait les emp\u00eacher de r\u00e9ussir ?<\/p>\n\n\n\n<p><strong>Lire le texte<\/strong><\/p>\n\n\n\n<p class=\"has-medium-font-size\"><strong>Points \u00e0 expliquer:<\/strong><\/p>\n\n\n\n<p><em>\u201cPrisonnier \u00e0 cause du Seigneur\u201d<\/em>: Paul \u00e9crit cette lettre pendant qu\u2019il est prisonnier \u00e0 Rome \u00e0 cause de sa foi.<\/p>\n\n\n\n<p><em>\u201cEsprit\u201d<\/em>: l\u2019Esprit est l\u2019une des personnes de la trinit\u00e9. Il convainc de p\u00e9ch\u00e9, de justice et de jugement, il fait conna\u00eetre les r\u00e9alit\u00e9s de Dieu aux hommes et \u00e9quipe les croyants pour faire fonctionner l\u2019Eglise<\/p>\n\n\n\n<p><em>\u201cbapt\u00eame\u201d<\/em>: deux compr\u00e9hensions possibles:&nbsp; confesser Dieu publiquement ou recevoir l\u2019Esprit de Dieu<\/p>\n\n\n\n<p class=\"has-large-font-size\"><strong>Observation du texte : Puzzle<\/strong><\/p>\n\n\n\n<p>Par petits groupes, prenez une feuille de papier et dessinez des pi\u00e8ces de puzzle que vous d\u00e9coupez. \u00c9crivez sur chacune d\u2019elles les termes de ce texte qui se rattachent au th\u00e8me de \u201cl\u2019unit\u00e9\u201d et mettez en commun.&nbsp;<\/p>\n\n\n\n<p class=\"has-large-font-size\"><strong>C\u0153ur du passage<\/strong><\/p>\n\n\n\n<p class=\"has-medium-font-size\"><strong>&nbsp;V1-6 : 1 seul, est-ce possible ?<\/strong><\/p>\n\n\n\n<ul class=\"wp-block-list\">\n<li><strong>Quel est cet appel qu\u2019ont re\u00e7u les Eph\u00e9siens ? Pourquoi cet appel serait-il suffisant pour les motiver \u00e0 \u00eatre humbles, doux, patients etc. ? <\/strong><em>Le mot \u00ab digne \u00bb en grec \u00e9voque l\u2019action de mettre au m\u00eame niveau les deux branches d\u2019une balance. Dans les chapitres pr\u00e9c\u00e9dents, Paul a parl\u00e9 de tous les privil\u00e8ges du chr\u00e9tien. Il a d\u00e9velopp\u00e9 le salut et la gr\u00e2ce pour les hommes : c\u2019est le c\u00f4t\u00e9 gauche de la balance ! Maintenant, il veut que l\u2019on aligne sa vie \u00e0 ces v\u00e9rit\u00e9s : c\u2019est le c\u00f4t\u00e9 droit de la balance !<\/em><\/li>\n<\/ul>\n\n\n\n<ul class=\"wp-block-list\">\n<li><strong>Regardez la liste de qualit\u00e9s auxquelles les chr\u00e9tiens sont appel\u00e9s. Quels points communs ont-elles, Qu\u2019est-ce qui les relie ? <\/strong>Ce sont des qualit\u00e9s qui touchent l\u2019aspect relationnel<\/li>\n<\/ul>\n\n\n\n<ul class=\"wp-block-list\">\n<li><strong>Personnellement, est-ce qu\u2019il y a des qualit\u00e9s qui vous paraissent plus difficiles \u00e0 atteindre que d\u2019autres? Si, selon le texte, ces recommandations sont si difficiles \u00e0 appliquer, comment deviennent-elles atteignables selon Paul ? En quoi cela est-il li\u00e9 \u00e0 l\u2019unit\u00e9 ?<\/strong> <strong>A quoi tient cette unit\u00e9 ? n\u2019est-ce pas une illusion ?<\/strong> Elle tient \u00e0 l\u2019Esprit v3.&nbsp;<\/li>\n<\/ul>\n\n\n\n<p>C\u2019est parce que les Eph\u00e9siens partagent une seule esp\u00e9rance, un seul seigneur, une seule foi, un seul bapt\u00eame, un seul Dieu et p\u00e8re et qu\u2019ils ont l\u2019aide du Saint Esprit, qu\u2019ils peuvent atteindre ces qualit\u00e9s.&nbsp;<\/p>\n\n\n\n<ul class=\"wp-block-list\">\n<li><strong>En quoi cette liste de \u00ab un seul \u00bb est-elle r\u00e9volutionnaire (et choquante) pour notre soci\u00e9t\u00e9 ? Pourtant c\u2019est cela qui nous lie, pourquoi ?<\/strong> Si on dit qu\u2019il y a une seule v\u00e9rit\u00e9, on est per\u00e7u comme intol\u00e9rants.<\/li>\n<\/ul>\n\n\n\n<p class=\"has-medium-font-size\"><strong>&nbsp;V7-12 : Des enseignants pour vous rendre aptes (\u00e0 servir)<\/strong><\/p>\n\n\n\n<ul class=\"wp-block-list\">\n<li><strong>Pourquoi Paul utilise-t-il l&rsquo;image de Christ qui descend et remonte au ciel ? \u00e0 quoi fait-il r\u00e9f\u00e9rence et pourquoi ? (regardez Psaumes 68.19) <\/strong>Ps 68.19 : d\u00e9crit la mont\u00e9e d\u2019un chef victorieux, ici Dieu. Il est suivi de son cort\u00e8ge victorieux, en g\u00e9n\u00e9ral les prisonniers de guerre, et revient avec un butin pour le peuple. Dans la lettre aux \u00e9ph\u00e9siens, ce serait Christ qui, victorieux, reviendrait avec des dons pour les hommes.&nbsp;<\/li>\n<\/ul>\n\n\n\n<ul class=\"wp-block-list\">\n<li><strong>Quel est le butin que Christ a rapport\u00e9 ? Essayez de comprendre chacun des r\u00f4les<\/strong>.&nbsp;<\/li>\n<\/ul>\n\n\n\n<p><em>D<\/em>es personnes qui enseignent l\u2019\u00e9vangile, qui expliquent et appliquent la parole \u00e0 notre contexte, qui s&rsquo;occupent de l\u2019\u00e9glise et qui l\u2019enseignent.&nbsp;<\/p>\n\n\n\n<p><em>Ap\u00f4tres :<\/em><em> les ap\u00f4tres sont fondateurs, ils ont \u00e9t\u00e9 choisis par Dieu, ont c\u00f4toy\u00e9 le Christ, \u00e9t\u00e9 t\u00e9moins de ses enseignements et de sa r\u00e9surrection.&nbsp;&nbsp;<\/em><\/p>\n\n\n\n<p><em>Proph\u00e8tes :<\/em><em> ceux qui appliquent concr\u00e8tement la parole de Dieu aux situations actuelles, qui parlent de la part de Dieu&nbsp;<\/em><\/p>\n\n\n\n<p><em>Evang\u00e9listes :<\/em><em> ceux qui annoncent l\u2019\u00e9vangile \u00e0 grande \u00e9chelle&nbsp;<\/em><\/p>\n\n\n\n<p><em>Berger :<\/em><em> Matt 9.36, J\u00e9r\u00e9mie 3.15, Ez 34.2, Actes 20.28&nbsp;<\/em><em>Enseignant :<\/em><em> la construction grammaticale sugg\u00e8re qu\u2019il s\u2019agit du m\u00eame groupe.<\/em><\/p>\n\n\n\n<ul class=\"wp-block-list\">\n<li><strong>Consid\u00e9rez le r\u00f4le des ap\u00f4tres, proph\u00e8tes, \u00e9vang\u00e9listes, pasteurs et enseignants. Si l\u2019un de ces r\u00f4les n\u2019\u00e9tait pas rempli dans l\u2019\u00e9glise, que se passerait-il ?<\/strong><\/li>\n<\/ul>\n\n\n\n<ul class=\"wp-block-list\">\n<li><strong>Pourquoi, selon Paul, Dieu a fait ces dons aux chr\u00e9tiens ? <\/strong>v12, pour les rendre capable de servir.<strong> Quel peut \u00eatre ce service pour lequel ils sont rendus aptes ?<\/strong><\/li>\n<\/ul>\n\n\n\n<p class=\"has-medium-font-size\"><strong>&nbsp;V13-16 : Un corps qui doit grandir ensemble<\/strong><\/p>\n\n\n\n<ul class=\"wp-block-list\">\n<li><strong>Quelles sont les 3 grandes images que Paul utilise du verset 13 \u00e0 14 ?<\/strong> Adulte-Enfants-temp\u00eate.<strong> Pourquoi les comparer \u00e0 des adultes puis \u00e0 des enfants, emport\u00e9s par la temp\u00eate ?<\/strong><\/li>\n<\/ul>\n\n\n\n<ul class=\"wp-block-list\">\n<li><strong>Quelle est la diff\u00e9rence entre un chr\u00e9tien mature et un \u00ab b\u00e9b\u00e9 \u00bb chr\u00e9tien ? Dans notre soci\u00e9t\u00e9, \u00e0 quoi pourrait correspondre l\u2019id\u00e9e d\u2019\u00eatre ballott\u00e9s et emport\u00e9s par le vent de toutes sortes d\u2019enseignements ?<\/strong><\/li>\n<\/ul>\n\n\n\n<ul class=\"wp-block-list\">\n<li><strong>Les versets 15 et 16 reparlent de la croissance du chr\u00e9tien. Sur quoi repose-t-elle ? Comment s&rsquo;exprime-t-elle ?<\/strong> La croissance repose sur Chirst qui la coordonne. Elle s\u2019exprime par le fait qu\u2019on se dit la v\u00e9rit\u00e9 dans l\u2019amour<\/li>\n<\/ul>\n\n\n\n<ul class=\"wp-block-list\">\n<li><strong>Dans tout cet extrait, Paul appelle les Chr\u00e9tiens \u00e0 \u00eatre dignes de leur appel, \u00e0 \u00eatre aptes au service et matures. Comment peuvent-ils r\u00e9ussir cela ?<\/strong> En restant unis, en se laissant enseigner, en enseignant avec amour, et en se laissant diriger par l\u2019Esprit.&nbsp;<\/li>\n<\/ul>\n\n\n\n<p class=\"has-large-font-size\"><strong>Application<\/strong><\/p>\n\n\n\n<ul class=\"wp-block-list\">\n<li><strong>Est-ce que le mod\u00e8le chr\u00e9tien : \u201c1 seul Dieu, 1 seule foi\u201d te choque ? Si oui, pourquoi ? Est-ce que l\u2019id\u00e9e d\u2019unit\u00e9 t\u2019attire ?<\/strong><\/li>\n<\/ul>\n\n\n\n<ul class=\"wp-block-list\">\n<li><strong>Pourquoi aurais-tu besoin des autres ? En quoi peux-tu \u00eatre utile aux autres? Si tu es chr\u00e9tien, pose-toi les m\u00eames questions par rapport \u00e0 ton \u00e9glise.&nbsp;<\/strong><\/li>\n<\/ul>\n\n\n\n<ul class=\"wp-block-list\">\n<li><strong>En tant que groupe GBL est-ce que vous avez l\u2019impression que votre groupe se suffit \u00e0 lui-m\u00eame? Cherchons-nous \u00e0 \u00eatre davantage form\u00e9s ? Qu\u2019est-ce qui pourrait nous aider ? En quoi cela nous serait utile ?<\/strong><\/li>\n<\/ul>\n\n\n\n<p class=\"advgb-dyn-88655b3c\"><\/p>\n","protected":false},"excerpt":{"rendered":"<p>L&rsquo;unit\u00e9: une utopie ? <\/p>\n","protected":false},"author":7,"featured_media":8964,"comment_status":"open","ping_status":"closed","sticky":false,"template":"","format":"standard","meta":{"_acf_changed":false,"_eb_attr":"","advgb_blocks_editor_width":"","advgb_blocks_columns_visual_guide":"","footnotes":""},"categories":[10,1,105],"tags":[651],"video":[],"audio":[],"ecrit":[],"mis-en-avant":[],"redacteur":[],"type-darticle":[],"class_list":["post-8959","post","type-post","status-publish","format-standard","has-post-thumbnail","hentry","category-discussions-autour-de-la-bible","category-non-classe","category-speciales-groupes-bibliques-lyceens","tag-ecrit"],"blocksy_meta":[],"acf":[],"featured_image_src":"https:\/\/www.creusonslabible.fr\/wp-content\/uploads\/2023\/06\/Eph-DAB-6-1.jpg","author_info":{"display_name":"Val","author_link":"https:\/\/www.creusonslabible.fr\/?author=7"},"author_meta":{"display_name":"Val","author_link":"https:\/\/www.creusonslabible.fr\/?author=7"},"featured_img":"https:\/\/www.creusonslabible.fr\/wp-content\/uploads\/2023\/06\/Eph-DAB-6-1-300x200.jpg","coauthors":[],"tax_additional":{"categories":{"linked":["<a href=\"https:\/\/www.creusonslabible.fr\/?cat=10\" class=\"advgb-post-tax-term\">Discussions autour de la Bible<\/a>","<a href=\"https:\/\/www.creusonslabible.fr\/?cat=1\" class=\"advgb-post-tax-term\">Non class\u00e9<\/a>","<a href=\"https:\/\/www.creusonslabible.fr\/?cat=105\" class=\"advgb-post-tax-term\">Sp\u00e9ciales Groupes Bibliques Lyc\u00e9ens<\/a>"],"unlinked":["<span class=\"advgb-post-tax-term\">Discussions autour de la Bible<\/span>","<span class=\"advgb-post-tax-term\">Non class\u00e9<\/span>","<span class=\"advgb-post-tax-term\">Sp\u00e9ciales Groupes Bibliques Lyc\u00e9ens<\/span>"]},"tags":{"linked":["<a href=\"https:\/\/www.creusonslabible.fr\/?cat=105\" class=\"advgb-post-tax-term\">\u00e9crit<\/a>"],"unlinked":["<span class=\"advgb-post-tax-term\">\u00e9crit<\/span>"]}},"comment_count":"0","relative_dates":{"created":"Publi\u00e9 3 ans il y a","modified":"Mis \u00e0 jour 9 mois il y a"},"absolute_dates":{"created":"Publi\u00e9 le 28 juin 2023","modified":"Mise \u00e0 jour le 29 juillet 2025"},"absolute_dates_time":{"created":"Publi\u00e9 le 28 juin 2023 15h34","modified":"Mise \u00e0 jour le 29 juillet 2025 17h27"},"featured_img_caption":"","series_order":"","meta_box":[],"_links":{"self":[{"href":"https:\/\/www.creusonslabible.fr\/index.php?rest_route=\/wp\/v2\/posts\/8959","targetHints":{"allow":["GET"]}}],"collection":[{"href":"https:\/\/www.creusonslabible.fr\/index.php?rest_route=\/wp\/v2\/posts"}],"about":[{"href":"https:\/\/www.creusonslabible.fr\/index.php?rest_route=\/wp\/v2\/types\/post"}],"author":[{"embeddable":true,"href":"https:\/\/www.creusonslabible.fr\/index.php?rest_route=\/wp\/v2\/users\/7"}],"replies":[{"embeddable":true,"href":"https:\/\/www.creusonslabible.fr\/index.php?rest_route=%2Fwp%2Fv2%2Fcomments&post=8959"}],"version-history":[{"count":3,"href":"https:\/\/www.creusonslabible.fr\/index.php?rest_route=\/wp\/v2\/posts\/8959\/revisions"}],"predecessor-version":[{"id":11546,"href":"https:\/\/www.creusonslabible.fr\/index.php?rest_route=\/wp\/v2\/posts\/8959\/revisions\/11546"}],"wp:featuredmedia":[{"embeddable":true,"href":"https:\/\/www.creusonslabible.fr\/index.php?rest_route=\/wp\/v2\/media\/8964"}],"wp:attachment":[{"href":"https:\/\/www.creusonslabible.fr\/index.php?rest_route=%2Fwp%2Fv2%2Fmedia&parent=8959"}],"wp:term":[{"taxonomy":"category","embeddable":true,"href":"https:\/\/www.creusonslabible.fr\/index.php?rest_route=%2Fwp%2Fv2%2Fcategories&post=8959"},{"taxonomy":"post_tag","embeddable":true,"href":"https:\/\/www.creusonslabible.fr\/index.php?rest_route=%2Fwp%2Fv2%2Ftags&post=8959"},{"taxonomy":"video","embeddable":true,"href":"https:\/\/www.creusonslabible.fr\/index.php?rest_route=%2Fwp%2Fv2%2Fvideo&post=8959"},{"taxonomy":"audio","embeddable":true,"href":"https:\/\/www.creusonslabible.fr\/index.php?rest_route=%2Fwp%2Fv2%2Faudio&post=8959"},{"taxonomy":"ecrit","embeddable":true,"href":"https:\/\/www.creusonslabible.fr\/index.php?rest_route=%2Fwp%2Fv2%2Fecrit&post=8959"},{"taxonomy":"mis-en-avant","embeddable":true,"href":"https:\/\/www.creusonslabible.fr\/index.php?rest_route=%2Fwp%2Fv2%2Fmis-en-avant&post=8959"},{"taxonomy":"redacteur","embeddable":true,"href":"https:\/\/www.creusonslabible.fr\/index.php?rest_route=%2Fwp%2Fv2%2Fredacteur&post=8959"},{"taxonomy":"type-darticle","embeddable":true,"href":"https:\/\/www.creusonslabible.fr\/index.php?rest_route=%2Fwp%2Fv2%2Ftype-darticle&post=8959"}],"curies":[{"name":"wp","href":"https:\/\/api.w.org\/{rel}","templated":true}]}}