{"id":9012,"date":"2023-10-12T12:00:00","date_gmt":"2023-10-12T10:00:00","guid":{"rendered":"https:\/\/www.creusonslabible.fr\/?p=9012"},"modified":"2024-12-03T10:49:05","modified_gmt":"2024-12-03T08:49:05","slug":"geopolitique-biblique-7-les-accomplissements-geographiques-de-jesus","status":"publish","type":"post","link":"https:\/\/www.creusonslabible.fr\/?p=9012","title":{"rendered":"G\u00e9opolitique biblique (7) : Les accomplissements g\u00e9ographiques de J\u00e9sus"},"content":{"rendered":"\n<h2 class=\"wp-block-heading\">Le monde dans lequel J\u00e9sus atterrit est d\u00e9coup\u00e9 en plusieurs zones administratives et n&rsquo;est plus vraiment gouvern\u00e9 par des juifs. Pourtant, au gr\u00e8s de ses d\u00e9placements, l&rsquo;ancienne histoire d&rsquo;Isra\u00ebl va resurgir. <\/h2>\n\n\n\n<h2 class=\"wp-block-heading\"><\/h2>\n\n\n\n<h2 class=\"wp-block-heading\">Sommaire de la s\u00e9rie<\/h2>\n\n\n\n<ul class=\"wp-block-list\">\n<li><a rel=\"noreferrer noopener\" href=\"http:\/\/www.creusonslabible.fr\/?p=7249\" target=\"_blank\">Les bases<\/a><\/li>\n\n\n\n<li><a rel=\"noreferrer noopener\" href=\"http:\/\/www.creusonslabible.fr\/?p=7277\" target=\"_blank\">\u00c9volution du territoire d\u2019Isra\u00ebl&nbsp;<\/a><\/li>\n\n\n\n<li><a rel=\"noreferrer noopener\" href=\"http:\/\/www.creusonslabible.fr\/?p=7304\" target=\"_blank\">Dangers et tentations<\/a><\/li>\n\n\n\n<li><a href=\"http:\/\/www.creusonslabible.fr\/?p=7947\">Retour \u00e0 la case \u201cd\u00e9part\u201d&nbsp;<\/a><\/li>\n\n\n\n<li><a href=\"http:\/\/www.creusonslabible.fr\/?p=7926\">Nouveau d\u00e9part ?<\/a><\/li>\n\n\n\n<li><a href=\"https:\/\/www.creusonslabible.fr\/?p=7299\" target=\"_blank\" rel=\"noreferrer noopener\">En attendant J\u00e9sus<\/a><\/li>\n\n\n\n<li><strong>Les accomplissements g\u00e9ographiques de J\u00e9sus (vous y \u00eates)<\/strong><\/li>\n\n\n\n<li>Les d\u00e9buts de l\u2019\u00c9glise (\u00e0 para\u00eetre)<\/li>\n\n\n\n<li>Missions (\u00e0 para\u00eetre)<\/li>\n<\/ul>\n\n\n\n<p><\/p>\n\n\n\n<h2 class=\"wp-block-heading\">On en \u00e9tait o\u00f9 d\u00e9j\u00e0 ?<\/h2>\n\n\n\n<p>Souvenez-vous, dans le dernier \u00e9pisode nous avons vu le combat de deux fr\u00e8res hasmon\u00e9ens pour le pouvoir : Hyrcan II et Aristobule II. Aristobule va l\u2019emporter mais Hyrcan va chercher de l\u2019aide aupr\u00e8s de l\u2019idum\u00e9en Antipater (p\u00e8re d&rsquo;H\u00e9rode) et du roi nabat\u00e9en Ar\u00e9tas III qui assi\u00e8gent J\u00e9rusalem (qui sont ses voisins comme vous pouvez le voir sur la carte en orange et marron). <\/p>\n\n\n\n<div class=\"wp-block-columns is-layout-flex wp-container-core-columns-is-layout-28f84493 wp-block-columns-is-layout-flex\">\n<div class=\"wp-block-column is-layout-flow wp-block-column-is-layout-flow\" style=\"flex-basis:50%\">\n<figure class=\"wp-block-image size-full is-resized ticss-5531a418\"><a href=\"https:\/\/www.creusonslabible.fr\/wp-content\/uploads\/2023\/09\/First_century_Iudaea_province-2.gif\"><img decoding=\"async\" src=\"https:\/\/www.creusonslabible.fr\/wp-content\/uploads\/2023\/09\/First_century_Iudaea_province-2.gif\" alt=\"\" class=\"wp-image-9018\" style=\"width:378px;height:520px\"\/><\/a><\/figure>\n<\/div>\n\n\n\n<div class=\"wp-block-column is-layout-flow wp-block-column-is-layout-flow\" style=\"flex-basis:50%\">\n<p>Le si\u00e8ge cesse sous la pression du g\u00e9n\u00e9ral romain Pomp\u00e9e qui, apr\u00e8s n\u00e9gociations et cadeaux, va arbitrer la querelle entre les 2 fr\u00e8res en prenant parti pour Hyrcan (parce qu\u2019il est plus faible et donc manipulable) et va d\u00e9loger Aristobule r\u00e9fugi\u00e9 dans le lieu tr\u00e8s saint (en for\u00e7ant le temple) pour le faire mettre en prison \u00e0 Rome. La royaut\u00e9 est maintenant aboli, les romains sont les ma\u00eetres. Hyrcan est d\u00e9poss\u00e9d\u00e9 de son titre royal et dix cit\u00e9s grecques du nord-est obtiennent leur ind\u00e9pendance pour former les d\u00e9capole (en rose sur la carte). La Jud\u00e9e doit maintenant payer un tribut \u00e0 Rome.Antipater l&rsquo;idum\u00e9en, lieutenant d&rsquo;Hyrcan, commence d\u00e8s lors \u00e0 s\u00e9duire les romains en les aidant pour leurs op\u00e9rations militaires dans la r\u00e9gion. Mais c\u2019est quand va \u00e9clater la guerre entre Pomp\u00e9e et C\u00e9sar (49) qu\u2019Antipater va tirer son \u00e9pingle du jeu aupr\u00e8s de C\u00e9sar : il va l\u2019aider militairement. Puisque l\u2019Idum\u00e9e est assimil\u00e9e \u00e0 Ia nation juive, il va tout faire (diplomatie avec les romains) pour devenir procurateur de Jud\u00e9e et placer ses fils comme gouverneur de la r\u00e9gion, notamment un certain H\u00e9rode qui va administrer la Galil\u00e9e.<br>\u00c0 la mort de son p\u00e8re, H\u00e9rode va vouloir prendre la place du dernier roi hasmon\u00e9en Antigone (qui avait fait couper les oreilles de son oncle Hyrcan afin de le rendre inapte \u00e0 la fonction de Grand-Pr\u00eatre !) et entre victorieux dans J\u00e9rusalem en -37 gr\u00e2ce \u00e0 des l\u00e9gionnaires fournis par Marc-Antoine. H\u00e9rode le Grand va faire tuer Hyrcan et va \u00e9pouser Mariamne, petite fille de Hyrcan et Aristobulle pour avoir une l\u00e9gitimit\u00e9 hasmon\u00e9enne (mais restant non juif). <\/p>\n\n\n\n<p>Devenu parano\u00efaque, il la fera assassiner, ainsi que ses 2 fils par peur de perdre le pouvoir. Il fera la m\u00eame chose avec des milliers d\u2019enfants pour tuer un certains J\u00e9sus.<\/p>\n<\/div>\n<\/div>\n\n\n\n<p><\/p>\n\n\n\n<h2 class=\"wp-block-heading\">B\u00e9b\u00e9 J\u00e9sus provoque de dr\u00f4les de trajets<\/h2>\n\n\n\n<p>Quand on lit l&rsquo;histoire de la naissance de J\u00e9sus, on ne s&rsquo;attarde pas forc\u00e9ment sur les choses les plus importantes. Quand on lit Matthieu 2, il y a des trajets que nous commen\u00e7ons \u00e0 bien connaitre. Le premier, c&rsquo;est celui des mages (qui n&rsquo;\u00e9taient ni rois ni trois) qui viennent adorer l&rsquo;enfant : l&rsquo;orient, c&rsquo;est \u00e0 dire Babylone. Le second, c&rsquo;est la fuite de Joseph et Marie en \u00c9gypte pour que J\u00e9sus \u00e9chappe \u00e0 la folie d&rsquo;H\u00e9rode. De Babylone \u00e0 l&rsquo;\u00c9gypte en passant par l&rsquo;ancien Canaan, \u00e7a ne vous rappelle pas quelqu&rsquo;un ? Mais si ! Abram ! <\/p>\n\n\n\n<figure class=\"wp-block-image size-full is-resized\"><a href=\"https:\/\/www.creusonslabible.fr\/wp-content\/uploads\/2021\/09\/Trajet-Abraham-1.jpeg\"><img loading=\"lazy\" decoding=\"async\" width=\"1024\" height=\"768\" src=\"https:\/\/www.creusonslabible.fr\/wp-content\/uploads\/2021\/09\/Trajet-Abraham-1.jpeg\" alt=\"\" class=\"wp-image-7930\" style=\"width:832px;height:624px\" srcset=\"https:\/\/www.creusonslabible.fr\/wp-content\/uploads\/2021\/09\/Trajet-Abraham-1.jpeg 1024w, https:\/\/www.creusonslabible.fr\/wp-content\/uploads\/2021\/09\/Trajet-Abraham-1-300x225.jpeg 300w, https:\/\/www.creusonslabible.fr\/wp-content\/uploads\/2021\/09\/Trajet-Abraham-1-768x576.jpeg 768w\" sizes=\"auto, (max-width: 1024px) 100vw, 1024px\" \/><\/a><\/figure>\n\n\n\n<p><\/p>\n\n\n\n<p>C&rsquo;est un peu comme si on revenait au d\u00e9but de l&rsquo;histoire des h\u00e9breux et cela est conforme au projet r\u00e9dactionnel de Matthieu : J\u00e9sus est le nouvel Isra\u00ebl, celui qui r\u00e9capitule de mani\u00e8re parfaite l&rsquo;histoire de son peuple qu&rsquo;il vient sauver. Si la parano\u00efa d&rsquo;H\u00e9rode lui permet d&rsquo;aller en \u00c9gypte et d&rsquo;en revenir comme s&rsquo;il \u00e9tait le nouveau Mo\u00efse (lui aussi sauv\u00e9 d&rsquo;un infanticide de masse), il ne pouvait tout de m\u00eame pas na\u00eetre \u00e0 Babylone ! Ce sont donc des babyloniens qui viennent l&rsquo;adorer. Et l\u00e0 encore, il y a comme une ironie de l&rsquo;histoire car la derni\u00e8re fois que des babyloniens sont venus sur le territoire ce n&rsquo;\u00e9tait pas pour offrir des cadeaux mais pour tout piller !<\/p>\n\n\n\n<p>Le trajet des mages pourrait aussi rappeler l&rsquo;exil et son retour :<\/p>\n\n\n\n<figure class=\"wp-block-image size-large is-resized\"><a href=\"https:\/\/www.creusonslabible.fr\/wp-content\/uploads\/2021\/09\/Deportations.004-1.jpeg\"><img loading=\"lazy\" decoding=\"async\" width=\"1024\" height=\"576\" src=\"https:\/\/www.creusonslabible.fr\/wp-content\/uploads\/2021\/09\/Deportations.004-1-1024x576.jpeg\" alt=\"\" class=\"wp-image-7932\" style=\"width:832px;height:624px\" srcset=\"https:\/\/www.creusonslabible.fr\/wp-content\/uploads\/2021\/09\/Deportations.004-1-1024x576.jpeg 1024w, https:\/\/www.creusonslabible.fr\/wp-content\/uploads\/2021\/09\/Deportations.004-1-300x169.jpeg 300w, https:\/\/www.creusonslabible.fr\/wp-content\/uploads\/2021\/09\/Deportations.004-1-768x432.jpeg 768w, https:\/\/www.creusonslabible.fr\/wp-content\/uploads\/2021\/09\/Deportations.004-1-1536x864.jpeg 1536w, https:\/\/www.creusonslabible.fr\/wp-content\/uploads\/2021\/09\/Deportations.004-1.jpeg 1920w\" sizes=\"auto, (max-width: 1024px) 100vw, 1024px\" \/><\/a><\/figure>\n\n\n\n<p>D&rsquo;ailleurs, ces mages\/astrologues \u00e9taient-ils influenc\u00e9s par les proph\u00e9ties d&rsquo;un de leur lointain coll\u00e8gue pr\u00e9nomm\u00e9 Daniel, donnant ainsi un sens \u00e0 l&rsquo;exil ? Sont-ils la pr\u00e9figuration d&rsquo;une nouvelle p\u00e9riode de l&rsquo;histoire o\u00f9 les nations ne seront plus hostiles mais seront au contraire influenc\u00e9es pour le Dieu d&rsquo;Isra\u00ebl ? En tout cas, la naissance de J\u00e9sus prend tout de suite une dimension internationale&#8230; et \u00e7a ne va pas s&rsquo;arr\u00eater l\u00e0 !<\/p>\n\n\n\n<p><\/p>\n\n\n\n<h2 class=\"wp-block-heading\">Le (nouveau) monde de J\u00e9sus<\/h2>\n\n\n\n<p>En 4 av.J.C, H\u00e9rode fait ex\u00e9cuter son fils Antipater III. Il fait d&rsquo;<strong>H\u00e9rode Arch\u00e9laos<\/strong> son successeur, recevant la moiti\u00e9 du royaume (Jud\u00e9e, de Samarie et de l&rsquo;Idum\u00e9e) avec le titre d&rsquo;Ethnarque, tandis qu&rsquo;<strong>H\u00e9rode Antipas<\/strong> et <strong>H\u00e9rode Philippe II<\/strong>&nbsp;deviennent T\u00e9trarques seulement de Galil\u00e9e et de P\u00e9r\u00e9e pour le premier, et de la Gaulanitide, la Batan\u00e9e, la Trachonitide et l&rsquo;Auranitide pour le second&nbsp;(Conform\u00e9ment \u00e0 ce qu\u2019on peut lire dans Lc 3.1). Puis, au d\u00e9but de l&rsquo;an 4 av.J.C, il d\u00e9c\u00e8de. On lui atteste aujourd&rsquo;hui dix \u00e9pouses et une dizaine d&rsquo;enfants. Voici le monde dans lequel J\u00e9sus a exerc\u00e9 son minist\u00e8re :<\/p>\n\n\n\n<figure class=\"wp-block-image size-large\"><a href=\"https:\/\/www.creusonslabible.fr\/wp-content\/uploads\/2023\/09\/Province_de_Judee_1er_siecle-4.png\"><img decoding=\"async\" src=\"https:\/\/www.creusonslabible.fr\/wp-content\/uploads\/2023\/09\/Province_de_Judee_1er_siecle-4-1024x768.png\" alt=\"\" class=\"wp-image-9031\"\/><\/a><\/figure>\n\n\n\n<h2 class=\"wp-block-heading\">Le galil\u00e9en<\/h2>\n\n\n\n<p>Quand Philippe va voir son pote Nathana\u00ebl pour lui dire que J\u00e9sus de Nazareth \u00e9tait le Messie tant attendu, celui-ci lui r\u00e9pond son fameux : \u00ab\u00a0Que peut-il venir de bon de Nazareth ?\u00a0\u00bb (Jean 1.46). Si Nathana\u00ebl fait preuve d&rsquo;un tel scepticisme, c&rsquo;est parce que de nombreux juifs le Messie devait intervenir \u00e0 J\u00e9rusalem (en plus de na\u00eetre juste \u00e0 c\u00f4t\u00e9, \u00e0 B\u00e9thl\u00e9em). Car le temple avec son lieu Tr\u00e8s-Saint, lieu de la pr\u00e9sence de Dieu \u00e9tait dans la cit\u00e9 de David. Par cons\u00e9quent, plus on s&rsquo;en \u00e9loigne moins on est saint. C&rsquo;est la logique de puret\u00e9 et de saintet\u00e9 d\u00e9crite d<a rel=\"noreferrer noopener\" href=\"https:\/\/www.creusonslabible.fr\/?p=5618\" target=\"_blank\">ans cet article<\/a> d&rsquo;o\u00f9 est tir\u00e9 ce sch\u00e9ma :<\/p>\n\n\n\n<figure class=\"wp-block-image size-large is-resized\"><a href=\"https:\/\/www.creusonslabible.fr\/wp-content\/uploads\/2023\/10\/impur-et-saint-2.jpeg\"><img decoding=\"async\" src=\"https:\/\/www.creusonslabible.fr\/wp-content\/uploads\/2023\/10\/impur-et-saint-2-1024x1024.jpeg\" alt=\"\" class=\"wp-image-9050\" style=\"width:831px;height:831px\"\/><\/a><\/figure>\n\n\n\n<blockquote class=\"wp-block-quote is-style-plain is-layout-flow wp-block-quote-is-layout-flow\">\n<blockquote class=\"wp-block-quote is-layout-flow wp-block-quote-is-layout-flow\">\n<p>En bas de l&rsquo;\u00e9toile, on est d\u00e9j\u00e0 dans l&rsquo;impuret\u00e9 quand on est \u00e0 l&rsquo;ext\u00e9rieur du camp (en dehors de J\u00e9rusalem du temps de J\u00e9sus). Or, d&rsquo;o\u00f9 vient J\u00e9sus ? D&rsquo;une bourgade \u00e0 quelques encablures du temple de J\u00e9rusalem ? Non, carr\u00e9ment \u00e0 100 km de l\u00e0, en Galil\u00e9e ! Une province peupl\u00e9e de juifs certes mais, comme on peut le voir sur la carte, entour\u00e9e et peupl\u00e9s aussi de pa\u00efens : \u00e0 l&rsquo;ouest et au nord la Syrie, \u00e0 l&rsquo;ouest la Gaulanitide, au sud-ouest la d\u00e9capole et au sud la Samarie. J\u00e9sus parlait donc sans doute aram\u00e9en dans la vie de tous les jours, mais aussi grec qui \u00e9tait la langue internationale de l&rsquo;\u00e9poque (indispensable dans une r\u00e9gion cosmopolite et prosp\u00e8re comme la Galil\u00e9e) et enfin l&rsquo;h\u00e9breux dans le contexte de la syngagogue. En r\u00e9sum\u00e9, la Galil\u00e9e est le lieu le moins \u00ab\u00a0pur\u00a0\u00bb qui soit pour un juif pieux ! Alors que ferait le Messie l\u00e0-bas (sinon soumettre les nations \u00e0 son autorit\u00e9) ? <\/p>\n\n\n\n<div class=\"wp-block-group is-layout-constrained wp-block-group-is-layout-constrained\">\n<p>Pourtant, Nathana\u00ebl a oubli\u00e9 qu&rsquo;il existe une proph\u00e9tie qui concerne la Galil\u00e9e&#8230; et le Messie :<\/p>\n\n\n\n<blockquote class=\"wp-block-quote is-layout-flow wp-block-quote-is-layout-flow\">\n<p style=\"font-size:clamp(14px, 0.875rem + ((1vw - 3.2px) * 0.156), 16px);\">\u00c9sa\u00efe 8.23 Mais il n&rsquo;y aura pas pour toujours des t\u00e9n\u00e8bres sur ce pays envahi par l&rsquo;angoisse. Si, dans les temps pass\u00e9s, Dieu a couvert d&rsquo;opprobre tout le pays de Zabulon et le pays de Nephtali, dans les temps \u00e0 venir, il couvrira de gloire la route de la mer, au-del\u00e0 du Jourdain, le district des nations pa\u00efennes.<br>9.1 Le peuple qui marche dans les t\u00e9n\u00e8bres<br>a vu une grande lumi\u00e8re ;<br>sur ceux qui habitent le pays de l&rsquo;ombre de mort<br>une lumi\u00e8re a brill\u00e9.<br>2 Tu as rendu la nation nombreuse,<br>tu l&rsquo;a combl\u00e9e de joie.<br>Ils se r\u00e9jouissent devant toi de la joie des moissons,<br>de l&rsquo;all\u00e9gresse qui r\u00e8gne au partage du butin.<br>3 Car le joug qui pesait sur elle,<br>la trique qui frappait son dos,<br>le b\u00e2ton de son oppresseur,<br>tu les a bris\u00e9s comme au jour de Madi\u00e2n.<\/p>\n\n\n\n<div class=\"wp-block-group is-nowrap is-layout-flex wp-container-core-group-is-layout-6c531013 wp-block-group-is-layout-flex\">\n<p class=\"ticss-154ffc8d\"><br>4 Toutes les bottes qui pi\u00e9tinaient dans la bataille<br>et tous les manteaux roul\u00e9s dans le sang<br>seront livr\u00e9s aux flammes,<br>pour \u00eatre d\u00e9vor\u00e9s par le feu.<br>5 Car un enfant nous est n\u00e9,<br>un fils nous a \u00e9t\u00e9 donn\u00e9.<br>Il a la souverainet\u00e9 sur son \u00e9paule ;<br>on l&rsquo;appelle du nom de Conseiller \u00e9tonnant,<br>Dieu-H\u00e9ros, P\u00e8re \u00e9ternel,<br>Prince de paix.<br>6 Etendre la souverainet\u00e9,<br>accorder une paix sans fin au tr\u00f4ne de David et \u00e0 son royaume,<br>l&rsquo;affermir et le soutenir par l&rsquo;\u00e9quit\u00e9 et par la justice,<br>d\u00e8s maintenant et pour toujours :<br>voil\u00e0 ce que fera la passion jalouse du SEIGNEUR (YHWH) des Arm\u00e9es.<\/p>\n<\/div>\n<\/blockquote>\n<\/div>\n<\/blockquote>\n<\/blockquote>\n\n\n\n<p><\/p>\n\n\n\n<p>Les vv.5 et 6 du chapitre 9 sont incontestablement messianiques&#8230; mais vous ne voyez pas la Galil\u00e9e ? C&rsquo;est parce que vous ne lisez pas l&rsquo;h\u00e9breux (moi non plus) !  Dans l&rsquo;original, le \u00ab\u00a0district des nations pa\u00efennes\u00a0\u00bb en 8.23, c&rsquo;est <em>gelil haggoyim<\/em>, c&rsquo;est \u00e0 dire \u00ab\u00a0la Galil\u00e9e des nations\u00a0\u00bb. Si vous doutez encore, il y a le nom des deux tribus de Zabulon et Nephtali que vous pouvez rep\u00e9rer sur la carte de gauche (en orange et rouge) :<\/p>\n\n\n\n<div class=\"wp-block-group is-nowrap is-layout-flex wp-container-core-group-is-layout-6c531013 wp-block-group-is-layout-flex\">\n<div class=\"wp-block-columns is-layout-flex wp-container-core-columns-is-layout-28f84493 wp-block-columns-is-layout-flex\">\n<div class=\"wp-block-column is-layout-flow wp-block-column-is-layout-flow\" style=\"flex-basis:100%\">\n<div class=\"wp-block-group is-nowrap is-layout-flex wp-container-core-group-is-layout-6c531013 wp-block-group-is-layout-flex\">\n<figure class=\"wp-block-image size-large is-resized\"><a href=\"https:\/\/www.creusonslabible.fr\/wp-content\/uploads\/2021\/10\/12_tribus_de_Israel-1.png\"><img loading=\"lazy\" decoding=\"async\" width=\"673\" height=\"1024\" src=\"https:\/\/www.creusonslabible.fr\/wp-content\/uploads\/2021\/10\/12_tribus_de_Israel-1-673x1024.png\" alt=\"\" class=\"wp-image-8012\" style=\"width:355px;height:540px\" srcset=\"https:\/\/www.creusonslabible.fr\/wp-content\/uploads\/2021\/10\/12_tribus_de_Israel-1-673x1024.png 673w, https:\/\/www.creusonslabible.fr\/wp-content\/uploads\/2021\/10\/12_tribus_de_Israel-1-197x300.png 197w, https:\/\/www.creusonslabible.fr\/wp-content\/uploads\/2021\/10\/12_tribus_de_Israel-1-768x1169.png 768w, https:\/\/www.creusonslabible.fr\/wp-content\/uploads\/2021\/10\/12_tribus_de_Israel-1-1009x1536.png 1009w, https:\/\/www.creusonslabible.fr\/wp-content\/uploads\/2021\/10\/12_tribus_de_Israel-1-1346x2048.png 1346w, https:\/\/www.creusonslabible.fr\/wp-content\/uploads\/2021\/10\/12_tribus_de_Israel-1.png 2048w\" sizes=\"auto, (max-width: 673px) 100vw, 673px\" \/><\/a><\/figure>\n<\/div>\n<\/div>\n<\/div>\n\n\n\n<figure class=\"wp-block-image size-large\"><a href=\"https:\/\/www.creusonslabible.fr\/wp-content\/uploads\/2023\/09\/Province_de_Judee_1er_siecle-4-e1696867697632-1.png\"><img loading=\"lazy\" decoding=\"async\" width=\"772\" height=\"1024\" src=\"https:\/\/www.creusonslabible.fr\/wp-content\/uploads\/2023\/09\/Province_de_Judee_1er_siecle-4-e1696867697632-1-772x1024.png\" alt=\"\" class=\"wp-image-9031\" srcset=\"https:\/\/www.creusonslabible.fr\/wp-content\/uploads\/2023\/09\/Province_de_Judee_1er_siecle-4-e1696867697632-1-772x1024.png 772w, https:\/\/www.creusonslabible.fr\/wp-content\/uploads\/2023\/09\/Province_de_Judee_1er_siecle-4-e1696867697632-1-226x300.png 226w, https:\/\/www.creusonslabible.fr\/wp-content\/uploads\/2023\/09\/Province_de_Judee_1er_siecle-4-e1696867697632-1-768x1019.png 768w, https:\/\/www.creusonslabible.fr\/wp-content\/uploads\/2023\/09\/Province_de_Judee_1er_siecle-4-e1696867697632-1-1157x1536.png 1157w, https:\/\/www.creusonslabible.fr\/wp-content\/uploads\/2023\/09\/Province_de_Judee_1er_siecle-4-e1696867697632-1-1543x2048.png 1543w, https:\/\/www.creusonslabible.fr\/wp-content\/uploads\/2023\/09\/Province_de_Judee_1er_siecle-4-e1696867697632-1.png 1651w\" sizes=\"auto, (max-width: 772px) 100vw, 772px\" \/><\/a><\/figure>\n<\/div>\n\n\n\n<h2 class=\"wp-block-heading\">Espoir pour les pa\u00efens<\/h2>\n\n\n\n<p>D&rsquo;apr\u00e8s le proph\u00e8te \u00c9sa\u00efe, cette Galil\u00e9e des nations m\u00e9pris\u00e9e doit donc \u00eatre transfigur\u00e9e, sauv\u00e9e par un myst\u00e9rieux enfant roi qui a tous les attributs de Dieu (5). Ce que les 12 vont voir, c&rsquo;est un J\u00e9sus qui exerce une grande partie de son minist\u00e8re autour du lac de Tib\u00e9riade et qui va m\u00eame faire des incursions encore plus loin \u00e0 Tyr en Syrie (Mt 15.21ss), \u00e0 C\u00e9sar\u00e9e de Philippe en Gaulanitide (Mt 16.13ss), \u00e0 Gadara dans la D\u00e9capole (Mt 8.21ss) ou encore en Samarie (Jn 4). M\u00eame si J\u00e9sus va bien entendu faire des s\u00e9jours \u00e0 J\u00e9rusalem \u00e0 l&rsquo;occasion des diff\u00e9rentes f\u00eates juives, m\u00eame s&rsquo;il dit r\u00e9guli\u00e8rement qu&rsquo;il est venu en priorit\u00e9 pour les brebis perdues d&rsquo;Isra\u00ebl, on constate que son minist\u00e8re est international et qu&rsquo;il veut b\u00e9nir ces territoires m\u00e9tiss\u00e9s ainsi que leur population. Il agit donc conform\u00e9ment \u00e0 la proph\u00e9tie d&rsquo;\u00c9sa\u00efe&#8230; m\u00eame s&rsquo;il va se lamenter devant l&rsquo;attitude de plusieurs villes de Galil\u00e9e qui refusent de l&rsquo;\u00e9couter (Mt 11.20ss). Il va d&rsquo;ailleurs les comparer&#8230; \u00e0 des villes pa\u00efennes qui auraient \u00e9t\u00e9 plus r\u00e9ceptives ! Cela d\u00e9montre que le minist\u00e8re de J\u00e9sus d\u00e9passe le contexte juif, qu&rsquo;il vise des gens de toutes langues et de tous peuples, cela pr\u00e9figure ce qui va arriver quelques ann\u00e9es plus tard, apr\u00e8s son ascension : un d\u00e9placement du centre de gravit\u00e9 de l&rsquo;\u00c9glise de J\u00e9rusalem vers des territoires o\u00f9 les juifs sont tr\u00e8s minoritaires. Et ce sera bien plus loin que la Galil\u00e9e !<\/p>\n","protected":false},"excerpt":{"rendered":"<p>Le monde dans lequel J\u00e9sus atterrit est d\u00e9coup\u00e9 en plusieurs zones administratives et n&rsquo;est plus vraiment gouvern\u00e9 par des juifs. Pourtant, au gr\u00e8s de ses d\u00e9placements, l&rsquo;ancienne histoire d&rsquo;Isra\u00ebl va resurgir. Sommaire de la s\u00e9rie On en \u00e9tait o\u00f9 d\u00e9j\u00e0 ? Souvenez-vous, dans le dernier \u00e9pisode nous avons vu le combat de deux fr\u00e8res hasmon\u00e9ens [&hellip;]<\/p>\n","protected":false},"author":3,"featured_media":7270,"comment_status":"open","ping_status":"closed","sticky":false,"template":"","format":"standard","meta":{"_acf_changed":false,"_eb_attr":"","advgb_blocks_editor_width":"","advgb_blocks_columns_visual_guide":"","footnotes":""},"categories":[25],"tags":[651,639,640,64],"video":[],"audio":[],"ecrit":[],"mis-en-avant":[],"redacteur":[],"type-darticle":[],"class_list":["post-9012","post","type-post","status-publish","format-standard","has-post-thumbnail","hentry","category-cartes","tag-ecrit","tag-galilee","tag-herode","tag-jesus"],"blocksy_meta":[],"acf":[],"featured_image_src":"https:\/\/www.creusonslabible.fr\/wp-content\/uploads\/2020\/02\/map-1.png","author_info":{"display_name":"Yoh","author_link":"https:\/\/www.creusonslabible.fr\/?author=3"},"author_meta":{"display_name":"Yoh","author_link":"https:\/\/www.creusonslabible.fr\/?author=3"},"featured_img":"https:\/\/www.creusonslabible.fr\/wp-content\/uploads\/2020\/02\/map-1-300x172.png","coauthors":[],"tax_additional":{"categories":{"linked":["<a href=\"https:\/\/www.creusonslabible.fr\/?cat=25\" class=\"advgb-post-tax-term\">Cartes<\/a>"],"unlinked":["<span class=\"advgb-post-tax-term\">Cartes<\/span>"]},"tags":{"linked":["<a href=\"https:\/\/www.creusonslabible.fr\/?cat=25\" class=\"advgb-post-tax-term\">\u00e9crit<\/a>","<a href=\"https:\/\/www.creusonslabible.fr\/?cat=25\" class=\"advgb-post-tax-term\">galil\u00e9e<\/a>","<a href=\"https:\/\/www.creusonslabible.fr\/?cat=25\" class=\"advgb-post-tax-term\">h\u00e9rode<\/a>","<a href=\"https:\/\/www.creusonslabible.fr\/?cat=25\" class=\"advgb-post-tax-term\">J\u00e9sus<\/a>"],"unlinked":["<span class=\"advgb-post-tax-term\">\u00e9crit<\/span>","<span class=\"advgb-post-tax-term\">galil\u00e9e<\/span>","<span class=\"advgb-post-tax-term\">h\u00e9rode<\/span>","<span class=\"advgb-post-tax-term\">J\u00e9sus<\/span>"]}},"comment_count":"0","relative_dates":{"created":"Publi\u00e9 3 ans il y a","modified":"Mis \u00e0 jour 1 an il y a"},"absolute_dates":{"created":"Publi\u00e9 le 12 octobre 2023","modified":"Mise \u00e0 jour le 3 d\u00e9cembre 2024"},"absolute_dates_time":{"created":"Publi\u00e9 le 12 octobre 2023 12h00","modified":"Mise \u00e0 jour le 3 d\u00e9cembre 2024 10h49"},"featured_img_caption":"","series_order":"","meta_box":[],"_links":{"self":[{"href":"https:\/\/www.creusonslabible.fr\/index.php?rest_route=\/wp\/v2\/posts\/9012","targetHints":{"allow":["GET"]}}],"collection":[{"href":"https:\/\/www.creusonslabible.fr\/index.php?rest_route=\/wp\/v2\/posts"}],"about":[{"href":"https:\/\/www.creusonslabible.fr\/index.php?rest_route=\/wp\/v2\/types\/post"}],"author":[{"embeddable":true,"href":"https:\/\/www.creusonslabible.fr\/index.php?rest_route=\/wp\/v2\/users\/3"}],"replies":[{"embeddable":true,"href":"https:\/\/www.creusonslabible.fr\/index.php?rest_route=%2Fwp%2Fv2%2Fcomments&post=9012"}],"version-history":[{"count":2,"href":"https:\/\/www.creusonslabible.fr\/index.php?rest_route=\/wp\/v2\/posts\/9012\/revisions"}],"predecessor-version":[{"id":9995,"href":"https:\/\/www.creusonslabible.fr\/index.php?rest_route=\/wp\/v2\/posts\/9012\/revisions\/9995"}],"wp:featuredmedia":[{"embeddable":true,"href":"https:\/\/www.creusonslabible.fr\/index.php?rest_route=\/wp\/v2\/media\/7270"}],"wp:attachment":[{"href":"https:\/\/www.creusonslabible.fr\/index.php?rest_route=%2Fwp%2Fv2%2Fmedia&parent=9012"}],"wp:term":[{"taxonomy":"category","embeddable":true,"href":"https:\/\/www.creusonslabible.fr\/index.php?rest_route=%2Fwp%2Fv2%2Fcategories&post=9012"},{"taxonomy":"post_tag","embeddable":true,"href":"https:\/\/www.creusonslabible.fr\/index.php?rest_route=%2Fwp%2Fv2%2Ftags&post=9012"},{"taxonomy":"video","embeddable":true,"href":"https:\/\/www.creusonslabible.fr\/index.php?rest_route=%2Fwp%2Fv2%2Fvideo&post=9012"},{"taxonomy":"audio","embeddable":true,"href":"https:\/\/www.creusonslabible.fr\/index.php?rest_route=%2Fwp%2Fv2%2Faudio&post=9012"},{"taxonomy":"ecrit","embeddable":true,"href":"https:\/\/www.creusonslabible.fr\/index.php?rest_route=%2Fwp%2Fv2%2Fecrit&post=9012"},{"taxonomy":"mis-en-avant","embeddable":true,"href":"https:\/\/www.creusonslabible.fr\/index.php?rest_route=%2Fwp%2Fv2%2Fmis-en-avant&post=9012"},{"taxonomy":"redacteur","embeddable":true,"href":"https:\/\/www.creusonslabible.fr\/index.php?rest_route=%2Fwp%2Fv2%2Fredacteur&post=9012"},{"taxonomy":"type-darticle","embeddable":true,"href":"https:\/\/www.creusonslabible.fr\/index.php?rest_route=%2Fwp%2Fv2%2Ftype-darticle&post=9012"}],"curies":[{"name":"wp","href":"https:\/\/api.w.org\/{rel}","templated":true}]}}