{"id":9021,"date":"2024-02-13T10:00:00","date_gmt":"2024-02-13T08:00:00","guid":{"rendered":"https:\/\/www.creusonslabible.fr\/?p=9021"},"modified":"2024-02-13T10:00:00","modified_gmt":"2024-02-13T08:00:00","slug":"2-rois-5-1-19-au-secours-mon-avenir-semble-compromis","status":"publish","type":"post","link":"https:\/\/www.creusonslabible.fr\/?p=9021","title":{"rendered":"2 Rois 5.1-19 Au secours, mon avenir semble compromis\u00a0!"},"content":{"rendered":"\n<h3 class=\"wp-block-heading\">Lisez le texte, puis r\u00e9pondez aux questions pour&nbsp;entrer en dialogue avec le texte.<br \/>Nous&nbsp;sommes&nbsp;au IX\u00e8me&nbsp;si\u00e8cle av. J.-C. \u00c9lis\u00e9e est alors proph\u00e8te&nbsp;en Isra\u00ebl, qui est globalement<br \/>loin de&nbsp;Dieu et souvent&nbsp;en&nbsp;guerre&nbsp;avec ses&nbsp;voisins pa\u00efens, dont la Syrie.<\/h3>\n\n\n\n<h2 class=\"wp-block-heading\"><strong>\/\/ v.1 -3: rencontre avec Naaman<\/strong><\/h2>\n\n\n\n<p>v.1 : dressez le portrait de Naaman&nbsp;: que sait-on de lui ? (Carri\u00e8re, r\u00e9putation, qualit\u00e9s,\u2026)<\/p>\n\n\n\n<p>Quelles cons\u00e9quences la l\u00e8pre peut-il avoir sur sa vie, sur sa carri\u00e8re ?<strong><a href=\"#sdfootnote1sym\" id=\"sdfootnote1anc\"><sup>1<\/sup><\/a><\/strong><\/p>\n\n\n\n<p>Comment le Seigneur se montre-t-il&nbsp;pr\u00e9sent&nbsp;dans sa vie, d\u00e9j\u00e0 \u00e0 ce stade ?<\/p>\n\n\n\n<h2 class=\"wp-block-heading\"><strong>\/\/ v. 4 \u00e0 10 : en route pour la gu\u00e9rison<\/strong><\/h2>\n\n\n\n<p>v.4 : pourquoi Naaman \u00e9coute-il la recommandation de la petite fille ? Qu\u2019est-ce que cela montre de lui ?<\/p>\n\n\n\n<p>v.7 : comment r\u00e9agit le Roi d\u2019Isra\u00ebl, et comment cela montre-il les enjeux d\u2019une telle demande ?<\/p>\n\n\n\n<p>v. 8-10 : Comment \u00c9lis\u00e9e intervient-il ? Pourquoi intervenir \u201c\u00e0 distance\u201d?<\/p>\n\n\n\n<h2 class=\"wp-block-heading\"><strong>\/\/ v.11 \u00e0 14 : gu\u00e9ri !<\/strong><\/h2>\n\n\n\n<p>v11-12 : comment r\u00e9agit Naaman, et pourquoi ?<br \/>Quelles conceptions de Dieu\/ de la gu\u00e9rison s\u2019\u00e9tait-il forg\u00e9es ?<\/p>\n\n\n\n<p>v.13-14 : comment ses serviteurs le convainquent d\u2019ob\u00e9ir ?<\/p>\n\n\n\n<p>A qui Naaman ob\u00e9it-il :&nbsp; ses serviteurs ? Elis\u00e9e ? Dieu ?<\/p>\n\n\n\n<p>Comparer avec les versets 3 et 4 : quel trait de caract\u00e8re Naaman r\u00e9v\u00e8le-t-il ? Quelle attitude aurait-on pu attendre d\u2019un chef militaire?&nbsp;<\/p>\n\n\n\n<h2 class=\"wp-block-heading\"><strong>\/\/v.15 \u00e0 19 : transform\u00e9&nbsp;!<\/strong><\/h2>\n\n\n\n<p>v.15-16 : \u00e0 qui Naaman attribue-t-il sa gu\u00e9rison : \u00e0 Dieu, \u00e0 Elis\u00e9e ? Pourquoi vouloir faire un cadeau \u00e0 \u00c9lis\u00e9e ?<\/p>\n\n\n\n<p>Pourquoi est-ce que Elis\u00e9e refuse?<\/p>\n\n\n\n<p>v.17. \u00c0 19 : qu\u2019est-ce que Naaman le pa\u00efen a compris du Dieu d\u2019Isra\u00ebl ? Qu\u2019est-ce que \u00e7a va changer dans sa vie&nbsp;?<\/p>\n\n\n\n<h2 class=\"wp-block-heading\"><strong>\/\/ En r\u00e9sum\u00e9&#8230;<\/strong><\/h2>\n\n\n\n<p>Comment r\u00e9sumeriez-vous son parcours, entre le v.1 et le v.19 ? Quelles ont \u00e9t\u00e9 les transformations op\u00e9r\u00e9es, \u00e0 quel(s) niveau(x) ?<\/p>\n\n\n\n<p>Comment Dieu a-t-il agi pour lui ?<\/p>\n\n\n\n<p>Comment son trait de caract\u00e8re, r\u00e9v\u00e9l\u00e9 tout au long du passage,&nbsp; lui a-t-il rendu service (cf v.3-4; 13-14)?<\/p>\n\n\n\n<h2 class=\"wp-block-heading\"><strong>\/\/ Et nous ?<\/strong><\/h2>\n\n\n\n<p>Que sommes-nous pr\u00eats \u00e0 faire quand notre avenir semble compromis ?<\/p>\n\n\n\n<p>Comment noteriez-vous votre \u00ab mall\u00e9abilit\u00e9 \u00bb (\u00e0 \u00e9couter les autres, \u00e0 changer d\u2019avis, \u00e0 ob\u00e9ir \u00e0 Dieu\u2026) sur une \u00e9chelle de 0 (pas mall\u00e9able du tout) \u00e0 10 ? (tr\u00e8s mall\u00e9able)?<\/p>\n\n\n\n<p>En quoi se laisser surprendre par Dieu peut-il transformer une vision de l\u2019avenir plut\u00f4t sombre en (re)d\u00e9couverte de Dieu ? Comment cela peut-il red\u00e9finir notre avenir?&nbsp;<\/p>\n\n\n\n<p>Quels sont les domaines de notre vie o\u00f9 l\u2019avenir para\u00eet sombre, et o\u00f9 vous aimeriez voir Dieu agir ? A quel point \u00eates-vous pr\u00eats \u00e0 vous laisser surprendre et (re)d\u00e9couvrir Dieu ?<\/p>\n\n\n\n<p><em><a href=\"#sdfootnote1anc\" id=\"sdfootnote1sym\">1<\/a>1 La l\u00e8pre touchait d\u2019abord la peau, puis le syst\u00e8me nerveux, provoquant la paralysie, la c\u00e9cit\u00e9 puis la mort.&nbsp;<\/em><\/p>\n","protected":false},"excerpt":{"rendered":"<p>Lisez le texte, puis r\u00e9pondez aux questions pour&nbsp;entrer en dialogue avec le texte.Nous&nbsp;sommes&nbsp;au IX\u00e8me&nbsp;si\u00e8cle av. J.-C. \u00c9lis\u00e9e est alors proph\u00e8te&nbsp;en Isra\u00ebl, qui est globalementloin de&nbsp;Dieu et souvent&nbsp;en&nbsp;guerre&nbsp;avec ses&nbsp;voisins pa\u00efens, dont la Syrie. \/\/ v.1 -3: rencontre avec Naaman v.1 : dressez le portrait de Naaman&nbsp;: que sait-on de lui ? (Carri\u00e8re, r\u00e9putation, qualit\u00e9s,\u2026) Quelles cons\u00e9quences [&hellip;]<\/p>\n","protected":false},"author":3,"featured_media":9212,"comment_status":"open","ping_status":"closed","sticky":false,"template":"","format":"standard","meta":{"_acf_changed":false,"_eb_attr":"","advgb_blocks_editor_width":"","advgb_blocks_columns_visual_guide":"","footnotes":""},"categories":[18,10],"tags":[651],"video":[],"audio":[],"ecrit":[],"mis-en-avant":[],"redacteur":[],"type-darticle":[],"class_list":["post-9021","post","type-post","status-publish","format-standard","has-post-thumbnail","hentry","category-dab-pour-etudiants","category-discussions-autour-de-la-bible","tag-ecrit"],"blocksy_meta":[],"acf":[],"featured_image_src":"https:\/\/www.creusonslabible.fr\/wp-content\/uploads\/2024\/02\/pexels-pixabay-355288-scaled-2.jpg","author_info":{"display_name":"Yoh","author_link":"https:\/\/www.creusonslabible.fr\/?author=3"},"author_meta":{"display_name":"Yoh","author_link":"https:\/\/www.creusonslabible.fr\/?author=3"},"featured_img":"https:\/\/www.creusonslabible.fr\/wp-content\/uploads\/2024\/02\/pexels-pixabay-355288-scaled-2-300x122.jpg","coauthors":[],"tax_additional":{"categories":{"linked":["<a href=\"https:\/\/www.creusonslabible.fr\/?cat=18\" class=\"advgb-post-tax-term\">DAB pour \u00e9tudiants<\/a>","<a href=\"https:\/\/www.creusonslabible.fr\/?cat=10\" class=\"advgb-post-tax-term\">Discussions autour de la Bible<\/a>"],"unlinked":["<span class=\"advgb-post-tax-term\">DAB pour \u00e9tudiants<\/span>","<span class=\"advgb-post-tax-term\">Discussions autour de la Bible<\/span>"]},"tags":{"linked":["<a href=\"https:\/\/www.creusonslabible.fr\/?cat=10\" class=\"advgb-post-tax-term\">\u00e9crit<\/a>"],"unlinked":["<span class=\"advgb-post-tax-term\">\u00e9crit<\/span>"]}},"comment_count":"0","relative_dates":{"created":"Publi\u00e9 2 ans il y a","modified":"Mis \u00e0 jour 2 ans il y a"},"absolute_dates":{"created":"Publi\u00e9 le 13 f\u00e9vrier 2024","modified":"Mise \u00e0 jour le 13 f\u00e9vrier 2024"},"absolute_dates_time":{"created":"Publi\u00e9 le 13 f\u00e9vrier 2024 10h00","modified":"Mise \u00e0 jour le 13 f\u00e9vrier 2024 10h00"},"featured_img_caption":"","series_order":"","meta_box":[],"_links":{"self":[{"href":"https:\/\/www.creusonslabible.fr\/index.php?rest_route=\/wp\/v2\/posts\/9021","targetHints":{"allow":["GET"]}}],"collection":[{"href":"https:\/\/www.creusonslabible.fr\/index.php?rest_route=\/wp\/v2\/posts"}],"about":[{"href":"https:\/\/www.creusonslabible.fr\/index.php?rest_route=\/wp\/v2\/types\/post"}],"author":[{"embeddable":true,"href":"https:\/\/www.creusonslabible.fr\/index.php?rest_route=\/wp\/v2\/users\/3"}],"replies":[{"embeddable":true,"href":"https:\/\/www.creusonslabible.fr\/index.php?rest_route=%2Fwp%2Fv2%2Fcomments&post=9021"}],"version-history":[{"count":0,"href":"https:\/\/www.creusonslabible.fr\/index.php?rest_route=\/wp\/v2\/posts\/9021\/revisions"}],"wp:featuredmedia":[{"embeddable":true,"href":"https:\/\/www.creusonslabible.fr\/index.php?rest_route=\/wp\/v2\/media\/9212"}],"wp:attachment":[{"href":"https:\/\/www.creusonslabible.fr\/index.php?rest_route=%2Fwp%2Fv2%2Fmedia&parent=9021"}],"wp:term":[{"taxonomy":"category","embeddable":true,"href":"https:\/\/www.creusonslabible.fr\/index.php?rest_route=%2Fwp%2Fv2%2Fcategories&post=9021"},{"taxonomy":"post_tag","embeddable":true,"href":"https:\/\/www.creusonslabible.fr\/index.php?rest_route=%2Fwp%2Fv2%2Ftags&post=9021"},{"taxonomy":"video","embeddable":true,"href":"https:\/\/www.creusonslabible.fr\/index.php?rest_route=%2Fwp%2Fv2%2Fvideo&post=9021"},{"taxonomy":"audio","embeddable":true,"href":"https:\/\/www.creusonslabible.fr\/index.php?rest_route=%2Fwp%2Fv2%2Faudio&post=9021"},{"taxonomy":"ecrit","embeddable":true,"href":"https:\/\/www.creusonslabible.fr\/index.php?rest_route=%2Fwp%2Fv2%2Fecrit&post=9021"},{"taxonomy":"mis-en-avant","embeddable":true,"href":"https:\/\/www.creusonslabible.fr\/index.php?rest_route=%2Fwp%2Fv2%2Fmis-en-avant&post=9021"},{"taxonomy":"redacteur","embeddable":true,"href":"https:\/\/www.creusonslabible.fr\/index.php?rest_route=%2Fwp%2Fv2%2Fredacteur&post=9021"},{"taxonomy":"type-darticle","embeddable":true,"href":"https:\/\/www.creusonslabible.fr\/index.php?rest_route=%2Fwp%2Fv2%2Ftype-darticle&post=9021"}],"curies":[{"name":"wp","href":"https:\/\/api.w.org\/{rel}","templated":true}]}}