{"id":9027,"date":"2023-12-11T14:48:32","date_gmt":"2023-12-11T12:48:32","guid":{"rendered":"https:\/\/www.creusonslabible.fr\/?p=9027"},"modified":"2024-04-24T15:39:50","modified_gmt":"2024-04-24T13:39:50","slug":"ephesiens-2-11-22-detruire-le-mur-de-separation","status":"publish","type":"post","link":"https:\/\/www.creusonslabible.fr\/?p=9027","title":{"rendered":"Eph\u00e9siens 2.11-22 : D\u00e9truire le mur de s\u00e9paration"},"content":{"rendered":"\n<p><\/p>\n\n\n\n<p>Joanna Ong, Coordinatrice R\u00e9gionale Sud-Ouest<\/p>\n\n\n\n<p><strong>Contexte :<\/strong><\/p>\n\n\n\n<p>&#8211; L\u2019ap\u00f4tre Paul \u00e9crit cette lettre en prison, probablement vers la fin de sa vie,&nbsp;autour de&nbsp;l\u2019an 60.<\/p>\n\n\n\n<p>&#8211; \u00c9ph\u00e8se \u00e9tait la capitale de l&rsquo;Asie mineure dont situation g\u00e9ographique centrale en faisait une ville importante dans le minist\u00e8re de Paul. Le contenu plut\u00f4t g\u00e9n\u00e9ral de l\u2019\u00e9pitre laisse penser que c\u2019est une lettre \u201ccirculaire\u201d, qui se transmettait d\u2019\u00c9glise en&nbsp;\u00c9glise.<\/p>\n\n\n\n<p>&#8211; \u00c9ph\u00e8se&nbsp;est r\u00e9put\u00e9e pour \u00eatre un haut lieu de culte de la d\u00e9esse Art\u00e9mis.&nbsp;Actes 19 rend compte de l\u2019ambiance de la ville, entre occultisme et opposition de certains juifs \u00e0 l\u2019\u00c9vangile.<\/p>\n\n\n\n<p><strong>Observations :<\/strong><\/p>\n\n\n\n<p>&#8211; Quels sont les mots ou les expressions se rapportant \u00e0 la culture juive ? \u00c0 la culture gr\u00e9co-romaine ?<\/p>\n\n\n\n<p>&#8211; Qui sont les \u201cdeux groupes\u201d dont parle Paul v.14 ?<\/p>\n\n\n\n<p>&#8211; Quels sont&nbsp;les mots ou ensembles de mots ayant un th\u00e8me commun dans ce passage&nbsp;?<\/p>\n\n\n\n<p><strong>Activit\u00e9 d\u2019observation :<\/strong><\/p>\n\n\n\n<p>&#8211; Faire un tableau qui r\u00e9pertorie le avant-apr\u00e8s pour les non-juifs.<\/p>\n\n\n\n<p>OU<\/p>\n\n\n\n<p>&#8211; Dessiner la condition des pa\u00efens avant et apr\u00e8s leur conversion.<\/p>\n\n\n\n<p><strong>Interpr\u00e9tation :<\/strong><\/p>\n\n\n\n<p>&#8211; Pourquoi les pa\u00efens \u00e9taient-ils aussi s\u00e9par\u00e9s des Juifs ? (on peut lire Actes 19.34 pour se rendre compte de la tension&nbsp;qui&nbsp;semblait exister entre la communaut\u00e9 juive et les pa\u00efens.)<\/p>\n\n\n\n<p>&#8211; En quoi \u00eatre Juif pouvait \u00eatre vu comme un avantage ?<\/p>\n\n\n\n<p>&#8211; En quoi la mort de J\u00e9sus bouleverse-t-elle les rapports entre Juifs et pa\u00efens ?<\/p>\n\n\n\n<p>&#8211; Quels sont les buts du plan de salut de Dieu en J\u00e9sus-Christ ?<\/p>\n\n\n\n<p>&#8211; Comment le message de l\u2019\u00c9vangile transforme-t-il les rapports sociaux (dans l\u2019\u00c9glise en particulier) \u00e0 l\u2019\u00e9poque de Paul ?<\/p>\n\n\n\n<p><strong>Applications :<\/strong><\/p>\n\n\n\n<p>&#8211; Quelles divisions existent dans notre soci\u00e9t\u00e9 aujourd\u2019hui ?<\/p>\n\n\n\n<p>&#8211; Comment vivre l\u2019unit\u00e9 et l\u2019\u00e9galit\u00e9 sans pour autant gommer ou nier la diversit\u00e9 et les \u00e9ventuelles difficult\u00e9s qui peuvent en d\u00e9couler ?<\/p>\n\n\n\n<p>&#8211; Comment l\u2019\u00c9glise (et mon groupe GBU!) peut-elle \u00eatre un mod\u00e8le d\u2019une soci\u00e9t\u00e9 transform\u00e9e par l\u2019\u00c9vangile ?<\/p>\n\n\n\n<p>&#8211; En quoi la mort de J\u00e9sus est-elle une bonne nouvelle pour nos contemporains, et en particulier pour ceux qui sont marginalis\u00e9s ?<\/p>\n\n\n\n<p>&#8211; Comment mon statut de \u201ccitoyen du ciel\u201d change mes relations avec les chr\u00e9tiens radicalement diff\u00e9rents de moi (d\u00e9nomination, culture, cat\u00e9gorie socio-professionnelle\u2026) ?<\/p>\n","protected":false},"excerpt":{"rendered":"<p>Joanna Ong, Coordinatrice R\u00e9gionale Sud-Ouest Contexte : &#8211; L\u2019ap\u00f4tre Paul \u00e9crit cette lettre en prison, probablement vers la fin de sa vie,&nbsp;autour de&nbsp;l\u2019an 60. &#8211; \u00c9ph\u00e8se \u00e9tait la capitale de l&rsquo;Asie mineure dont situation g\u00e9ographique centrale en faisait une ville importante dans le minist\u00e8re de Paul. Le contenu plut\u00f4t g\u00e9n\u00e9ral de l\u2019\u00e9pitre laisse penser que [&hellip;]<\/p>\n","protected":false},"author":3,"featured_media":9146,"comment_status":"open","ping_status":"closed","sticky":false,"template":"","format":"standard","meta":{"_acf_changed":false,"_eb_attr":"","advgb_blocks_editor_width":"","advgb_blocks_columns_visual_guide":"","footnotes":""},"categories":[18],"tags":[651],"video":[],"audio":[],"ecrit":[],"mis-en-avant":[],"redacteur":[],"type-darticle":[],"class_list":["post-9027","post","type-post","status-publish","format-standard","has-post-thumbnail","hentry","category-dab-pour-etudiants","tag-ecrit"],"blocksy_meta":[],"acf":[],"featured_image_src":"https:\/\/www.creusonslabible.fr\/wp-content\/uploads\/2023\/09\/claudio-schwarz-oOmqLqq5tio-unsplash-2-1.jpg","author_info":{"display_name":"Yoh","author_link":"https:\/\/www.creusonslabible.fr\/?author=3"},"author_meta":{"display_name":"Yoh","author_link":"https:\/\/www.creusonslabible.fr\/?author=3"},"featured_img":"https:\/\/www.creusonslabible.fr\/wp-content\/uploads\/2023\/09\/claudio-schwarz-oOmqLqq5tio-unsplash-2-1-300x200.jpg","coauthors":[],"tax_additional":{"categories":{"linked":["<a href=\"https:\/\/www.creusonslabible.fr\/?cat=18\" class=\"advgb-post-tax-term\">DAB pour \u00e9tudiants<\/a>"],"unlinked":["<span class=\"advgb-post-tax-term\">DAB pour \u00e9tudiants<\/span>"]},"tags":{"linked":["<a href=\"https:\/\/www.creusonslabible.fr\/?cat=18\" class=\"advgb-post-tax-term\">\u00e9crit<\/a>"],"unlinked":["<span class=\"advgb-post-tax-term\">\u00e9crit<\/span>"]}},"comment_count":"0","relative_dates":{"created":"Publi\u00e9 2 ans il y a","modified":"Mis \u00e0 jour 2 ans il y a"},"absolute_dates":{"created":"Publi\u00e9 le 11 d\u00e9cembre 2023","modified":"Mise \u00e0 jour le 24 avril 2024"},"absolute_dates_time":{"created":"Publi\u00e9 le 11 d\u00e9cembre 2023 14h48","modified":"Mise \u00e0 jour le 24 avril 2024 15h39"},"featured_img_caption":"","series_order":"","meta_box":[],"_links":{"self":[{"href":"https:\/\/www.creusonslabible.fr\/index.php?rest_route=\/wp\/v2\/posts\/9027","targetHints":{"allow":["GET"]}}],"collection":[{"href":"https:\/\/www.creusonslabible.fr\/index.php?rest_route=\/wp\/v2\/posts"}],"about":[{"href":"https:\/\/www.creusonslabible.fr\/index.php?rest_route=\/wp\/v2\/types\/post"}],"author":[{"embeddable":true,"href":"https:\/\/www.creusonslabible.fr\/index.php?rest_route=\/wp\/v2\/users\/3"}],"replies":[{"embeddable":true,"href":"https:\/\/www.creusonslabible.fr\/index.php?rest_route=%2Fwp%2Fv2%2Fcomments&post=9027"}],"version-history":[{"count":1,"href":"https:\/\/www.creusonslabible.fr\/index.php?rest_route=\/wp\/v2\/posts\/9027\/revisions"}],"predecessor-version":[{"id":9530,"href":"https:\/\/www.creusonslabible.fr\/index.php?rest_route=\/wp\/v2\/posts\/9027\/revisions\/9530"}],"wp:featuredmedia":[{"embeddable":true,"href":"https:\/\/www.creusonslabible.fr\/index.php?rest_route=\/wp\/v2\/media\/9146"}],"wp:attachment":[{"href":"https:\/\/www.creusonslabible.fr\/index.php?rest_route=%2Fwp%2Fv2%2Fmedia&parent=9027"}],"wp:term":[{"taxonomy":"category","embeddable":true,"href":"https:\/\/www.creusonslabible.fr\/index.php?rest_route=%2Fwp%2Fv2%2Fcategories&post=9027"},{"taxonomy":"post_tag","embeddable":true,"href":"https:\/\/www.creusonslabible.fr\/index.php?rest_route=%2Fwp%2Fv2%2Ftags&post=9027"},{"taxonomy":"video","embeddable":true,"href":"https:\/\/www.creusonslabible.fr\/index.php?rest_route=%2Fwp%2Fv2%2Fvideo&post=9027"},{"taxonomy":"audio","embeddable":true,"href":"https:\/\/www.creusonslabible.fr\/index.php?rest_route=%2Fwp%2Fv2%2Faudio&post=9027"},{"taxonomy":"ecrit","embeddable":true,"href":"https:\/\/www.creusonslabible.fr\/index.php?rest_route=%2Fwp%2Fv2%2Fecrit&post=9027"},{"taxonomy":"mis-en-avant","embeddable":true,"href":"https:\/\/www.creusonslabible.fr\/index.php?rest_route=%2Fwp%2Fv2%2Fmis-en-avant&post=9027"},{"taxonomy":"redacteur","embeddable":true,"href":"https:\/\/www.creusonslabible.fr\/index.php?rest_route=%2Fwp%2Fv2%2Fredacteur&post=9027"},{"taxonomy":"type-darticle","embeddable":true,"href":"https:\/\/www.creusonslabible.fr\/index.php?rest_route=%2Fwp%2Fv2%2Ftype-darticle&post=9027"}],"curies":[{"name":"wp","href":"https:\/\/api.w.org\/{rel}","templated":true}]}}