{"id":9039,"date":"2023-10-17T12:11:00","date_gmt":"2023-10-17T10:11:00","guid":{"rendered":"https:\/\/www.creusonslabible.fr\/?p=9039"},"modified":"2024-04-24T15:39:51","modified_gmt":"2024-04-24T13:39:51","slug":"jean-2-la-communication-selon-jesus","status":"publish","type":"post","link":"https:\/\/www.creusonslabible.fr\/?p=9039","title":{"rendered":"Jean 2 : La communication selon J\u00e9sus"},"content":{"rendered":"\n<p><\/p>\n\n\n\n<p><strong>Contexte&nbsp;:<\/strong>&nbsp;Nous sommes au d\u00e9but de minist\u00e8re de J\u00e9sus. Au chapitre pr\u00e9c\u00e9dent, il a recrut\u00e9 ses quatre premiers disciples.<\/p>\n\n\n\n<h2 class=\"wp-block-heading\"><strong>Manque de vin \u00e0 Cana (1-12)<\/strong><\/h2>\n\n\n\n<ul class=\"wp-block-list\">\n<li>[C] Que savez-vous d\u2019un mariage oriental&nbsp;?&nbsp;<em>Plusieurs jours, les amis des amis des amis sont invit\u00e9s, bien recevoir est une question de r\u00e9putation<\/em><\/li>\n\n\n\n<li>[O-C]Que pensez-vous de la relation de J\u00e9sus avec sa m\u00e8re&nbsp;?&nbsp;<em>\u00ab&nbsp;Femme qu&rsquo;avons-nous de commun en cette affaire&nbsp;?&nbsp;\u00bb pourrait \u00eatre traduit par \u00ab&nbsp;madame, de quoi tu te m\u00eales&nbsp;?&nbsp;\u00bb. C\u2019est un recadrage gentil.<\/em><\/li>\n\n\n\n<li>[O-C] Quel est le probl\u00e8me&nbsp;? Que veut dire \u00ab&nbsp;mon heure n\u2019est pas venue&nbsp;\u00bb&nbsp;?&nbsp;<em>Marie veut que J\u00e9sus se d\u00e9voile mais lui veut encore \u00eatre discret car avec la notori\u00e9t\u00e9 viendront les probl\u00e8mes.<\/em><\/li>\n\n\n\n<li>[O-C] Le v.5 est surprenant. D\u2019apr\u00e8s vous, Marie force-t-elle la main de J\u00e9sus ou bien ont-ils n\u00e9goci\u00e9&nbsp;?&nbsp;<em>R\u00e9ponse tout \u00e0 l\u2019heure.<\/em><\/li>\n\n\n\n<li>[O] Retracez le parcours des jarres du v.6.<\/li>\n\n\n\n<li>[O] Qu\u2019est-ce qu\u2019ont vu les serviteurs d\u2019apr\u00e8s le texte&nbsp;?<\/li>\n\n\n\n<li>[O-C] Qu\u2019a fait J\u00e9sus d\u2019apr\u00e8s le texte&nbsp;?&nbsp;<em>Pas grand-chose&nbsp;!<\/em><\/li>\n\n\n\n<li>[O] Finalement, qui a vraiment compris ce signe miraculeux&nbsp;? Seulement l<em>es disciples (11)<\/em><\/li>\n\n\n\n<li>[C] Qu\u2019est-ce qu\u2019il fallait comprendre&nbsp;?&nbsp;<em>Les eaux de puret\u00e9 rituelle de l\u2019Ancienne Alliance vont devenir le vin de festin de noce de la Nouvelle Alliance.<\/em><\/li>\n\n\n\n<li>[C] Si J\u00e9sus avait voulu que son \u00ab&nbsp;heure vienne&nbsp;\u00bb&nbsp;(\u00eatre connu et reconnu), comment s\u2019y serait-il pris&nbsp;? Quel \u00e9tait le but de ce miracle&nbsp;?<\/li>\n<\/ul>\n\n\n\n<h2 class=\"wp-block-heading\"><strong>Troubles dans le temple (13-24)<\/strong><\/h2>\n\n\n\n<ul class=\"wp-block-list\">\n<li>Qu\u2019est-ce qu\u2019on f\u00eatait lors de la P\u00e2que juive&nbsp;?<\/li>\n\n\n\n<li>[C] \u00c0 quoi servaient ces vendeurs dans le temple&nbsp;?&nbsp;<em>Les Juifs venus de loin trouvaient difficile d\u2019<\/em><em>amener&nbsp;<\/em><em>avec eux \u00e0 J\u00e9rusalem les animaux n\u00e9cessaires aux sacrifices dans le temple. Un service s\u2019est \u00e9tabli dans le parvis des Gentils \u00e0 l\u2019entr\u00e9e du temple : des marchands&nbsp;<\/em><em>pour<\/em><em>ven<\/em><em>dr<\/em><em>e\/<\/em><em>fournir<\/em><em>&nbsp;<\/em><em>les a<\/em><em>nimaux&nbsp;<\/em><em>(et des changeurs car le temple avait sa propre monnaie)<\/em><em>.<\/em><\/li>\n\n\n\n<li><em>[O-C] Pourquoi J\u00e9sus a-t-il une telle r\u00e9action&nbsp;? Ce service aux p\u00e8lerins s\u2019\u00e9tait transform\u00e9 en petit commerce lucratif dont les profits et taux de change \u00e9taient contr\u00f4l\u00e9s par les pr\u00eatres et les Pharisiens.<\/em><\/li>\n\n\n\n<li>[C] Qui est le p\u00e8re de J\u00e9sus au v.16&nbsp;? Pourquoi&nbsp;?<\/li>\n\n\n\n<li>[O-C] Pourquoi Jean cite-t-il le Psaume 69.10. Il est long alors voici juste le verset en entier&nbsp;: \u00ab&nbsp;L&rsquo;amour que j&rsquo;ai pour ta maison | est en moi comme un feu | qui me consume, et les insultes | des hommes qui t&rsquo;insultent | sont retomb\u00e9es sur moi.&nbsp;\u00bb&nbsp;?<\/li>\n\n\n\n<li>[C] Pourquoi les disciples ont-ils pens\u00e9 \u00e0 ce psaume&nbsp;?<\/li>\n\n\n\n<li>[O-C] Que r\u00e9pond J\u00e9sus \u00e0 ceux qui lui demande d\u2019expliquer son geste violent&nbsp;? \u00c9tait-ce compr\u00e9hensible&nbsp;?<\/li>\n\n\n\n<li>[O-C] Pourquoi J\u00e9sus entretient-il l\u2019ambigu\u00eft\u00e9 entre le temple et lui&nbsp;?<\/li>\n\n\n\n<li>[O-C] Quand cette parole a-t-elle \u00e9t\u00e9 comprise&nbsp;? Par qui&nbsp;?&nbsp;Que fallait-il comprendre&nbsp;?<\/li>\n<\/ul>\n\n\n\n<ul class=\"wp-block-list\">\n<li>[O-C] Qui met finalement sa foi en J\u00e9sus&nbsp;? Pour quelle raison&nbsp;?<\/li>\n\n\n\n<li>[O-C] Pourquoi&nbsp;J\u00e9sus&nbsp;n\u2019y croit-il pas&nbsp;?<\/li>\n\n\n\n<li>[C] Finalement, quel est son rapport&nbsp;aux miracles et&nbsp;\u00e0 la notori\u00e9t\u00e9&nbsp;?<\/li>\n<\/ul>\n\n\n\n<h2 class=\"wp-block-heading\"><strong>Application<\/strong><\/h2>\n\n\n\n<ul class=\"wp-block-list\">\n<li>D\u2019apr\u00e8s vous, faut-il tout comprendre pour croire&nbsp;? Pourquoi&nbsp;?<\/li>\n\n\n\n<li>D\u2019apr\u00e8s vous, les signes miraculeux sont-ils utiles pour croire&nbsp;? Pourquoi&nbsp;?<\/li>\n\n\n\n<li>Trois groupes de personnes ont \u00e9t\u00e9 saisis par l\u2019autorit\u00e9 de J\u00e9sus dans le temple ce jour-l\u00e0 : les leaders juifs, les disciples et la foule des spectateurs. Auquel vous identifiez-vous ? Pourquoi ?<\/li>\n<\/ul>\n","protected":false},"excerpt":{"rendered":"<p>Contexte&nbsp;:&nbsp;Nous sommes au d\u00e9but de minist\u00e8re de J\u00e9sus. Au chapitre pr\u00e9c\u00e9dent, il a recrut\u00e9 ses quatre premiers disciples. Manque de vin \u00e0 Cana (1-12) Troubles dans le temple (13-24) Application<\/p>\n","protected":false},"author":3,"featured_media":9040,"comment_status":"open","ping_status":"closed","sticky":false,"template":"","format":"standard","meta":{"_acf_changed":false,"_eb_attr":"","advgb_blocks_editor_width":"","advgb_blocks_columns_visual_guide":"","footnotes":""},"categories":[10],"tags":[641,651,642,95,523],"video":[],"audio":[],"ecrit":[],"mis-en-avant":[],"redacteur":[],"type-darticle":[],"class_list":["post-9039","post","type-post","status-publish","format-standard","has-post-thumbnail","hentry","category-discussions-autour-de-la-bible","tag-cana","tag-ecrit","tag-marchands","tag-signes","tag-temple"],"blocksy_meta":[],"acf":[],"featured_image_src":"https:\/\/www.creusonslabible.fr\/wp-content\/uploads\/2023\/10\/hugo-jehanne-LOHVrTsdvzY-unsplash-scaled-e1696844559807-1.jpg","author_info":{"display_name":"Yoh","author_link":"https:\/\/www.creusonslabible.fr\/?author=3"},"author_meta":{"display_name":"Yoh","author_link":"https:\/\/www.creusonslabible.fr\/?author=3"},"featured_img":"https:\/\/www.creusonslabible.fr\/wp-content\/uploads\/2023\/10\/hugo-jehanne-LOHVrTsdvzY-unsplash-scaled-e1696844559807-1-300x283.jpg","coauthors":[],"tax_additional":{"categories":{"linked":["<a href=\"https:\/\/www.creusonslabible.fr\/?cat=10\" class=\"advgb-post-tax-term\">Discussions autour de la Bible<\/a>"],"unlinked":["<span class=\"advgb-post-tax-term\">Discussions autour de la Bible<\/span>"]},"tags":{"linked":["<a href=\"https:\/\/www.creusonslabible.fr\/?cat=10\" class=\"advgb-post-tax-term\">Cana<\/a>","<a href=\"https:\/\/www.creusonslabible.fr\/?cat=10\" class=\"advgb-post-tax-term\">\u00e9crit<\/a>","<a href=\"https:\/\/www.creusonslabible.fr\/?cat=10\" class=\"advgb-post-tax-term\">Marchands<\/a>","<a href=\"https:\/\/www.creusonslabible.fr\/?cat=10\" class=\"advgb-post-tax-term\">signes<\/a>","<a href=\"https:\/\/www.creusonslabible.fr\/?cat=10\" class=\"advgb-post-tax-term\">Temple<\/a>"],"unlinked":["<span class=\"advgb-post-tax-term\">Cana<\/span>","<span class=\"advgb-post-tax-term\">\u00e9crit<\/span>","<span class=\"advgb-post-tax-term\">Marchands<\/span>","<span class=\"advgb-post-tax-term\">signes<\/span>","<span class=\"advgb-post-tax-term\">Temple<\/span>"]}},"comment_count":"0","relative_dates":{"created":"Publi\u00e9 3 ans il y a","modified":"Mis \u00e0 jour 2 ans il y a"},"absolute_dates":{"created":"Publi\u00e9 le 17 octobre 2023","modified":"Mise \u00e0 jour le 24 avril 2024"},"absolute_dates_time":{"created":"Publi\u00e9 le 17 octobre 2023 12h11","modified":"Mise \u00e0 jour le 24 avril 2024 15h39"},"featured_img_caption":"","series_order":"","meta_box":[],"_links":{"self":[{"href":"https:\/\/www.creusonslabible.fr\/index.php?rest_route=\/wp\/v2\/posts\/9039","targetHints":{"allow":["GET"]}}],"collection":[{"href":"https:\/\/www.creusonslabible.fr\/index.php?rest_route=\/wp\/v2\/posts"}],"about":[{"href":"https:\/\/www.creusonslabible.fr\/index.php?rest_route=\/wp\/v2\/types\/post"}],"author":[{"embeddable":true,"href":"https:\/\/www.creusonslabible.fr\/index.php?rest_route=\/wp\/v2\/users\/3"}],"replies":[{"embeddable":true,"href":"https:\/\/www.creusonslabible.fr\/index.php?rest_route=%2Fwp%2Fv2%2Fcomments&post=9039"}],"version-history":[{"count":1,"href":"https:\/\/www.creusonslabible.fr\/index.php?rest_route=\/wp\/v2\/posts\/9039\/revisions"}],"predecessor-version":[{"id":9535,"href":"https:\/\/www.creusonslabible.fr\/index.php?rest_route=\/wp\/v2\/posts\/9039\/revisions\/9535"}],"wp:featuredmedia":[{"embeddable":true,"href":"https:\/\/www.creusonslabible.fr\/index.php?rest_route=\/wp\/v2\/media\/9040"}],"wp:attachment":[{"href":"https:\/\/www.creusonslabible.fr\/index.php?rest_route=%2Fwp%2Fv2%2Fmedia&parent=9039"}],"wp:term":[{"taxonomy":"category","embeddable":true,"href":"https:\/\/www.creusonslabible.fr\/index.php?rest_route=%2Fwp%2Fv2%2Fcategories&post=9039"},{"taxonomy":"post_tag","embeddable":true,"href":"https:\/\/www.creusonslabible.fr\/index.php?rest_route=%2Fwp%2Fv2%2Ftags&post=9039"},{"taxonomy":"video","embeddable":true,"href":"https:\/\/www.creusonslabible.fr\/index.php?rest_route=%2Fwp%2Fv2%2Fvideo&post=9039"},{"taxonomy":"audio","embeddable":true,"href":"https:\/\/www.creusonslabible.fr\/index.php?rest_route=%2Fwp%2Fv2%2Faudio&post=9039"},{"taxonomy":"ecrit","embeddable":true,"href":"https:\/\/www.creusonslabible.fr\/index.php?rest_route=%2Fwp%2Fv2%2Fecrit&post=9039"},{"taxonomy":"mis-en-avant","embeddable":true,"href":"https:\/\/www.creusonslabible.fr\/index.php?rest_route=%2Fwp%2Fv2%2Fmis-en-avant&post=9039"},{"taxonomy":"redacteur","embeddable":true,"href":"https:\/\/www.creusonslabible.fr\/index.php?rest_route=%2Fwp%2Fv2%2Fredacteur&post=9039"},{"taxonomy":"type-darticle","embeddable":true,"href":"https:\/\/www.creusonslabible.fr\/index.php?rest_route=%2Fwp%2Fv2%2Ftype-darticle&post=9039"}],"curies":[{"name":"wp","href":"https:\/\/api.w.org\/{rel}","templated":true}]}}