{"id":9085,"date":"2024-01-08T15:01:06","date_gmt":"2024-01-08T13:01:06","guid":{"rendered":"https:\/\/www.creusonslabible.fr\/?p=9085"},"modified":"2025-07-29T17:16:30","modified_gmt":"2025-07-29T15:16:30","slug":"ephesiens-4-17-5-16-la-pensee-renouvelee","status":"publish","type":"post","link":"https:\/\/www.creusonslabible.fr\/?p=9085","title":{"rendered":"\u00c9ph\u00e9siens 4.17-5.16 : La pens\u00e9e renouvel\u00e9e"},"content":{"rendered":"<figure class=\"wp-block-post-featured-image\"><img loading=\"lazy\" decoding=\"async\" width=\"1280\" height=\"658\" src=\"https:\/\/www.creusonslabible.fr\/wp-content\/uploads\/2023\/10\/Eph-DAB-7-1.jpg\" class=\"attachment-post-thumbnail size-post-thumbnail wp-post-image\" alt=\"\" style=\"object-fit:cover;\" srcset=\"https:\/\/www.creusonslabible.fr\/wp-content\/uploads\/2023\/10\/Eph-DAB-7-1.jpg 1280w, https:\/\/www.creusonslabible.fr\/wp-content\/uploads\/2023\/10\/Eph-DAB-7-1-300x154.jpg 300w, https:\/\/www.creusonslabible.fr\/wp-content\/uploads\/2023\/10\/Eph-DAB-7-1-1024x526.jpg 1024w, https:\/\/www.creusonslabible.fr\/wp-content\/uploads\/2023\/10\/Eph-DAB-7-1-768x395.jpg 768w\" sizes=\"auto, (max-width: 1280px) 100vw, 1280px\" \/><\/figure>\n\n\n<p class=\"ticss-807ec613 has-large-font-size\"><strong>Accroche :<\/strong><\/p>\n\n\n\n<p>Que pensez-vous du fait de pouvoir changer de vie, est-ce possible ? Avez-vous des exemples de changements&nbsp; de vie ?&nbsp;&nbsp;<\/p>\n\n\n\n<p><strong>Lire le texte<\/strong><\/p>\n\n\n\n<p class=\"has-medium-font-size\"><strong>vocabulaire<\/strong><\/p>\n\n\n\n<p><em>Pa\u00efen <\/em>: Personne qui pratique une des religions polyth\u00e9istes de l&rsquo;Antiquit\u00e9&nbsp;<\/p>\n\n\n\n<p><em>P\u00e9cher<\/em>: d\u00e9sob\u00e9ir \u00e0 Dieu \/ rater la cible<\/p>\n\n\n\n<p class=\"has-large-font-size\"><strong>Observation du texte : BD<\/strong><\/p>\n\n\n\n<p>Imaginez sous forme d\u2019une bande dessin\u00e9e les principaux \u00e9l\u00e9ments de ce texte. Et pr\u00e9sentez aux autres ce que vous avez fait.<\/p>\n\n\n\n<p class=\"has-large-font-size\"><strong>C\u0153ur du passage<\/strong><\/p>\n\n\n\n<p class=\"has-medium-font-size\"><strong>&nbsp;V17-25 : Dieu a renouvel\u00e9 notre pens\u00e9e, nous ne sommes plus ignorants<\/strong><\/p>\n\n\n\n<ul class=\"wp-block-list\">\n<li><strong>Qu\u2019est-ce qui est dit sur la fa\u00e7on de vivre des non-croyants au d\u00e9but du texte ? Qu\u2019est-ce qui obscurcit leur pens\u00e9e ? Est-ce volontaire de leur part ou s\u2019agit-il d\u2019une situation qu\u2019ils subissent malgr\u00e9 eux ?<\/strong><\/li>\n<\/ul>\n\n\n\n<ul class=\"wp-block-list\">\n<li><strong>Quelle est la diff\u00e9rence que l\u2019on voit avec les personnes qui croient en J\u00e9sus ? Ils savent, ils ont appris,leur intelligence a \u00e9t\u00e9 renouvel\u00e9e. Quelle \u00e9ducation les chr\u00e9tiens ont-ils re\u00e7ue (v.20-24) ?<\/strong><\/li>\n<\/ul>\n\n\n\n<ul class=\"wp-block-list\">\n<li><strong>Selon le verset 20 \u00e0 25, en quoi consiste la vie du croyant ?<\/strong> Se d\u00e9barrasser de l\u2019ancienne vie qui consiste \u00e0 vivre selon des d\u00e9sirs trompeurs et vivre dans une pens\u00e9e renouvel\u00e9e.<\/li>\n<\/ul>\n\n\n\n<ul class=\"wp-block-list\">\n<li><strong>Que signifie un d\u00e9sir trompeur&nbsp; (s\u2019aider du verset 24)?<\/strong><\/li>\n<\/ul>\n\n\n\n<ul class=\"wp-block-list\">\n<li><strong>Pourquoi le Chr\u00e9tien devrait-il agir comme le dit le texte ? <\/strong>R\u00e9p\u00e9titions de conformit\u00e9\u2026 et d\u2019unis \u00e0 Christ<\/li>\n<\/ul>\n\n\n\n<p class=\"has-medium-font-size\"><strong>&nbsp;V26-5 : Changez en prenant exemple sur Christ<\/strong><\/p>\n\n\n\n<ul class=\"wp-block-list\">\n<li><strong>Remplir le tableau suivant :<\/strong><\/li>\n<\/ul>\n\n\n\n<figure class=\"wp-block-table\"><table><tbody><tr><td><strong>ce dont il faut se d\u00e9faire de \u201cl\u2019ancienne nature\u201d<\/strong><\/td><td><strong>ce par quoi il faut le remplacer<\/strong><\/td><\/tr><tr><td><\/td><td><\/td><\/tr><\/tbody><\/table><\/figure>\n\n\n\n<ul class=\"wp-block-list\">\n<li><strong>Quel rapport entre les passages 17-24 et 26-5 ? <\/strong>pens\u00e9es renouvel\u00e9es<\/li>\n<\/ul>\n\n\n\n<ul class=\"wp-block-list\">\n<li><strong>Selon le verset 26 \u00e0 5, sur quelle base devrait se faire ce changement d\u2019attitude ? En quoi l\u2019exemple de J\u00e9sus pourrait-il \u00eatre moteur ?<\/strong><\/li>\n<\/ul>\n\n\n\n<p class=\"has-medium-font-size\"><strong>V6-16 : soyez diff\u00e9rents des t\u00e9n\u00e8bres<\/strong><\/p>\n\n\n\n<ul class=\"wp-block-list\">\n<li><strong>V6 \u00e0 16 quelles sont les principales oppositions ? <\/strong>Lumi\u00e8re et t\u00e9n\u00e8bres.<\/li>\n<\/ul>\n\n\n\n<ul class=\"wp-block-list\">\n<li><strong>Dans ce passage, quelle est la caract\u00e9ristique des t\u00e9n\u00e8bres ? <\/strong>Discours trompeur, cach\u00e9 et honteux.<\/li>\n<\/ul>\n\n\n\n<ul class=\"wp-block-list\">\n<li><strong>Quel est le r\u00f4le de la lumi\u00e8re? Pourquoi Paul compare-t-il les chr\u00e9tiens \u00e0 la lumi\u00e8re ?<\/strong><\/li>\n<\/ul>\n\n\n\n<p class=\"has-large-font-size\"><strong>Applications<\/strong><\/p>\n\n\n\n<ul class=\"wp-block-list\">\n<li><strong>Regardez la deuxi\u00e8me colonne du tableau, qu\u2019est-ce qui pourrait nous aider \u00e0 combattre le p\u00e9ch\u00e9 dans notre vie ?<\/strong> (l\u2019exemple de Christ) <strong>Prenez l\u2019exemple d\u2019un p\u00e9ch\u00e9 qui vous touche particuli\u00e8rement, en quoi l\u2019exemple de Christ pourrait-il \u00eatre une aide pour vous en lib\u00e9rer ? Que signifie \u2018renouveler sa pens\u00e9e\u2019 dans ce cas-l\u00e0 ?<\/strong><\/li>\n<\/ul>\n\n\n\n<ul class=\"wp-block-list\">\n<li>&nbsp;<strong>Pourquoi faudrait-il mettre en lumi\u00e8re ce qui ne va pas dans nos vies, selon ce texte ?<\/strong><\/li>\n<\/ul>\n\n\n\n<ul class=\"wp-block-list\">\n<li>&nbsp;<strong>Qu\u2019est ce que ces exemples de p\u00e9ch\u00e9s montrent sur la nature de l\u2019homme qui est en nous ?<\/strong><\/li>\n<\/ul>\n","protected":false},"excerpt":{"rendered":"<p>Que pensez-vous de pouvoir changer de vie, est-ce possible ?<\/p>\n","protected":false},"author":7,"featured_media":9083,"comment_status":"open","ping_status":"closed","sticky":false,"template":"","format":"standard","meta":{"_acf_changed":false,"_eb_attr":"","advgb_blocks_editor_width":"","advgb_blocks_columns_visual_guide":"","footnotes":""},"categories":[10,1,105],"tags":[651,591,23],"video":[],"audio":[],"ecrit":[],"mis-en-avant":[],"redacteur":[],"type-darticle":[],"class_list":["post-9085","post","type-post","status-publish","format-standard","has-post-thumbnail","hentry","category-discussions-autour-de-la-bible","category-non-classe","category-speciales-groupes-bibliques-lyceens","tag-ecrit","tag-ephesiens-3","tag-nouveau-testament"],"blocksy_meta":[],"acf":[],"featured_image_src":"https:\/\/www.creusonslabible.fr\/wp-content\/uploads\/2023\/10\/Eph-DAB-7-1.jpg","author_info":{"display_name":"Val","author_link":"https:\/\/www.creusonslabible.fr\/?author=7"},"author_meta":{"display_name":"Val","author_link":"https:\/\/www.creusonslabible.fr\/?author=7"},"featured_img":"https:\/\/www.creusonslabible.fr\/wp-content\/uploads\/2023\/10\/Eph-DAB-7-1-300x154.jpg","coauthors":[],"tax_additional":{"categories":{"linked":["<a href=\"https:\/\/www.creusonslabible.fr\/?cat=10\" class=\"advgb-post-tax-term\">Discussions autour de la Bible<\/a>","<a href=\"https:\/\/www.creusonslabible.fr\/?cat=1\" class=\"advgb-post-tax-term\">Non class\u00e9<\/a>","<a href=\"https:\/\/www.creusonslabible.fr\/?cat=105\" class=\"advgb-post-tax-term\">Sp\u00e9ciales Groupes Bibliques Lyc\u00e9ens<\/a>"],"unlinked":["<span class=\"advgb-post-tax-term\">Discussions autour de la Bible<\/span>","<span class=\"advgb-post-tax-term\">Non class\u00e9<\/span>","<span class=\"advgb-post-tax-term\">Sp\u00e9ciales Groupes Bibliques Lyc\u00e9ens<\/span>"]},"tags":{"linked":["<a href=\"https:\/\/www.creusonslabible.fr\/?cat=105\" class=\"advgb-post-tax-term\">\u00e9crit<\/a>","<a href=\"https:\/\/www.creusonslabible.fr\/?cat=105\" class=\"advgb-post-tax-term\">Eph\u00e9siens<\/a>","<a href=\"https:\/\/www.creusonslabible.fr\/?cat=105\" class=\"advgb-post-tax-term\">Nouveau-Testament<\/a>"],"unlinked":["<span class=\"advgb-post-tax-term\">\u00e9crit<\/span>","<span class=\"advgb-post-tax-term\">Eph\u00e9siens<\/span>","<span class=\"advgb-post-tax-term\">Nouveau-Testament<\/span>"]}},"comment_count":"0","relative_dates":{"created":"Publi\u00e9 2 ans il y a","modified":"Mis \u00e0 jour 9 mois il y a"},"absolute_dates":{"created":"Publi\u00e9 le 8 janvier 2024","modified":"Mise \u00e0 jour le 29 juillet 2025"},"absolute_dates_time":{"created":"Publi\u00e9 le 8 janvier 2024 15h01","modified":"Mise \u00e0 jour le 29 juillet 2025 17h16"},"featured_img_caption":"","series_order":"","meta_box":[],"_links":{"self":[{"href":"https:\/\/www.creusonslabible.fr\/index.php?rest_route=\/wp\/v2\/posts\/9085","targetHints":{"allow":["GET"]}}],"collection":[{"href":"https:\/\/www.creusonslabible.fr\/index.php?rest_route=\/wp\/v2\/posts"}],"about":[{"href":"https:\/\/www.creusonslabible.fr\/index.php?rest_route=\/wp\/v2\/types\/post"}],"author":[{"embeddable":true,"href":"https:\/\/www.creusonslabible.fr\/index.php?rest_route=\/wp\/v2\/users\/7"}],"replies":[{"embeddable":true,"href":"https:\/\/www.creusonslabible.fr\/index.php?rest_route=%2Fwp%2Fv2%2Fcomments&post=9085"}],"version-history":[{"count":3,"href":"https:\/\/www.creusonslabible.fr\/index.php?rest_route=\/wp\/v2\/posts\/9085\/revisions"}],"predecessor-version":[{"id":11544,"href":"https:\/\/www.creusonslabible.fr\/index.php?rest_route=\/wp\/v2\/posts\/9085\/revisions\/11544"}],"wp:featuredmedia":[{"embeddable":true,"href":"https:\/\/www.creusonslabible.fr\/index.php?rest_route=\/wp\/v2\/media\/9083"}],"wp:attachment":[{"href":"https:\/\/www.creusonslabible.fr\/index.php?rest_route=%2Fwp%2Fv2%2Fmedia&parent=9085"}],"wp:term":[{"taxonomy":"category","embeddable":true,"href":"https:\/\/www.creusonslabible.fr\/index.php?rest_route=%2Fwp%2Fv2%2Fcategories&post=9085"},{"taxonomy":"post_tag","embeddable":true,"href":"https:\/\/www.creusonslabible.fr\/index.php?rest_route=%2Fwp%2Fv2%2Ftags&post=9085"},{"taxonomy":"video","embeddable":true,"href":"https:\/\/www.creusonslabible.fr\/index.php?rest_route=%2Fwp%2Fv2%2Fvideo&post=9085"},{"taxonomy":"audio","embeddable":true,"href":"https:\/\/www.creusonslabible.fr\/index.php?rest_route=%2Fwp%2Fv2%2Faudio&post=9085"},{"taxonomy":"ecrit","embeddable":true,"href":"https:\/\/www.creusonslabible.fr\/index.php?rest_route=%2Fwp%2Fv2%2Fecrit&post=9085"},{"taxonomy":"mis-en-avant","embeddable":true,"href":"https:\/\/www.creusonslabible.fr\/index.php?rest_route=%2Fwp%2Fv2%2Fmis-en-avant&post=9085"},{"taxonomy":"redacteur","embeddable":true,"href":"https:\/\/www.creusonslabible.fr\/index.php?rest_route=%2Fwp%2Fv2%2Fredacteur&post=9085"},{"taxonomy":"type-darticle","embeddable":true,"href":"https:\/\/www.creusonslabible.fr\/index.php?rest_route=%2Fwp%2Fv2%2Ftype-darticle&post=9085"}],"curies":[{"name":"wp","href":"https:\/\/api.w.org\/{rel}","templated":true}]}}