{"id":9127,"date":"2023-11-27T18:05:00","date_gmt":"2023-11-27T16:05:00","guid":{"rendered":"https:\/\/www.creusonslabible.fr\/?p=9127"},"modified":"2024-04-24T15:42:00","modified_gmt":"2024-04-24T13:42:00","slug":"jeremie-le-prophete-de-leffondrement","status":"publish","type":"post","link":"https:\/\/www.creusonslabible.fr\/?p=9127","title":{"rendered":"J\u00e9r\u00e9mie, le proph\u00e8te de l\u2019effondrement"},"content":{"rendered":"\n<p>Quelques commentaire et r\u00e9flexions de Caillou sur le r\u00e9cit de la vocation de J\u00e9r\u00e9mie, au chapitre 1 du livre \u00e9ponyme. J\u00e9r\u00e9mie doit annoncer un message pas tr\u00e8s rigolo \u00e0 ses contemporains, pourquoi ? Cela nous concerne-t-il aujourd\u2019hui ? r\u00e9ponse en vid\u00e9o<\/p>\n\n\n\n<figure class=\"wp-block-embed\"><div class=\"wp-block-embed__wrapper\">\n<iframe loading=\"lazy\" title=\"J\u00e9r\u00e9mie, le proph\u00e8te de l\u2019effondrement\" width=\"1290\" height=\"726\" src=\"https:\/\/www.youtube.com\/embed\/H5od9DQaYFQ?feature=oembed\" frameborder=\"0\" allow=\"accelerometer; autoplay; clipboard-write; encrypted-media; gyroscope; picture-in-picture; web-share\" referrerpolicy=\"strict-origin-when-cross-origin\" allowfullscreen><\/iframe>\n<\/div><\/figure>\n","protected":false},"excerpt":{"rendered":"<p>Quelques commentaire et r\u00e9flexions de Caillou sur le r\u00e9cit de la vocation de J\u00e9r\u00e9mie, au chapitre 1 du livre \u00e9ponyme. J\u00e9r\u00e9mie doit annoncer un message pas tr\u00e8s rigolo \u00e0 ses contemporains, pourquoi ? Cela nous concerne-t-il aujourd\u2019hui ? r\u00e9ponse en vid\u00e9o<\/p>\n","protected":false},"author":2,"featured_media":9128,"comment_status":"open","ping_status":"closed","sticky":false,"template":"","format":"standard","meta":{"_acf_changed":false,"_eb_attr":"","advgb_blocks_editor_width":"","advgb_blocks_columns_visual_guide":"","footnotes":""},"categories":[24],"tags":[170,50,387,78,126],"video":[],"audio":[],"ecrit":[],"mis-en-avant":[],"redacteur":[],"type-darticle":[],"class_list":["post-9127","post","type-post","status-publish","format-standard","has-post-thumbnail","hentry","category-textes-bibliques-commentes","tag-ancien-testament","tag-jeremie","tag-prophete","tag-video","tag-vocation"],"blocksy_meta":[],"acf":[],"featured_image_src":"https:\/\/www.creusonslabible.fr\/wp-content\/uploads\/2023\/11\/Jeremie-1-splash-1.png","author_info":{"display_name":"caillou","author_link":"https:\/\/www.creusonslabible.fr\/?author=2"},"author_meta":{"display_name":"caillou","author_link":"https:\/\/www.creusonslabible.fr\/?author=2"},"featured_img":"https:\/\/www.creusonslabible.fr\/wp-content\/uploads\/2023\/11\/Jeremie-1-splash-1-300x169.png","coauthors":[],"tax_additional":{"categories":{"linked":["<a href=\"https:\/\/www.creusonslabible.fr\/?cat=24\" class=\"advgb-post-tax-term\">Textes Bibliques comment\u00e9s<\/a>"],"unlinked":["<span class=\"advgb-post-tax-term\">Textes Bibliques comment\u00e9s<\/span>"]},"tags":{"linked":["<a href=\"https:\/\/www.creusonslabible.fr\/?cat=24\" class=\"advgb-post-tax-term\">Ancien-Testament<\/a>","<a href=\"https:\/\/www.creusonslabible.fr\/?cat=24\" class=\"advgb-post-tax-term\">J\u00e9r\u00e9mie<\/a>","<a href=\"https:\/\/www.creusonslabible.fr\/?cat=24\" class=\"advgb-post-tax-term\">proph\u00e8te<\/a>","<a href=\"https:\/\/www.creusonslabible.fr\/?cat=24\" class=\"advgb-post-tax-term\">vid\u00e9o<\/a>","<a href=\"https:\/\/www.creusonslabible.fr\/?cat=24\" class=\"advgb-post-tax-term\">vocation<\/a>"],"unlinked":["<span class=\"advgb-post-tax-term\">Ancien-Testament<\/span>","<span class=\"advgb-post-tax-term\">J\u00e9r\u00e9mie<\/span>","<span class=\"advgb-post-tax-term\">proph\u00e8te<\/span>","<span class=\"advgb-post-tax-term\">vid\u00e9o<\/span>","<span class=\"advgb-post-tax-term\">vocation<\/span>"]}},"comment_count":"0","relative_dates":{"created":"Publi\u00e9 2 ans il y a","modified":"Mis \u00e0 jour 2 ans il y a"},"absolute_dates":{"created":"Publi\u00e9 le 27 novembre 2023","modified":"Mise \u00e0 jour le 24 avril 2024"},"absolute_dates_time":{"created":"Publi\u00e9 le 27 novembre 2023 18h05","modified":"Mise \u00e0 jour le 24 avril 2024 15h42"},"featured_img_caption":"","series_order":"","meta_box":[],"_links":{"self":[{"href":"https:\/\/www.creusonslabible.fr\/index.php?rest_route=\/wp\/v2\/posts\/9127","targetHints":{"allow":["GET"]}}],"collection":[{"href":"https:\/\/www.creusonslabible.fr\/index.php?rest_route=\/wp\/v2\/posts"}],"about":[{"href":"https:\/\/www.creusonslabible.fr\/index.php?rest_route=\/wp\/v2\/types\/post"}],"author":[{"embeddable":true,"href":"https:\/\/www.creusonslabible.fr\/index.php?rest_route=\/wp\/v2\/users\/2"}],"replies":[{"embeddable":true,"href":"https:\/\/www.creusonslabible.fr\/index.php?rest_route=%2Fwp%2Fv2%2Fcomments&post=9127"}],"version-history":[{"count":1,"href":"https:\/\/www.creusonslabible.fr\/index.php?rest_route=\/wp\/v2\/posts\/9127\/revisions"}],"predecessor-version":[{"id":9589,"href":"https:\/\/www.creusonslabible.fr\/index.php?rest_route=\/wp\/v2\/posts\/9127\/revisions\/9589"}],"wp:featuredmedia":[{"embeddable":true,"href":"https:\/\/www.creusonslabible.fr\/index.php?rest_route=\/wp\/v2\/media\/9128"}],"wp:attachment":[{"href":"https:\/\/www.creusonslabible.fr\/index.php?rest_route=%2Fwp%2Fv2%2Fmedia&parent=9127"}],"wp:term":[{"taxonomy":"category","embeddable":true,"href":"https:\/\/www.creusonslabible.fr\/index.php?rest_route=%2Fwp%2Fv2%2Fcategories&post=9127"},{"taxonomy":"post_tag","embeddable":true,"href":"https:\/\/www.creusonslabible.fr\/index.php?rest_route=%2Fwp%2Fv2%2Ftags&post=9127"},{"taxonomy":"video","embeddable":true,"href":"https:\/\/www.creusonslabible.fr\/index.php?rest_route=%2Fwp%2Fv2%2Fvideo&post=9127"},{"taxonomy":"audio","embeddable":true,"href":"https:\/\/www.creusonslabible.fr\/index.php?rest_route=%2Fwp%2Fv2%2Faudio&post=9127"},{"taxonomy":"ecrit","embeddable":true,"href":"https:\/\/www.creusonslabible.fr\/index.php?rest_route=%2Fwp%2Fv2%2Fecrit&post=9127"},{"taxonomy":"mis-en-avant","embeddable":true,"href":"https:\/\/www.creusonslabible.fr\/index.php?rest_route=%2Fwp%2Fv2%2Fmis-en-avant&post=9127"},{"taxonomy":"redacteur","embeddable":true,"href":"https:\/\/www.creusonslabible.fr\/index.php?rest_route=%2Fwp%2Fv2%2Fredacteur&post=9127"},{"taxonomy":"type-darticle","embeddable":true,"href":"https:\/\/www.creusonslabible.fr\/index.php?rest_route=%2Fwp%2Fv2%2Ftype-darticle&post=9127"}],"curies":[{"name":"wp","href":"https:\/\/api.w.org\/{rel}","templated":true}]}}