{"id":9213,"date":"2024-02-23T17:07:14","date_gmt":"2024-02-23T15:07:14","guid":{"rendered":"https:\/\/www.creusonslabible.fr\/?p=9213"},"modified":"2024-02-23T17:07:14","modified_gmt":"2024-02-23T15:07:14","slug":"ephesiens-transformes-en-christ","status":"publish","type":"post","link":"https:\/\/www.creusonslabible.fr\/?p=9213","title":{"rendered":"\u00c9ph\u00e9siens &#8211; Transform\u00e9s en Christ"},"content":{"rendered":"\n<p>Interventions donn\u00e9es lors du Camp Form\u2019action des Groupes Bibliques Lyc\u00e9ens par Joanna Schlake, Coordinatrice R\u00e9gionale des GBU du Sud-Ouest<\/p>\n\n\n\n<h2 class=\"wp-block-heading\">\u00c9ph\u00e9siens 1<\/h2>\n\n\n\n<figure class=\"wp-block-audio\"><audio controls src=\"https:\/\/www.creusonslabible.fr\/audio\/Formaction23\/Ephesiens_1.m4a\"><\/audio><\/figure>\n\n\n\n<h2 class=\"wp-block-heading\">\u00c9ph\u00e9siens 2<\/h2>\n\n\n\n<figure class=\"wp-block-audio\"><audio controls src=\"https:\/\/www.creusonslabible.fr\/audio\/Formaction23\/Ephesiens_2.mp4\"><\/audio><\/figure>\n\n\n\n<h2 class=\"wp-block-heading\">\u00c9ph\u00e9siens 3<\/h2>\n\n\n\n<figure class=\"wp-block-audio\"><audio controls src=\"https:\/\/www.creusonslabible.fr\/audio\/Formaction23\/Ephesiens_3.mp4\"><\/audio><\/figure>\n\n\n\n<h2 class=\"wp-block-heading\">\u00c9ph\u00e9siens 4<\/h2>\n\n\n\n<figure class=\"wp-block-audio\"><audio controls src=\"https:\/\/www.creusonslabible.fr\/audio\/Formaction23\/Ephesiens_4.mp4\"><\/audio><\/figure>\n\n\n\n<h2 class=\"wp-block-heading\">\u00c9ph\u00e9siens 5<\/h2>\n\n\n\n<figure class=\"wp-block-audio\"><audio controls src=\"https:\/\/www.creusonslabible.fr\/audio\/Formaction23\/Ephesiens_5.mp4\"><\/audio><\/figure>\n\n\n\n<h2 class=\"wp-block-heading\">\u00c9ph\u00e9siens 6<\/h2>\n\n\n\n<figure class=\"wp-block-audio\"><audio controls src=\"https:\/\/www.creusonslabible.fr\/audio\/Formaction23\/Ephesiens_6.mp4\"><\/audio><\/figure>\n","protected":false},"excerpt":{"rendered":"<p>Interventions donn\u00e9es lors du Camp Form\u2019action des Groupes Bibliques Lyc\u00e9ens par Joanna Schlake, Coordinatrice R\u00e9gionale des GBU du Sud-Ouest \u00c9ph\u00e9siens 1 \u00c9ph\u00e9siens 2 \u00c9ph\u00e9siens 3 \u00c9ph\u00e9siens 4 \u00c9ph\u00e9siens 5 \u00c9ph\u00e9siens 6<\/p>\n","protected":false},"author":2,"featured_media":9214,"comment_status":"open","ping_status":"closed","sticky":false,"template":"","format":"standard","meta":{"_acf_changed":false,"_eb_attr":"","advgb_blocks_editor_width":"","advgb_blocks_columns_visual_guide":"","footnotes":""},"categories":[24],"tags":[657,591,23],"video":[],"audio":[],"ecrit":[],"mis-en-avant":[],"redacteur":[],"type-darticle":[],"class_list":["post-9213","post","type-post","status-publish","format-standard","has-post-thumbnail","hentry","category-textes-bibliques-commentes","tag-audio","tag-ephesiens-3","tag-nouveau-testament"],"blocksy_meta":[],"acf":[],"featured_image_src":"https:\/\/www.creusonslabible.fr\/wp-content\/uploads\/2024\/02\/Formac23-ephesiens-1.jpg","author_info":{"display_name":"caillou","author_link":"https:\/\/www.creusonslabible.fr\/?author=2"},"author_meta":{"display_name":"caillou","author_link":"https:\/\/www.creusonslabible.fr\/?author=2"},"featured_img":"https:\/\/www.creusonslabible.fr\/wp-content\/uploads\/2024\/02\/Formac23-ephesiens-1-300x105.jpg","coauthors":[],"tax_additional":{"categories":{"linked":["<a href=\"https:\/\/www.creusonslabible.fr\/?cat=24\" class=\"advgb-post-tax-term\">Textes Bibliques comment\u00e9s<\/a>"],"unlinked":["<span class=\"advgb-post-tax-term\">Textes Bibliques comment\u00e9s<\/span>"]},"tags":{"linked":["<a href=\"https:\/\/www.creusonslabible.fr\/?cat=24\" class=\"advgb-post-tax-term\">audio<\/a>","<a href=\"https:\/\/www.creusonslabible.fr\/?cat=24\" class=\"advgb-post-tax-term\">Eph\u00e9siens<\/a>","<a href=\"https:\/\/www.creusonslabible.fr\/?cat=24\" class=\"advgb-post-tax-term\">Nouveau-Testament<\/a>"],"unlinked":["<span class=\"advgb-post-tax-term\">audio<\/span>","<span class=\"advgb-post-tax-term\">Eph\u00e9siens<\/span>","<span class=\"advgb-post-tax-term\">Nouveau-Testament<\/span>"]}},"comment_count":"0","relative_dates":{"created":"Publi\u00e9 2 ans il y a","modified":"Mis \u00e0 jour 2 ans il y a"},"absolute_dates":{"created":"Publi\u00e9 le 23 f\u00e9vrier 2024","modified":"Mise \u00e0 jour le 23 f\u00e9vrier 2024"},"absolute_dates_time":{"created":"Publi\u00e9 le 23 f\u00e9vrier 2024 17h07","modified":"Mise \u00e0 jour le 23 f\u00e9vrier 2024 17h07"},"featured_img_caption":"","series_order":"","meta_box":[],"_links":{"self":[{"href":"https:\/\/www.creusonslabible.fr\/index.php?rest_route=\/wp\/v2\/posts\/9213","targetHints":{"allow":["GET"]}}],"collection":[{"href":"https:\/\/www.creusonslabible.fr\/index.php?rest_route=\/wp\/v2\/posts"}],"about":[{"href":"https:\/\/www.creusonslabible.fr\/index.php?rest_route=\/wp\/v2\/types\/post"}],"author":[{"embeddable":true,"href":"https:\/\/www.creusonslabible.fr\/index.php?rest_route=\/wp\/v2\/users\/2"}],"replies":[{"embeddable":true,"href":"https:\/\/www.creusonslabible.fr\/index.php?rest_route=%2Fwp%2Fv2%2Fcomments&post=9213"}],"version-history":[{"count":0,"href":"https:\/\/www.creusonslabible.fr\/index.php?rest_route=\/wp\/v2\/posts\/9213\/revisions"}],"wp:featuredmedia":[{"embeddable":true,"href":"https:\/\/www.creusonslabible.fr\/index.php?rest_route=\/wp\/v2\/media\/9214"}],"wp:attachment":[{"href":"https:\/\/www.creusonslabible.fr\/index.php?rest_route=%2Fwp%2Fv2%2Fmedia&parent=9213"}],"wp:term":[{"taxonomy":"category","embeddable":true,"href":"https:\/\/www.creusonslabible.fr\/index.php?rest_route=%2Fwp%2Fv2%2Fcategories&post=9213"},{"taxonomy":"post_tag","embeddable":true,"href":"https:\/\/www.creusonslabible.fr\/index.php?rest_route=%2Fwp%2Fv2%2Ftags&post=9213"},{"taxonomy":"video","embeddable":true,"href":"https:\/\/www.creusonslabible.fr\/index.php?rest_route=%2Fwp%2Fv2%2Fvideo&post=9213"},{"taxonomy":"audio","embeddable":true,"href":"https:\/\/www.creusonslabible.fr\/index.php?rest_route=%2Fwp%2Fv2%2Faudio&post=9213"},{"taxonomy":"ecrit","embeddable":true,"href":"https:\/\/www.creusonslabible.fr\/index.php?rest_route=%2Fwp%2Fv2%2Fecrit&post=9213"},{"taxonomy":"mis-en-avant","embeddable":true,"href":"https:\/\/www.creusonslabible.fr\/index.php?rest_route=%2Fwp%2Fv2%2Fmis-en-avant&post=9213"},{"taxonomy":"redacteur","embeddable":true,"href":"https:\/\/www.creusonslabible.fr\/index.php?rest_route=%2Fwp%2Fv2%2Fredacteur&post=9213"},{"taxonomy":"type-darticle","embeddable":true,"href":"https:\/\/www.creusonslabible.fr\/index.php?rest_route=%2Fwp%2Fv2%2Ftype-darticle&post=9213"}],"curies":[{"name":"wp","href":"https:\/\/api.w.org\/{rel}","templated":true}]}}