{"id":9221,"date":"2024-03-04T19:23:53","date_gmt":"2024-03-04T17:23:53","guid":{"rendered":"https:\/\/www.creusonslabible.fr\/?p=9221"},"modified":"2024-04-24T15:28:48","modified_gmt":"2024-04-24T13:28:48","slug":"amos-6-limites-depassees","status":"publish","type":"post","link":"https:\/\/www.creusonslabible.fr\/?p=9221","title":{"rendered":"Amos 6 : Limites d\u00e9pass\u00e9es"},"content":{"rendered":"\n<h2 class=\"wp-block-heading\"><\/h2>\n\n\n\n<h2 class=\"wp-block-heading\">Contexte<\/h2>\n\n\n\n<p>Petit livre de l\u2019Ancien Testament ( 762 av JC) \u00e9crit \u00e0 la m\u00eame \u00e9poque que Os\u00e9e.<\/p>\n\n\n\n<p>Amos est un \u00e9leveur de boeufs et cultivateur de figues qui habitait Tekoa, ville situ\u00e9e dans la r\u00e9gion montagneuse de Juda, \u00e0 16 km au sud de J\u00e9rusalem \u00e0 l&rsquo;\u00e9poque o\u00f9 J\u00e9roboam II \u00e9tait roi en Isra\u00ebl (793-753 av JC)\u00a0 et Ozias cot\u00e9 royaume de Juda (790-739 av JC). L&rsquo;Isra\u00ebl du Nord avait fait son ind\u00e9pendance 150 ans plus t\u00f4t (1 Rois 12). J\u00e9roboam II \u00e9tait un roi puissant militairement et \u00e9conomiquement. Isra\u00ebl contr\u00f4lait les grandes routes commerciales. Les 2 rois avaient amen\u00e9 stabilit\u00e9, prosp\u00e9rit\u00e9 et une certaine expansion des 2 royaumes. Cela permit une accumulation de richesse.\u00a0Cela a 2 cons\u00e9quences :<\/p>\n\n\n\n<ul class=\"wp-block-list\">\n<li>D\u00e9veloppement commerce -> \u00e9mergence aristocratie, construction riches demeures, oisivet\u00e9 et plaisir pour les riches, exploitation des pauvres, normes moralit\u00e9 tomb\u00e9es au plus bas<\/li>\n<\/ul>\n\n\n\n<ul class=\"wp-block-list\">\n<li>\u00c9panouissement de la religion, les gens se pressent dans les lieux de culte idol\u00e2tres lors des f\u00eates, offrent des sacrifices, sont convaincus que Dieu est avec eux et qu\u2019ils sont \u00e0 l\u2019abri de tout d\u00e9sastre.<\/li>\n<\/ul>\n\n\n\n<p>Amos va dans le royaume du Nord, au sanctuaire de Bethel pour proclamer la Parole de Dieu et d\u00e9crier ce qui s&rsquo;y d\u00e9roule : apathie, idol\u00e2trie, injustice, oublier les pauvres. Le d\u00e9but du livre (Chapitres 1 et 2) est une s\u00e9rie d&rsquo;oracles contre les syriens, contre les philistins, contre les ph\u00e9niciens, contre les \u00e9domites, contre les moabites (les peuples autour) PUIS contre le peuple de Dieu &#8211; contre le royaume de Juda et enfin contre Isra\u00ebl (reste du livre).\u00a0<\/p>\n\n\n\n<h2 class=\"wp-block-heading\"><strong>Observation<\/strong><\/h2>\n\n\n\n<ul class=\"wp-block-list\">\n<li>Quel est le ton du passage ? Avez vous l\u2019habitude de ce type de passage?\u00a0<\/li>\n\n\n\n<li>Quel est le principal contraste de ce passage ? (entre le luxe du d\u00e9but et la destruction de la fin)<\/li>\n\n\n\n<li>A qui s\u2019adresse-t-on ?\u00a0 Qui est particuli\u00e8rement vis\u00e9 par l&rsquo;accusation de Dieu ?<\/li>\n\n\n\n<li>Quels sont les reproches de Dieu au peuple ? Quels verbes sont utilis\u00e9s ? (orgueil, paresse, oppression, obstination \u00e0 ne pas ob\u00e9ir les commandements de Dieu &#8211; verset 12, confiance en la s\u00e9curit\u00e9 que conf\u00e8re les richesses et la religiosit\u00e9 (tr\u00f4ne de David, temple, choisis\u2026))<\/li>\n\n\n\n<li>Si on fait le lien avec le contexte historique : comment imaginez-vous l\u2019attitude des isra\u00e9lites?&nbsp;<\/li>\n\n\n\n<li>Quelle est la posture de Dieu? Quels mots \/ expressions le d\u00e9crivent ?&nbsp;<\/li>\n\n\n\n<li>Quelles en sont les cons\u00e9quences ?<\/li>\n<\/ul>\n\n\n\n<h2 class=\"wp-block-heading\"><strong>Compr\u00e9hension<\/strong><\/h2>\n\n\n\n<ul class=\"wp-block-list\">\n<li>Comment les Isra\u00e9lites ont-ils d\u00e9pass\u00e9 les limites? Peut-on parler de limites dans le contexte de ce texte?<\/li>\n\n\n\n<li>En un ou deux mots, qu\u2019est ce qui f\u00e2che le plus Dieu ? Quelles sont les racines du mal ?<\/li>\n\n\n\n<li>Vu les reproches de Dieu, pourquoi est-ce \u00ab\u00a0mal\u00a0\u00bb ?<\/li>\n\n\n\n<li>Pourquoi la richesse est-elle trompeuse ?<\/li>\n\n\n\n<li>Pourquoi les Isra\u00e9lites \u00e9taient-ils si insensibles \u00e0 l&rsquo;approche du jugement ?<\/li>\n\n\n\n<li>Qu&rsquo;est ce qui pouvait apporter, au contraire, tranquillit\u00e9 et s\u00e9curit\u00e9 ? (cf quelques passages avant : Amos 5:4, 5:14, 5:24)<\/li>\n\n\n\n<li>\u00c9tait-il trop tard pour la repentance ?<\/li>\n\n\n\n<li>Le caract\u00e8re de Dieu vous d\u00e9range-t-il ici ? Pourquoi c\u2019est rassurant ? (un Dieu qui ne ferme pas l\u2019oeil sur l\u2019injustice)<\/li>\n\n\n\n<li>Quelle \u00e9tait l&rsquo;attitude de J\u00e9sus face aux riches et aux puissants ? Face \u00e0 l&rsquo;injustice ? Pourquoi ?<\/li>\n<\/ul>\n\n\n\n<h2 class=\"wp-block-heading\"><strong>Application<\/strong><\/h2>\n\n\n\n<ul class=\"wp-block-list\">\n<li>Voyez-vous des parall\u00e8les entre la d\u00e9bauche des isra\u00e9lites et certains styles de vie aujourd\u2019hui ?\u00a0<\/li>\n\n\n\n<li>Pourrions-nous dire que ces paroles s&rsquo;appliqueraient plus aux fran\u00e7ais et aux occidentaux qu&rsquo;aux autres ? Argumentez.<\/li>\n\n\n\n<li>Pourquoi sommes-nous tent\u00e9s d\u2019ignorer cette injustice banale? Pourquoi ? (trop politique? confort? s\u00e9duction? complaisance?)<\/li>\n\n\n\n<li>D\u2019apr\u00e8s vous, qu\u2019est-ce que Dieu pense de tout \u00e7a ?\u00a0<\/li>\n<\/ul>\n","protected":false},"excerpt":{"rendered":"<p>Contexte Petit livre de l\u2019Ancien Testament ( 762 av JC) \u00e9crit \u00e0 la m\u00eame \u00e9poque que Os\u00e9e. Amos est un \u00e9leveur de boeufs et cultivateur de figues qui habitait Tekoa, ville situ\u00e9e dans la r\u00e9gion montagneuse de Juda, \u00e0 16 km au sud de J\u00e9rusalem \u00e0 l&rsquo;\u00e9poque o\u00f9 J\u00e9roboam II \u00e9tait roi en Isra\u00ebl (793-753 [&hellip;]<\/p>\n","protected":false},"author":3,"featured_media":9222,"comment_status":"open","ping_status":"closed","sticky":false,"template":"","format":"standard","meta":{"_acf_changed":false,"_eb_attr":"","advgb_blocks_editor_width":"","advgb_blocks_columns_visual_guide":"","footnotes":""},"categories":[18],"tags":[439,651,428],"video":[],"audio":[],"ecrit":[],"mis-en-avant":[],"redacteur":[],"type-darticle":[],"class_list":["post-9221","post","type-post","status-publish","format-standard","has-post-thumbnail","hentry","category-dab-pour-etudiants","tag-amos","tag-ecrit","tag-injustice"],"blocksy_meta":[],"acf":[],"featured_image_src":"https:\/\/www.creusonslabible.fr\/wp-content\/uploads\/2024\/03\/kajetan-sumila-UV3GmG_HEqI-unsplash-e1709571437684-1.jpg","author_info":{"display_name":"Yoh","author_link":"https:\/\/www.creusonslabible.fr\/?author=3"},"author_meta":{"display_name":"Yoh","author_link":"https:\/\/www.creusonslabible.fr\/?author=3"},"featured_img":"https:\/\/www.creusonslabible.fr\/wp-content\/uploads\/2024\/03\/kajetan-sumila-UV3GmG_HEqI-unsplash-e1709571437684-1-300x267.jpg","coauthors":[],"tax_additional":{"categories":{"linked":["<a href=\"https:\/\/www.creusonslabible.fr\/?cat=18\" class=\"advgb-post-tax-term\">DAB pour \u00e9tudiants<\/a>"],"unlinked":["<span class=\"advgb-post-tax-term\">DAB pour \u00e9tudiants<\/span>"]},"tags":{"linked":["<a href=\"https:\/\/www.creusonslabible.fr\/?cat=18\" class=\"advgb-post-tax-term\">Amos<\/a>","<a href=\"https:\/\/www.creusonslabible.fr\/?cat=18\" class=\"advgb-post-tax-term\">\u00e9crit<\/a>","<a href=\"https:\/\/www.creusonslabible.fr\/?cat=18\" class=\"advgb-post-tax-term\">injustice<\/a>"],"unlinked":["<span class=\"advgb-post-tax-term\">Amos<\/span>","<span class=\"advgb-post-tax-term\">\u00e9crit<\/span>","<span class=\"advgb-post-tax-term\">injustice<\/span>"]}},"comment_count":"0","relative_dates":{"created":"Publi\u00e9 2 ans il y a","modified":"Mis \u00e0 jour 2 ans il y a"},"absolute_dates":{"created":"Publi\u00e9 le 4 mars 2024","modified":"Mise \u00e0 jour le 24 avril 2024"},"absolute_dates_time":{"created":"Publi\u00e9 le 4 mars 2024 19h23","modified":"Mise \u00e0 jour le 24 avril 2024 15h28"},"featured_img_caption":"","series_order":"","meta_box":[],"_links":{"self":[{"href":"https:\/\/www.creusonslabible.fr\/index.php?rest_route=\/wp\/v2\/posts\/9221","targetHints":{"allow":["GET"]}}],"collection":[{"href":"https:\/\/www.creusonslabible.fr\/index.php?rest_route=\/wp\/v2\/posts"}],"about":[{"href":"https:\/\/www.creusonslabible.fr\/index.php?rest_route=\/wp\/v2\/types\/post"}],"author":[{"embeddable":true,"href":"https:\/\/www.creusonslabible.fr\/index.php?rest_route=\/wp\/v2\/users\/3"}],"replies":[{"embeddable":true,"href":"https:\/\/www.creusonslabible.fr\/index.php?rest_route=%2Fwp%2Fv2%2Fcomments&post=9221"}],"version-history":[{"count":1,"href":"https:\/\/www.creusonslabible.fr\/index.php?rest_route=\/wp\/v2\/posts\/9221\/revisions"}],"predecessor-version":[{"id":9523,"href":"https:\/\/www.creusonslabible.fr\/index.php?rest_route=\/wp\/v2\/posts\/9221\/revisions\/9523"}],"wp:featuredmedia":[{"embeddable":true,"href":"https:\/\/www.creusonslabible.fr\/index.php?rest_route=\/wp\/v2\/media\/9222"}],"wp:attachment":[{"href":"https:\/\/www.creusonslabible.fr\/index.php?rest_route=%2Fwp%2Fv2%2Fmedia&parent=9221"}],"wp:term":[{"taxonomy":"category","embeddable":true,"href":"https:\/\/www.creusonslabible.fr\/index.php?rest_route=%2Fwp%2Fv2%2Fcategories&post=9221"},{"taxonomy":"post_tag","embeddable":true,"href":"https:\/\/www.creusonslabible.fr\/index.php?rest_route=%2Fwp%2Fv2%2Ftags&post=9221"},{"taxonomy":"video","embeddable":true,"href":"https:\/\/www.creusonslabible.fr\/index.php?rest_route=%2Fwp%2Fv2%2Fvideo&post=9221"},{"taxonomy":"audio","embeddable":true,"href":"https:\/\/www.creusonslabible.fr\/index.php?rest_route=%2Fwp%2Fv2%2Faudio&post=9221"},{"taxonomy":"ecrit","embeddable":true,"href":"https:\/\/www.creusonslabible.fr\/index.php?rest_route=%2Fwp%2Fv2%2Fecrit&post=9221"},{"taxonomy":"mis-en-avant","embeddable":true,"href":"https:\/\/www.creusonslabible.fr\/index.php?rest_route=%2Fwp%2Fv2%2Fmis-en-avant&post=9221"},{"taxonomy":"redacteur","embeddable":true,"href":"https:\/\/www.creusonslabible.fr\/index.php?rest_route=%2Fwp%2Fv2%2Fredacteur&post=9221"},{"taxonomy":"type-darticle","embeddable":true,"href":"https:\/\/www.creusonslabible.fr\/index.php?rest_route=%2Fwp%2Fv2%2Ftype-darticle&post=9221"}],"curies":[{"name":"wp","href":"https:\/\/api.w.org\/{rel}","templated":true}]}}