{"id":9417,"date":"2024-03-30T21:19:35","date_gmt":"2024-03-30T19:19:35","guid":{"rendered":"https:\/\/www.creusonslabible.fr\/?p=9417"},"modified":"2024-03-30T21:19:36","modified_gmt":"2024-03-30T19:19:36","slug":"hors-contexte-2-la-ou-2-ou-3-sont-reunis-en-mon-nom","status":"publish","type":"post","link":"https:\/\/www.creusonslabible.fr\/?p=9417","title":{"rendered":"Hors Contexte 2 :\u202fL\u00e0 o\u00f9 2 ou 3 sont r\u00e9unis en mon nom"},"content":{"rendered":"\n<p>Matthieu 18.20 : \u00ab car l\u00e0 o\u00f9 2 ou 3 sont r\u00e9unis en mon nom, je suis pr\u00e9sent au milieu d\u2019eux.\u202f\u00bb c\u2019est le verset qui n\u2019est jamais cit\u00e9 dans une m\u00e9ga church. Dans cette vid\u00e9o, Caillou nous explique que cette parole de J\u00e9sus n\u2019a pas pour but de nous consoler quand on est peu nombreux mais de nous encourager \u00e0 r\u00e9soudre nos conflits pour manifester sa pr\u00e9sence parmi les croyants.<\/p>\n\n\n\n<p>Quelque part dans la vid\u00e9o, il est fait allusion \u00e0 une pr\u00e9dication sur Matthieu 25 qui se trouve ici :\u202fhttps:\/\/www.creusonslabible.fr\/?p=9282<\/p>\n\n\n\n<figure class=\"wp-block-embed is-type-video is-provider-youtube wp-block-embed-youtube wp-embed-aspect-16-9 wp-has-aspect-ratio\"><div class=\"wp-block-embed__wrapper\">\n<iframe loading=\"lazy\" title=\"Hors Contexte 2 :\u202fcar l\u00e0 o\u00f9 2 ou 3 sont r\u00e9unis en mon nom\" width=\"1290\" height=\"726\" src=\"https:\/\/www.youtube.com\/embed\/_aHCHNG78RU?feature=oembed\" frameborder=\"0\" allow=\"accelerometer; autoplay; clipboard-write; encrypted-media; gyroscope; picture-in-picture; web-share\" referrerpolicy=\"strict-origin-when-cross-origin\" allowfullscreen><\/iframe>\n<\/div><\/figure>\n","protected":false},"excerpt":{"rendered":"<p>Matthieu 18.20 : \u00ab car l\u00e0 o\u00f9 2 ou 3 sont r\u00e9unis en mon nom, je suis pr\u00e9sent au milieu d\u2019eux.\u202f\u00bb c\u2019est le verset qui n\u2019est jamais cit\u00e9 dans une m\u00e9ga church. Dans cette vid\u00e9o, Caillou nous explique que cette parole de J\u00e9sus n\u2019a pas pour but de nous consoler quand on est peu nombreux [&hellip;]<\/p>\n","protected":false},"author":1,"featured_media":9418,"comment_status":"open","ping_status":"open","sticky":false,"template":"","format":"standard","meta":{"_acf_changed":false,"_eb_attr":"","advgb_blocks_editor_width":"","advgb_blocks_columns_visual_guide":"","footnotes":""},"categories":[24],"tags":[408,71,23,220,78],"video":[],"audio":[],"ecrit":[],"mis-en-avant":[],"redacteur":[],"type-darticle":[],"class_list":["post-9417","post","type-post","status-publish","format-standard","has-post-thumbnail","hentry","category-textes-bibliques-commentes","tag-matthieu","tag-matthieu-18","tag-nouveau-testament","tag-pardonner","tag-video"],"blocksy_meta":[],"acf":[],"featured_image_src":"https:\/\/www.creusonslabible.fr\/wp-content\/uploads\/2024\/03\/HC_Mt18.png","author_info":{"display_name":"admin","author_link":"https:\/\/www.creusonslabible.fr\/?author=1"},"author_meta":{"display_name":"admin","author_link":"https:\/\/www.creusonslabible.fr\/?author=1"},"featured_img":"https:\/\/www.creusonslabible.fr\/wp-content\/uploads\/2024\/03\/HC_Mt18-300x169.png","coauthors":[],"tax_additional":{"categories":{"linked":["<a href=\"https:\/\/www.creusonslabible.fr\/?cat=24\" class=\"advgb-post-tax-term\">Textes Bibliques comment\u00e9s<\/a>"],"unlinked":["<span class=\"advgb-post-tax-term\">Textes Bibliques comment\u00e9s<\/span>"]},"tags":{"linked":["<a href=\"https:\/\/www.creusonslabible.fr\/?cat=24\" class=\"advgb-post-tax-term\">Matthieu<\/a>","<a href=\"https:\/\/www.creusonslabible.fr\/?cat=24\" class=\"advgb-post-tax-term\">Matthieu 18<\/a>","<a href=\"https:\/\/www.creusonslabible.fr\/?cat=24\" class=\"advgb-post-tax-term\">Nouveau-Testament<\/a>","<a href=\"https:\/\/www.creusonslabible.fr\/?cat=24\" class=\"advgb-post-tax-term\">pardonner<\/a>","<a href=\"https:\/\/www.creusonslabible.fr\/?cat=24\" class=\"advgb-post-tax-term\">vid\u00e9o<\/a>"],"unlinked":["<span class=\"advgb-post-tax-term\">Matthieu<\/span>","<span class=\"advgb-post-tax-term\">Matthieu 18<\/span>","<span class=\"advgb-post-tax-term\">Nouveau-Testament<\/span>","<span class=\"advgb-post-tax-term\">pardonner<\/span>","<span class=\"advgb-post-tax-term\">vid\u00e9o<\/span>"]}},"comment_count":"0","relative_dates":{"created":"Publi\u00e9 2 ans il y a","modified":"Mis \u00e0 jour 2 ans il y a"},"absolute_dates":{"created":"Publi\u00e9 le 30 mars 2024","modified":"Mise \u00e0 jour le 30 mars 2024"},"absolute_dates_time":{"created":"Publi\u00e9 le 30 mars 2024 21h19","modified":"Mise \u00e0 jour le 30 mars 2024 21h19"},"featured_img_caption":"","series_order":"","meta_box":[],"_links":{"self":[{"href":"https:\/\/www.creusonslabible.fr\/index.php?rest_route=\/wp\/v2\/posts\/9417","targetHints":{"allow":["GET"]}}],"collection":[{"href":"https:\/\/www.creusonslabible.fr\/index.php?rest_route=\/wp\/v2\/posts"}],"about":[{"href":"https:\/\/www.creusonslabible.fr\/index.php?rest_route=\/wp\/v2\/types\/post"}],"author":[{"embeddable":true,"href":"https:\/\/www.creusonslabible.fr\/index.php?rest_route=\/wp\/v2\/users\/1"}],"replies":[{"embeddable":true,"href":"https:\/\/www.creusonslabible.fr\/index.php?rest_route=%2Fwp%2Fv2%2Fcomments&post=9417"}],"version-history":[{"count":1,"href":"https:\/\/www.creusonslabible.fr\/index.php?rest_route=\/wp\/v2\/posts\/9417\/revisions"}],"predecessor-version":[{"id":9419,"href":"https:\/\/www.creusonslabible.fr\/index.php?rest_route=\/wp\/v2\/posts\/9417\/revisions\/9419"}],"wp:featuredmedia":[{"embeddable":true,"href":"https:\/\/www.creusonslabible.fr\/index.php?rest_route=\/wp\/v2\/media\/9418"}],"wp:attachment":[{"href":"https:\/\/www.creusonslabible.fr\/index.php?rest_route=%2Fwp%2Fv2%2Fmedia&parent=9417"}],"wp:term":[{"taxonomy":"category","embeddable":true,"href":"https:\/\/www.creusonslabible.fr\/index.php?rest_route=%2Fwp%2Fv2%2Fcategories&post=9417"},{"taxonomy":"post_tag","embeddable":true,"href":"https:\/\/www.creusonslabible.fr\/index.php?rest_route=%2Fwp%2Fv2%2Ftags&post=9417"},{"taxonomy":"video","embeddable":true,"href":"https:\/\/www.creusonslabible.fr\/index.php?rest_route=%2Fwp%2Fv2%2Fvideo&post=9417"},{"taxonomy":"audio","embeddable":true,"href":"https:\/\/www.creusonslabible.fr\/index.php?rest_route=%2Fwp%2Fv2%2Faudio&post=9417"},{"taxonomy":"ecrit","embeddable":true,"href":"https:\/\/www.creusonslabible.fr\/index.php?rest_route=%2Fwp%2Fv2%2Fecrit&post=9417"},{"taxonomy":"mis-en-avant","embeddable":true,"href":"https:\/\/www.creusonslabible.fr\/index.php?rest_route=%2Fwp%2Fv2%2Fmis-en-avant&post=9417"},{"taxonomy":"redacteur","embeddable":true,"href":"https:\/\/www.creusonslabible.fr\/index.php?rest_route=%2Fwp%2Fv2%2Fredacteur&post=9417"},{"taxonomy":"type-darticle","embeddable":true,"href":"https:\/\/www.creusonslabible.fr\/index.php?rest_route=%2Fwp%2Fv2%2Ftype-darticle&post=9417"}],"curies":[{"name":"wp","href":"https:\/\/api.w.org\/{rel}","templated":true}]}}