{"id":970,"date":"2012-12-13T08:53:35","date_gmt":"2012-12-13T08:53:35","guid":{"rendered":"http:\/\/elearning.gbu.fr\/?p=970"},"modified":"2025-01-24T11:27:02","modified_gmt":"2025-01-24T09:27:02","slug":"actes-17-16-34-dieu-chez-les-grecs","status":"publish","type":"post","link":"https:\/\/www.creusonslabible.fr\/?p=970","title":{"rendered":"Actes 17.16-34 &#8211; Dieu chez les grecs"},"content":{"rendered":"<p><strong>Note pour l&rsquo;animateur :<\/strong> Il est recommand\u00e9 \u00e0 l&rsquo;animateur de lire l&rsquo;introduction aux Actes des Ap\u00f4tres <a href=\"http:\/\/www.creusonslabible.fr\/?p=266\" target=\"_blank\" rel=\"noopener\">ici<\/a>.<\/p>\n<p>Annoncer le message de l&rsquo;\u00c9vangile dans un contexte radicalement diff\u00e9rent du sien, tel \u00e9tait le d\u00e9fi de l&rsquo;ap\u00f4tre Paul. <!--more--><\/p>\n<h3><\/h3>\n<h3>OBSERVATION &#8211; INTERPR\u00c9TATION<\/h3>\n<p><b>16-21: Bienvenue \u00e0 Ath\u00e8nes !<\/b><\/p>\n<ul>\n<li>Pourquoi Paul est-il en col\u00e8re ?<\/li>\n<li>Comment r\u00e9agit-il ?<\/li>\n<li>Quelles sont les r\u00e9actions des ath\u00e9niens ? Pourquoi ?<\/li>\n<li>Qu&rsquo;est-ce que l&rsquo;ar\u00e9opage ?<\/li>\n<\/ul>\n<p><b>22-23 : Accroche de discours<\/b><\/p>\n<ul>\n<li>Paul montre-t-il son exasp\u00e9ration ? Pourquoi ?<\/li>\n<li>Quelle est sa tactique pour annoncer son message ?<\/li>\n<li>D&rsquo;apr\u00e8s vous, pourquoi les ath\u00e9niens ont-ils construit ce dr\u00f4le d&rsquo;autel ?<\/li>\n<li>Pascal disait : \u00ab\u00a0il y a dans le c\u0153ur de l&rsquo;Homme un vide qui a la forme de Dieu\u00a0\u00bb. Est-ce comparable avec cet autel ?<\/li>\n<\/ul>\n<p><b>24-28 : Recadrage th\u00e9ologique<\/b><\/p>\n<ul>\n<li>Le v.24 est-il contradictoire avec le v.23 ?<\/li>\n<li>Quelle est la diff\u00e9rence entre le Dieu de Paul et les autres dieux ?<\/li>\n<li>Que veulent dire les vv.27-28 pour des polyth\u00e9istes ?<\/li>\n<li>Si ce que Paul dit est vrai, comment se fait-il que les ath\u00e9niens en soient arriv\u00e9s \u00e0 faire le contraire de ce que Dieu veut ?<\/li>\n<\/ul>\n<p><b>29-34 : Cons\u00e9quences pratiques<\/b><\/p>\n<ul>\n<li>Que doivent faire les ath\u00e9niens maintenant ? Pourquoi ?<\/li>\n<li>Ces changements sont-ils difficiles pour eux ?<\/li>\n<li>Qu&rsquo;est-ce qui pousse Paul \u00e0 dire tout cela ?<\/li>\n<li>De qui parle-t-il au v.31 ?<\/li>\n<li>Quelles sont les r\u00e9actions \u00e0 ce discours ? Cela vous \u00e9tonne-t-il ?<\/li>\n<\/ul>\n<h3><b>APPLICATION<\/b><\/h3>\n<ul>\n<li>Nous sommes \u00ab\u00a0fabriqu\u00e9s\u00a0\u00bb pour avoir une relation avec Dieu. Cherchez-vous \u00e0 trouver Dieu ?<\/li>\n<li>Comment faites-vous pour savoir qui est vraiment Dieu (pas celui qui vient de l&rsquo;imagination des Hommes) ?<\/li>\n<li>D&rsquo;apr\u00e8s vous, qu&rsquo;est-ce que les fran\u00e7ais d&rsquo;aujourd&rsquo;hui connaissent de J\u00e9sus ? Y a-t-il besoin de nouveaux Paul pour parler de J\u00e9sus ?<\/li>\n<\/ul>\n<p>&nbsp;<\/p>\n<p>&nbsp;<\/p>\n<p>&nbsp;<\/p>\n","protected":false},"excerpt":{"rendered":"<p>Note pour l&rsquo;animateur : Il est recommand\u00e9 \u00e0 l&rsquo;animateur de lire l&rsquo;introduction aux Actes des Ap\u00f4tres ici. Annoncer le message de l&rsquo;\u00c9vangile dans un contexte radicalement diff\u00e9rent du sien, tel \u00e9tait le d\u00e9fi de l&rsquo;ap\u00f4tre Paul.<\/p>\n","protected":false},"author":3,"featured_media":0,"comment_status":"open","ping_status":"closed","sticky":false,"template":"","format":"standard","meta":{"_acf_changed":false,"_eb_attr":"","advgb_blocks_editor_width":"","advgb_blocks_columns_visual_guide":"","footnotes":""},"categories":[10],"tags":[694,651,102,145,23],"video":[],"audio":[],"ecrit":[],"mis-en-avant":[],"redacteur":[],"type-darticle":[],"class_list":["post-970","post","type-post","status-publish","format-standard","hentry","category-discussions-autour-de-la-bible","tag-actes","tag-ecrit","tag-evangelisation-2","tag-histoire-du-monde","tag-nouveau-testament"],"blocksy_meta":[],"acf":[],"featured_image_src":null,"author_info":{"display_name":"Yoh","author_link":"https:\/\/www.creusonslabible.fr\/?author=3"},"author_meta":{"display_name":"Yoh","author_link":"https:\/\/www.creusonslabible.fr\/?author=3"},"featured_img":null,"coauthors":[],"tax_additional":{"categories":{"linked":["<a href=\"https:\/\/www.creusonslabible.fr\/?cat=10\" class=\"advgb-post-tax-term\">Discussions autour de la Bible<\/a>"],"unlinked":["<span class=\"advgb-post-tax-term\">Discussions autour de la Bible<\/span>"]},"tags":{"linked":["<a href=\"https:\/\/www.creusonslabible.fr\/?cat=10\" class=\"advgb-post-tax-term\">Actes<\/a>","<a href=\"https:\/\/www.creusonslabible.fr\/?cat=10\" class=\"advgb-post-tax-term\">\u00e9crit<\/a>","<a href=\"https:\/\/www.creusonslabible.fr\/?cat=10\" class=\"advgb-post-tax-term\">Evang\u00e9lisation<\/a>","<a href=\"https:\/\/www.creusonslabible.fr\/?cat=10\" class=\"advgb-post-tax-term\">Histoire du monde<\/a>","<a href=\"https:\/\/www.creusonslabible.fr\/?cat=10\" class=\"advgb-post-tax-term\">Nouveau-Testament<\/a>"],"unlinked":["<span class=\"advgb-post-tax-term\">Actes<\/span>","<span class=\"advgb-post-tax-term\">\u00e9crit<\/span>","<span class=\"advgb-post-tax-term\">Evang\u00e9lisation<\/span>","<span class=\"advgb-post-tax-term\">Histoire du monde<\/span>","<span class=\"advgb-post-tax-term\">Nouveau-Testament<\/span>"]}},"comment_count":"0","relative_dates":{"created":"Publi\u00e9 13 ans il y a","modified":"Mis \u00e0 jour 1 an il y a"},"absolute_dates":{"created":"Publi\u00e9 le 13 d\u00e9cembre 2012","modified":"Mise \u00e0 jour le 24 janvier 2025"},"absolute_dates_time":{"created":"Publi\u00e9 le 13 d\u00e9cembre 2012 8h53","modified":"Mise \u00e0 jour le 24 janvier 2025 11h27"},"featured_img_caption":"","series_order":"","meta_box":[],"_links":{"self":[{"href":"https:\/\/www.creusonslabible.fr\/index.php?rest_route=\/wp\/v2\/posts\/970","targetHints":{"allow":["GET"]}}],"collection":[{"href":"https:\/\/www.creusonslabible.fr\/index.php?rest_route=\/wp\/v2\/posts"}],"about":[{"href":"https:\/\/www.creusonslabible.fr\/index.php?rest_route=\/wp\/v2\/types\/post"}],"author":[{"embeddable":true,"href":"https:\/\/www.creusonslabible.fr\/index.php?rest_route=\/wp\/v2\/users\/3"}],"replies":[{"embeddable":true,"href":"https:\/\/www.creusonslabible.fr\/index.php?rest_route=%2Fwp%2Fv2%2Fcomments&post=970"}],"version-history":[{"count":1,"href":"https:\/\/www.creusonslabible.fr\/index.php?rest_route=\/wp\/v2\/posts\/970\/revisions"}],"predecessor-version":[{"id":10912,"href":"https:\/\/www.creusonslabible.fr\/index.php?rest_route=\/wp\/v2\/posts\/970\/revisions\/10912"}],"wp:attachment":[{"href":"https:\/\/www.creusonslabible.fr\/index.php?rest_route=%2Fwp%2Fv2%2Fmedia&parent=970"}],"wp:term":[{"taxonomy":"category","embeddable":true,"href":"https:\/\/www.creusonslabible.fr\/index.php?rest_route=%2Fwp%2Fv2%2Fcategories&post=970"},{"taxonomy":"post_tag","embeddable":true,"href":"https:\/\/www.creusonslabible.fr\/index.php?rest_route=%2Fwp%2Fv2%2Ftags&post=970"},{"taxonomy":"video","embeddable":true,"href":"https:\/\/www.creusonslabible.fr\/index.php?rest_route=%2Fwp%2Fv2%2Fvideo&post=970"},{"taxonomy":"audio","embeddable":true,"href":"https:\/\/www.creusonslabible.fr\/index.php?rest_route=%2Fwp%2Fv2%2Faudio&post=970"},{"taxonomy":"ecrit","embeddable":true,"href":"https:\/\/www.creusonslabible.fr\/index.php?rest_route=%2Fwp%2Fv2%2Fecrit&post=970"},{"taxonomy":"mis-en-avant","embeddable":true,"href":"https:\/\/www.creusonslabible.fr\/index.php?rest_route=%2Fwp%2Fv2%2Fmis-en-avant&post=970"},{"taxonomy":"redacteur","embeddable":true,"href":"https:\/\/www.creusonslabible.fr\/index.php?rest_route=%2Fwp%2Fv2%2Fredacteur&post=970"},{"taxonomy":"type-darticle","embeddable":true,"href":"https:\/\/www.creusonslabible.fr\/index.php?rest_route=%2Fwp%2Fv2%2Ftype-darticle&post=970"}],"curies":[{"name":"wp","href":"https:\/\/api.w.org\/{rel}","templated":true}]}}