{"id":9768,"date":"2024-07-25T23:39:49","date_gmt":"2024-07-25T21:39:49","guid":{"rendered":"https:\/\/www.creusonslabible.fr\/?p=9768"},"modified":"2025-01-22T13:05:07","modified_gmt":"2025-01-22T11:05:07","slug":"la-paque-de-jesus-mt-27-27-28-10","status":"publish","type":"post","link":"https:\/\/www.creusonslabible.fr\/?p=9768","title":{"rendered":"La p\u00e2que de J\u00e9sus\u00a0: Mt 27.27-28.10"},"content":{"rendered":"\n<p><\/p>\n\n\n\n<h4 id=\"wp-block-themeisle-blocks-advanced-heading-2079933e\" class=\"wp-block-themeisle-blocks-advanced-heading wp-block-themeisle-blocks-advanced-heading-2079933e\"><strong>Accroche<\/strong><\/h4>\n\n\n\n<p>Qu\u2019est-ce qu\u2019un investissement&nbsp;? En quoi investissez-vous&nbsp;? Pourquoi&nbsp;?<\/p>\n\n\n\n<h4 id=\"wp-block-themeisle-blocks-advanced-heading-d676c4d6\" class=\"wp-block-themeisle-blocks-advanced-heading wp-block-themeisle-blocks-advanced-heading-d676c4d6\"><strong>Contexte<\/strong><\/h4>\n\n\n\n<p>P\u00e2que au d\u00e9but des ann\u00e9es 30 en Jud\u00e9e. Apr\u00e8s avoir pris un dernier repas comm\u00e9morant la sortie des h\u00e9breux d\u2019\u00c9gypte avec ses disciples, J\u00e9sus est arr\u00eat\u00e9, jug\u00e9 coupable et condamn\u00e9 \u00e0 mort. C\u2019est le h\u00e9ro de l\u2019histoire alors va-t-il s\u2019en sortir&nbsp;? \u00c0 moins que la date de la crucifixion ait une importance\u2026<\/p>\n\n\n\n<p>Lisez une partie \u00e0 la fois, comme 3 \u00e9pisodes d\u2019une s\u00e9rie.<\/p>\n\n\n\n<p>Lire vv.27 \u00e0 44<\/p>\n\n\n\n<blockquote class=\"wp-block-quote is-layout-flow wp-block-quote-is-layout-flow\">\n<p>27 Les soldats du gouverneur conduisirent J\u00e9sus dans le pr\u00e9toire, et ils rassembl\u00e8rent autour de lui toute la cohorte. 28 Ils lui \u00f4t\u00e8rent ses v\u00eatements et le couvrirent d&rsquo;un manteau \u00e9carlate. 29 Ils tress\u00e8rent une couronne d&rsquo;\u00e9pines qu&rsquo;ils lui pos\u00e8rent sur la t\u00eate, et ils lui mirent un roseau dans la main droite ; puis ils se mirent \u00e0 genoux devant lui pour se moquer de lui, en disant : Bonjour, roi des Juifs ! 30 Et ils lui crachaient dessus, prenaient le roseau et le frappaient sur la t\u00eate. 31 Apr\u00e8s s&rsquo;\u00eatre ainsi moqu\u00e9s de lui, ils lui \u00f4t\u00e8rent le manteau, lui remirent ses v\u00eatements et l&#8217;emmen\u00e8rent pour le crucifier.<\/p>\n\n\n\n<p>32 En sortant, ils trouv\u00e8rent un homme de Cyr\u00e8ne nomm\u00e9 Simon, et ils le r\u00e9quisitionn\u00e8rent pour porter sa croix.<\/p>\n\n\n\n<p>33 Arriv\u00e9s au lieu qu&rsquo;on appelle Golgotha, ce qui signifie \u00ab Lieu du Cr\u00e2ne \u00bb, 34 ils lui donn\u00e8rent \u00e0 boire du vin m\u00eal\u00e9 de fiel, mais, quand il l&rsquo;eut go\u00fbt\u00e9, il ne voulut pas boire.<\/p>\n\n\n\n<p>35 Apr\u00e8s l&rsquo;avoir crucifi\u00e9, ils se partag\u00e8rent ses v\u00eatements, en tirant au sort. 36 Puis ils s&rsquo;assirent pour monter la garde devant lui.<\/p>\n\n\n\n<p>37 On pla\u00e7a au-dessus de sa t\u00eate une inscription indiquant le motif de sa condamnation :<\/p>\n\n\n\n<p>\u00ab Cet homme est J\u00e9sus, le roi des Juifs. \u00bb<br>38 Alors deux bandits sont crucifi\u00e9s avec lui, l&rsquo;un \u00e0 droite, l&rsquo;autre \u00e0 gauche.<\/p>\n\n\n\n<p>39 Les passants l&rsquo;injuriaient en hochant la t\u00eate. 40 Ils disaient : Toi qui d\u00e9truis le sanctuaire et qui le reconstruis en trois jours, sauve-toi toi-m\u00eame ! Si tu es Fils de Dieu, descends de la croix ! 41 Les grands pr\u00eatres, avec les scribes et les anciens, se moquaient aussi de lui et disaient : 42 Il en a sauv\u00e9 d&rsquo;autres, et il ne peut pas se sauver lui-m\u00eame ! Il est roi d&rsquo;Isra\u00ebl : qu&rsquo;il descende de la croix, et nous croirons en lui ! 43 Il s&rsquo;est confi\u00e9 en Dieu ; que Dieu le d\u00e9livre maintenant, s&rsquo;il l&rsquo;aime. Car il a dit : \u00ab Je suis Fils de Dieu ! \u00bb 44 Les bandits crucifi\u00e9s avec lui l&rsquo;insultaient de la m\u00eame mani\u00e8re.<\/p>\n<\/blockquote>\n\n\n\n<h4 id=\"wp-block-themeisle-blocks-advanced-heading-189f4e6c\" class=\"wp-block-themeisle-blocks-advanced-heading wp-block-themeisle-blocks-advanced-heading-189f4e6c\"><strong>Parodie ou pr\u00e9figuration&nbsp;? (27-44)<\/strong><\/h4>\n\n\n\n<p>[O-C] Quel mot vous vient \u00e0 l\u2019esprit apr\u00e8s avoir lu cette partie&nbsp;? Pourquoi&nbsp;?<\/p>\n\n\n\n<p>[O-C] Quels sont les 2 titres donn\u00e9s \u00e0 J\u00e9sus ici&nbsp;? Par qui&nbsp;? Pourquoi&nbsp;?&nbsp;<\/p>\n\n\n\n<p>[C] J\u00e9sus m\u00e9rite-t-il ces titres&nbsp;? Pourquoi&nbsp;?<\/p>\n\n\n\n<p>[C] Quelle aurait pu \u00eatre la tentation de J\u00e9sus en tant que vrai roi des juifs et vrai fils de Dieu&nbsp;?<\/p>\n\n\n\n<p>[C]&nbsp;Pourquoi J\u00e9sus se laisse-t-il faire&nbsp;?<\/p>\n\n\n\n<p>Lire vv.45-56<\/p>\n\n\n\n<blockquote class=\"wp-block-quote is-layout-flow wp-block-quote-is-layout-flow\">\n<p>45 Depuis la sixi\u00e8me heure jusqu&rsquo;\u00e0 la neuvi\u00e8me heure il y eut des t\u00e9n\u00e8bres sur toute la terre. 46 Et vers la neuvi\u00e8me heure, J\u00e9sus cria :<\/p>\n\n\n\n<p>Eli, Eli, lema sabachthani ?<br>c&rsquo;est-\u00e0-dire : Mon Dieu, mon Dieu, pourquoi m&rsquo;as-tu abandonn\u00e9 ? 47 Quelques-uns de ceux qui \u00e9taient l\u00e0 l&rsquo;entendirent ; ils disaient : En voil\u00e0 un qui appelle Elie. 48 Aussit\u00f4t l&rsquo;un d&rsquo;eux courut prendre une \u00e9ponge, qu&rsquo;il remplit de vin aigre ; il la fixa \u00e0 un roseau pour lui donner \u00e0 boire. 49 Mais les autres dirent : Laisse, voyons si Elie va venir le sauver. 50 J\u00e9sus poussa encore un grand cri et rendit l&rsquo;esprit.<\/p>\n\n\n\n<p>51 Alors le voile du sanctuaire se d\u00e9chira en deux, d&rsquo;en haut jusqu&rsquo;en bas, la terre trembla, les rochers se fendirent, 52 les tombeaux s&rsquo;ouvrirent et les corps de beaucoup de saints endormis se r\u00e9veill\u00e8rent. 53 Sortis des tombeaux apr\u00e8s son r\u00e9veil, ils entr\u00e8rent dans la ville sainte et se manifest\u00e8rent \u00e0 beaucoup de gens.<\/p>\n\n\n\n<p>54 Voyant le tremblement de terre et ce qui venait d&rsquo;arriver, le centurion et ceux qui \u00e9taient avec lui pour garder J\u00e9sus furent saisis d&rsquo;une grande crainte et dirent : Celui-ci \u00e9tait vraiment Fils de Dieu.<\/p>\n\n\n\n<p>55 Il y avait l\u00e0 beaucoup de femmes qui regardaient de loin, celles-l\u00e0 m\u00eame qui avaient accompagn\u00e9 J\u00e9sus depuis la Galil\u00e9e, pour le servir. 56 Parmi elles, il y avait Marie-Madeleine, Marie, m\u00e8re de Jacques et de Joseph, et la m\u00e8re des fils de Z\u00e9b\u00e9d\u00e9e.<\/p>\n\n\n\n<p>57 Le soir venu, un homme riche d&rsquo;Arimath\u00e9e nomm\u00e9 Joseph, qui \u00e9tait lui aussi disciple de J\u00e9sus, arriva. 58 Il se rendit chez Pilate et demanda le corps de J\u00e9sus. Alors Pilate ordonna qu&rsquo;on le lui remette. 59 Joseph prit le corps, l&rsquo;enveloppa d&rsquo;un drap immacul\u00e9 60 et le mit dans un tombeau neuf, qu&rsquo;il s&rsquo;\u00e9tait fait tailler dans le roc. Puis il roula une grande pierre \u00e0 l&rsquo;entr\u00e9e du tombeau et s&rsquo;en alla. 61 Marie-Madeleine et l&rsquo;autre Marie \u00e9taient l\u00e0, assises en face du s\u00e9pulcre.<\/p>\n<\/blockquote>\n\n\n\n<h4 id=\"wp-block-themeisle-blocks-advanced-heading-71a44fdf\" class=\"wp-block-themeisle-blocks-advanced-heading wp-block-themeisle-blocks-advanced-heading-71a44fdf\"><strong>Sombre jour (45-61)<\/strong><\/h4>\n\n\n\n<p>[C] Pourquoi J\u00e9sus dit-il que Dieu l\u2019a abandonn\u00e9&nbsp;?&nbsp;<\/p>\n\n\n\n<p>[C] Le v.46 est une citation du d\u00e9but du Psaume 22, comme les vv. 29,35, 39 et 43. Si vous avez le temps, lisez-le. Ce psaume commence tr\u00e8s mal (cf. les 4 citations de notre passage) et finit tr\u00e8s tr\u00e8s bien&nbsp;: qu\u2019est-ce que cela semble annoncer pour J\u00e9sus&nbsp;?<\/p>\n\n\n\n<p>[O] Le peuple comprend-il la r\u00e9f\u00e9rence biblique&nbsp;? Pourquoi&nbsp;?<\/p>\n\n\n\n<p>[O-C] Qu\u2019est-ce qui se passe quand J\u00e9sus souffre et meurt&nbsp;? Combien y a-t-il de signes&nbsp;? Que veulent-ils dire&nbsp;?&nbsp;<\/p>\n\n\n\n<p>[O-C] Comparez les v.54 et les vv.55-56&nbsp;: qui a l\u2019air de mieux comprendre ce qui est en train de se passer&nbsp;? Pourquoi&nbsp;?<\/p>\n\n\n\n<p>[O-C] Qui est Joseph&nbsp;? L\u2019a-t-on d\u00e9j\u00e0 vu&nbsp;? Pourquoi est-ce lui, et non les disciples, qui prend soin du corps de J\u00e9sus&nbsp;?<\/p>\n\n\n\n<p>[C] Imaginez comment les disciples ont d\u00fb vivre cette P\u00e2que&#8230;\u00a0<\/p>\n\n\n\n<blockquote class=\"wp-block-quote is-layout-flow wp-block-quote-is-layout-flow\">\n<p>62 Le lendemain, c&rsquo;est-\u00e0-dire le jour apr\u00e8s la Pr\u00e9paration, les grands pr\u00eatres et les pharisiens all\u00e8rent ensemble trouver Pilate 63 et dirent : Seigneur, nous nous souvenons que cet imposteur a dit, quand il vivait encore : \u00ab Apr\u00e8s trois jours je me r\u00e9veillerai. \u00bb 64 Ordonne donc qu&rsquo;on mette le s\u00e9pulcre sous surveillance jusqu&rsquo;au troisi\u00e8me jour, afin que ses disciples ne viennent pas d\u00e9rober le corps et dire au peuple : \u00ab Il s&rsquo;est r\u00e9veill\u00e9 d&rsquo;entre les morts. \u00bb Cette derni\u00e8re imposture serait encore pire que la premi\u00e8re. 65 Pilate leur dit : Vous avez une garde ; eh bien, mettez-le sous surveillance comme vous l&rsquo;entendez. 66 Ils s&rsquo;en all\u00e8rent donc et mirent le s\u00e9pulcre sous surveillance, en scellant la pierre et en postant la garde.<\/p>\n\n\n\n<p>28 Apr\u00e8s le sabbat, alors que le premier jour de la semaine allait commencer, Marie-Madeleine et l&rsquo;autre Marie vinrent voir le s\u00e9pulcre. 2 Soudain, il y eut un grand tremblement de terre ; car l&rsquo;ange du Seigneur, descendu du ciel, vint rouler la pierre et s&rsquo;asseoir dessus. 3 Son aspect \u00e9tait comme l&rsquo;\u00e9clair et son v\u00eatement blanc comme la neige. 4 Les gardes trembl\u00e8rent de peur et devinrent comme morts. 5 Mais l&rsquo;ange dit aux femmes : Vous, n&rsquo;ayez pas peur, car je sais que vous cherchez J\u00e9sus, le crucifi\u00e9. 6 Il n&rsquo;est pas ici ; en effet, il s&rsquo;est r\u00e9veill\u00e9, comme il l&rsquo;avait dit. Venez, regardez le lieu o\u00f9 il gisait, 7 allez vite dire \u00e0 ses disciples qu&rsquo;il s&rsquo;est r\u00e9veill\u00e9 d&rsquo;entre les morts. Il vous pr\u00e9c\u00e8de en Galil\u00e9e ; c&rsquo;est l\u00e0 que vous le verrez. Voil\u00e0, je vous l&rsquo;ai dit.<\/p>\n\n\n\n<p>8 Elles s&rsquo;\u00e9loign\u00e8rent vite du tombeau, avec crainte et avec une grande joie, et elles coururent porter la nouvelle aux disciples. 9 Mais J\u00e9sus vint au-devant d&rsquo;elles et leur dit : Bonjour ! Elles s&rsquo;approch\u00e8rent et lui saisirent les pieds en se prosternant devant lui. 10 Alors J\u00e9sus leur dit : N&rsquo;ayez pas peur ; allez dire \u00e0 mes fr\u00e8res de se rendre en Galil\u00e9e : c&rsquo;est l\u00e0 qu&rsquo;ils me verront.<\/p>\n<\/blockquote>\n\n\n\n<h4 id=\"wp-block-themeisle-blocks-advanced-heading-77da7d46\" class=\"wp-block-themeisle-blocks-advanced-heading wp-block-themeisle-blocks-advanced-heading-77da7d46\"><strong>Pas une trag\u00e9die, une com\u00e9die&nbsp;! (62-28.10)<\/strong><\/h4>\n\n\n\n<p>[0-C] De quoi les autorit\u00e9s juives ont-elles peur&nbsp;? Est-ce justifi\u00e9&nbsp;?<\/p>\n\n\n\n<p>[0] Listez maintenant tout ce qui garantit que le Corps de J\u00e9sus ne va pas bouger de son tombeau.<\/p>\n\n\n\n<p>[0] Malgr\u00e9 toutes ces garantis, que s\u2019est-il pass\u00e9&nbsp;? Pourquoi&nbsp;?<\/p>\n\n\n\n<p>[C] Pourquoi J\u00e9sus est-il ressuscit\u00e9&nbsp;?<\/p>\n\n\n\n<p>[0-I] Comparez les similitudes entre le moment de la crucifixion (27.45-56) et celui de la r\u00e9surrection (28.1-7). (<a href=\"https:\/\/www.creusonslabible.fr\/?p=7371\">les r\u00e9ponses sont ici<\/a>)&nbsp;<\/p>\n\n\n\n<p>[I] Qu\u2019est-ce que les accomplissements du Psaume 22 et les similitudes crucifixion\/R\u00e9surrection nous apprennent \u00e0 propos du plan de Dieu &nbsp;?<\/p>\n\n\n\n<p>[C] Finalement quels sont les points communs entre la P\u00e2que juive et la crucifixion-r\u00e9surrection de J\u00e9sus&nbsp;?<\/p>\n\n\n\n<h4 id=\"wp-block-themeisle-blocks-advanced-heading-e638421c\" class=\"wp-block-themeisle-blocks-advanced-heading wp-block-themeisle-blocks-advanced-heading-e638421c\"><strong>Applications<\/strong><\/h4>\n\n\n\n<ul class=\"wp-block-list\">\n<li>\u00ab&nbsp;Il n&rsquo;y a pas de plus grand amour que de donner sa vie pour ses amis.&nbsp;\u00bb&nbsp;disait J\u00e9sus a ses disciples (Jean 15.13) et J\u00e9sus l\u2019a fait&nbsp;! Il a aussi dit \u00ab&nbsp;celui qui est pr\u00e9occup\u00e9 de sauver sa vie la perdra ; mais celui qui perdra sa vie \u00e0 cause de moi, la retrouvera.&nbsp;\u00bb (Matthieu 16.25)&nbsp;: Toi, veux-tu imiter J\u00e9sus&nbsp;? Pourquoi&nbsp;?<\/li>\n\n\n\n<li>Qu\u2019est-ce qui nous manque pour croire et mettre en pratique les promesses de Dieu&nbsp;?<\/li>\n<\/ul>\n","protected":false},"excerpt":{"rendered":"<p>Qu\u2019est-ce qu\u2019un investissement&nbsp;? En quoi investissez-vous&nbsp;? Pourquoi&nbsp;? P\u00e2que au d\u00e9but des ann\u00e9es 30 en Jud\u00e9e. Apr\u00e8s avoir pris un dernier repas comm\u00e9morant la sortie des h\u00e9breux d\u2019\u00c9gypte avec ses disciples, J\u00e9sus est arr\u00eat\u00e9, jug\u00e9 coupable et condamn\u00e9 \u00e0 mort. C\u2019est le h\u00e9ro de l\u2019histoire alors va-t-il s\u2019en sortir&nbsp;? \u00c0 moins que la date de la [&hellip;]<\/p>\n","protected":false},"author":3,"featured_media":9771,"comment_status":"open","ping_status":"open","sticky":false,"template":"","format":"standard","meta":{"_acf_changed":false,"_eb_attr":"","advgb_blocks_editor_width":"","advgb_blocks_columns_visual_guide":"","footnotes":""},"categories":[73,18,75],"tags":[541,651,257,409,444],"video":[],"audio":[],"ecrit":[],"mis-en-avant":[],"redacteur":[],"type-darticle":[],"class_list":["post-9768","post","type-post","status-publish","format-standard","has-post-thumbnail","hentry","category-comment-dieu-sauve","category-dab-pour-etudiants","category-jesus-le-fils","tag-crucifixion","tag-ecrit","tag-nouvelle-alliance","tag-paques","tag-resurrection"],"blocksy_meta":[],"acf":[],"featured_image_src":"https:\/\/www.creusonslabible.fr\/wp-content\/uploads\/2024\/07\/Caravaggio_-_La_Deposizione_di_Cristo-e1721942808793.jpg","author_info":{"display_name":"Yoh","author_link":"https:\/\/www.creusonslabible.fr\/?author=3"},"author_meta":{"display_name":"Yoh","author_link":"https:\/\/www.creusonslabible.fr\/?author=3"},"featured_img":"https:\/\/www.creusonslabible.fr\/wp-content\/uploads\/2024\/07\/Caravaggio_-_La_Deposizione_di_Cristo-e1721942808793-300x241.jpg","coauthors":[],"tax_additional":{"categories":{"linked":["<a href=\"https:\/\/www.creusonslabible.fr\/?cat=73\" class=\"advgb-post-tax-term\">Comment Dieu sauve<\/a>","<a href=\"https:\/\/www.creusonslabible.fr\/?cat=18\" class=\"advgb-post-tax-term\">DAB pour \u00e9tudiants<\/a>","<a href=\"https:\/\/www.creusonslabible.fr\/?cat=75\" class=\"advgb-post-tax-term\">J\u00e9sus le Fils<\/a>"],"unlinked":["<span class=\"advgb-post-tax-term\">Comment Dieu sauve<\/span>","<span class=\"advgb-post-tax-term\">DAB pour \u00e9tudiants<\/span>","<span class=\"advgb-post-tax-term\">J\u00e9sus le Fils<\/span>"]},"tags":{"linked":["<a href=\"https:\/\/www.creusonslabible.fr\/?cat=75\" class=\"advgb-post-tax-term\">crucifixion<\/a>","<a href=\"https:\/\/www.creusonslabible.fr\/?cat=75\" class=\"advgb-post-tax-term\">\u00e9crit<\/a>","<a href=\"https:\/\/www.creusonslabible.fr\/?cat=75\" class=\"advgb-post-tax-term\">nouvelle alliance<\/a>","<a href=\"https:\/\/www.creusonslabible.fr\/?cat=75\" class=\"advgb-post-tax-term\">P\u00e2ques<\/a>","<a href=\"https:\/\/www.creusonslabible.fr\/?cat=75\" class=\"advgb-post-tax-term\">resurrection<\/a>"],"unlinked":["<span class=\"advgb-post-tax-term\">crucifixion<\/span>","<span class=\"advgb-post-tax-term\">\u00e9crit<\/span>","<span class=\"advgb-post-tax-term\">nouvelle alliance<\/span>","<span class=\"advgb-post-tax-term\">P\u00e2ques<\/span>","<span class=\"advgb-post-tax-term\">resurrection<\/span>"]}},"comment_count":"0","relative_dates":{"created":"Publi\u00e9 2 ans il y a","modified":"Mis \u00e0 jour 1 an il y a"},"absolute_dates":{"created":"Publi\u00e9 le 25 juillet 2024","modified":"Mise \u00e0 jour le 22 janvier 2025"},"absolute_dates_time":{"created":"Publi\u00e9 le 25 juillet 2024 23h39","modified":"Mise \u00e0 jour le 22 janvier 2025 13h05"},"featured_img_caption":"","series_order":"","meta_box":[],"_links":{"self":[{"href":"https:\/\/www.creusonslabible.fr\/index.php?rest_route=\/wp\/v2\/posts\/9768","targetHints":{"allow":["GET"]}}],"collection":[{"href":"https:\/\/www.creusonslabible.fr\/index.php?rest_route=\/wp\/v2\/posts"}],"about":[{"href":"https:\/\/www.creusonslabible.fr\/index.php?rest_route=\/wp\/v2\/types\/post"}],"author":[{"embeddable":true,"href":"https:\/\/www.creusonslabible.fr\/index.php?rest_route=\/wp\/v2\/users\/3"}],"replies":[{"embeddable":true,"href":"https:\/\/www.creusonslabible.fr\/index.php?rest_route=%2Fwp%2Fv2%2Fcomments&post=9768"}],"version-history":[{"count":2,"href":"https:\/\/www.creusonslabible.fr\/index.php?rest_route=\/wp\/v2\/posts\/9768\/revisions"}],"predecessor-version":[{"id":9787,"href":"https:\/\/www.creusonslabible.fr\/index.php?rest_route=\/wp\/v2\/posts\/9768\/revisions\/9787"}],"wp:featuredmedia":[{"embeddable":true,"href":"https:\/\/www.creusonslabible.fr\/index.php?rest_route=\/wp\/v2\/media\/9771"}],"wp:attachment":[{"href":"https:\/\/www.creusonslabible.fr\/index.php?rest_route=%2Fwp%2Fv2%2Fmedia&parent=9768"}],"wp:term":[{"taxonomy":"category","embeddable":true,"href":"https:\/\/www.creusonslabible.fr\/index.php?rest_route=%2Fwp%2Fv2%2Fcategories&post=9768"},{"taxonomy":"post_tag","embeddable":true,"href":"https:\/\/www.creusonslabible.fr\/index.php?rest_route=%2Fwp%2Fv2%2Ftags&post=9768"},{"taxonomy":"video","embeddable":true,"href":"https:\/\/www.creusonslabible.fr\/index.php?rest_route=%2Fwp%2Fv2%2Fvideo&post=9768"},{"taxonomy":"audio","embeddable":true,"href":"https:\/\/www.creusonslabible.fr\/index.php?rest_route=%2Fwp%2Fv2%2Faudio&post=9768"},{"taxonomy":"ecrit","embeddable":true,"href":"https:\/\/www.creusonslabible.fr\/index.php?rest_route=%2Fwp%2Fv2%2Fecrit&post=9768"},{"taxonomy":"mis-en-avant","embeddable":true,"href":"https:\/\/www.creusonslabible.fr\/index.php?rest_route=%2Fwp%2Fv2%2Fmis-en-avant&post=9768"},{"taxonomy":"redacteur","embeddable":true,"href":"https:\/\/www.creusonslabible.fr\/index.php?rest_route=%2Fwp%2Fv2%2Fredacteur&post=9768"},{"taxonomy":"type-darticle","embeddable":true,"href":"https:\/\/www.creusonslabible.fr\/index.php?rest_route=%2Fwp%2Fv2%2Ftype-darticle&post=9768"}],"curies":[{"name":"wp","href":"https:\/\/api.w.org\/{rel}","templated":true}]}}