{"id":9788,"date":"2024-05-29T11:04:00","date_gmt":"2024-05-29T09:04:00","guid":{"rendered":"https:\/\/www.creusonslabible.fr\/?p=9788"},"modified":"2025-01-22T13:05:12","modified_gmt":"2025-01-22T11:05:12","slug":"jean-15-18-16-15-lannonce-qui-casse-lambiance","status":"publish","type":"post","link":"https:\/\/www.creusonslabible.fr\/?p=9788","title":{"rendered":"Jean 15.18-16.15 : L&rsquo;Annonce qui casse l\u2019ambiance"},"content":{"rendered":"\n<h4 id=\"wp-block-themeisle-blocks-advanced-heading-de962780\" class=\"wp-block-themeisle-blocks-advanced-heading wp-block-themeisle-blocks-advanced-heading-de962780\">Accroche<\/h4>\n\n\n\n<p>Pr\u00e9f\u00e9rez-vous \u00eatre heureux dans le mensonge ou bien malheureux dans la v\u00e9rit\u00e9\u00a0? Pourquoi\u00a0?<\/p>\n\n\n\n<h4 id=\"wp-block-themeisle-blocks-advanced-heading-016d76cc\" class=\"wp-block-themeisle-blocks-advanced-heading wp-block-themeisle-blocks-advanced-heading-016d76cc\"><strong>Contexte<\/strong><\/h4>\n\n\n\n<p>Quelques heures avant d\u2019\u00eatre arr\u00eat\u00e9, jug\u00e9 et condamn\u00e9 \u00e0 mort, J\u00e9sus est seul avec ses (11) disciples et il leur donne son testament spirituel. Avant notre passage, il les a exhort\u00e9s \u00e0 d\u00e9pendre de lui comme des sarments restent attach\u00e9s \u00e0 un cep afin de faire preuve d\u2019un amour surnaturel qui va jusqu\u2019\u00e0 donner sa vie pour ses amis.\u00a0<\/p>\n\n\n\n<p><\/p>\n\n\n\n<blockquote class=\"wp-block-quote is-layout-flow wp-block-quote-is-layout-flow\">\n<p>Matthieu 15.18 Si le monde vous d\u00e9teste, sachez qu&rsquo;il m&rsquo;a d\u00e9test\u00e9 avant vous. 19 Si vous \u00e9tiez du monde, le monde aimerait ce qui lui est propre. Si le monde vous d\u00e9teste, c&rsquo;est parce que vous n&rsquo;\u00eates pas du monde, alors que, moi, je vous ai choisis du milieu du monde. 20 Souvenez-vous de la parole que, moi, je vous ai dite\u00a0: L&rsquo;esclave n&rsquo;est pas plus grand que son ma\u00eetre. S&rsquo;ils m&rsquo;ont pers\u00e9cut\u00e9, ils vous pers\u00e9cuteront aussi\u00a0; s&rsquo;ils ont gard\u00e9 ma parole, ils garderont aussi la v\u00f4tre. 21 Mais tout cela, ils vous le feront \u00e0 cause de mon nom, parce qu&rsquo;ils ne connaissent pas celui qui m&rsquo;a envoy\u00e9. 22 Si je n&rsquo;\u00e9tais pas venu et si je ne leur avais pas parl\u00e9, ils n&rsquo;auraient pas de p\u00e9ch\u00e9. Maintenant, ils n&rsquo;ont pas d&rsquo;excuse pour leur p\u00e9ch\u00e9. 23 Celui qui me d\u00e9teste d\u00e9teste aussi mon P\u00e8re. 24 Si je n&rsquo;avais pas fait parmi eux les oeuvres que nul autre n&rsquo;a faites, ils n&rsquo;auraient pas de p\u00e9ch\u00e9. Maintenant ils ont vu, et ils ont d\u00e9test\u00e9, et moi et mon P\u00e8re. 25 Mais c&rsquo;est pour que soit accomplie cette parole, \u00e9crite dans leur loi\u00a0: Ils m&rsquo;ont d\u00e9test\u00e9 sans raison.<br>26 Quand viendra le D\u00e9fenseur, celui que, moi, je vous enverrai du P\u00e8re, l&rsquo;Esprit de la v\u00e9rit\u00e9, qui provient du P\u00e8re, c&rsquo;est lui qui me rendra t\u00e9moignage\u00a0; 27 et vous aussi, vous rendrez t\u00e9moignage, parce que vous \u00eates avec moi depuis le commencement.<br>16.1 Je vous ai parl\u00e9 ainsi afin qu&rsquo;il n&rsquo;y ait pour vous aucune cause de chute. 2 Ils vous excluront des synagogues\u00a0; l&rsquo;heure vient m\u00eame o\u00f9 quiconque vous tuera pensera offrir un culte \u00e0 Dieu. 3 Et ils feront cela parce qu&rsquo;ils n&rsquo;ont jamais connu ni le P\u00e8re ni moi. 4 Je vous ai parl\u00e9 ainsi pour que, l&rsquo;heure venue, vous vous souveniez que, moi, je vous l&rsquo;ai dit.<br>Je ne vous l&rsquo;ai pas dit depuis le commencement, parce que j&rsquo;\u00e9tais avec vous.<br>5 Maintenant, je m&rsquo;en vais vers celui qui m&rsquo;a envoy\u00e9, et aucun de vous ne me demande\u00a0: \u00ab\u00a0O\u00f9 vas-tu\u00a0?\u00a0\u00bb 6 Mais parce que je vous ai parl\u00e9 ainsi, la tristesse a rempli votre coeur. 7 Cependant, moi, je vous dis la v\u00e9rit\u00e9\u00a0: il est avantageux pour vous que, moi, je m&rsquo;en aille\u00a0; car si je ne m&rsquo;en vais pas, le D\u00e9fenseur ne viendra pas \u00e0 vous\u00a0; mais si je m&rsquo;en vais, je vous l&rsquo;enverrai. 8 Quand il sera venu, lui, il confondra le monde en mati\u00e8re de p\u00e9ch\u00e9, de justice et de jugement\u00a0: 9 en mati\u00e8re de p\u00e9ch\u00e9, parce qu&rsquo;ils ne mettent pas leur foi en moi\u00a0; 10 en mati\u00e8re de justice, parce que je m&rsquo;en vais vers le P\u00e8re, et que vous ne me verrez plus\u00a0; 11 en mati\u00e8re de jugement, parce que le prince de ce monde est jug\u00e9.<br>12 J&rsquo;ai encore beaucoup \u00e0 vous dire, mais vous ne pouvez pas le porter maintenant. 13 Quand il viendra, lui, l&rsquo;Esprit de la v\u00e9rit\u00e9, il vous conduira dans toute la v\u00e9rit\u00e9\u00a0; car il ne parlera pas de sa propre initiative, mais il dira tout ce qu&rsquo;il entendra et il vous annoncera ce qui est \u00e0 venir. 14 Lui me glorifiera, parce qu&rsquo;il prendra de ce qui est \u00e0 moi pour vous l&rsquo;annoncer. 15 Tout ce qu&rsquo;a le P\u00e8re est \u00e0 moi\u00a0; c&rsquo;est pourquoi j&rsquo;ai dit qu&rsquo;il prendra de ce qui est \u00e0 moi pour vous l&rsquo;annoncer.<\/p>\n<\/blockquote>\n\n\n\n<p><\/p>\n\n\n\n<h4 id=\"wp-block-themeisle-blocks-advanced-heading-3aa7b540\" class=\"wp-block-themeisle-blocks-advanced-heading wp-block-themeisle-blocks-advanced-heading-3aa7b540\"><strong>Observation-Compr\u00e9hension<\/strong><\/h4>\n\n\n\n<ul class=\"wp-block-list\">\n<li>[O-I]\u00a0Que pensez-vous de l\u2019avenir des disciples\u00a0? Pourquoi\u00a0?<\/li>\n\n\n\n<li>[I] Pourquoi tant de haine envers les disciples de J\u00e9sus\u00a0?<\/li>\n\n\n\n<li>[O] Y a-t-il une nouvelle un peu r\u00e9jouissante dans cette d\u00e9claration de J\u00e9sus\u00a0? Laquelle\u00a0?<\/li>\n\n\n\n<li>[O] C\u2019est qui ce d\u00e9fenseur promis\u00a0? Il va venir \u00e0 quelle condition\u00a0?\u00a0<\/li>\n\n\n\n<li>[O] Il est envoy\u00e9 par qui et pour quoi faire\u00a0(3 choses)\u00a0?<\/li>\n\n\n\n<li>[O-I]\u00a0Si nous \u00e9tions dans un tribunal, qui serait le juge, les accus\u00e9s, les plaignants, l\u2019avocat et le procureur\u00a0?<\/li>\n\n\n\n<li>[O]\u00a0Alors que le monde va pers\u00e9cuter les chr\u00e9tiens, l\u2019Esprit Saint va non seulement avoir une fonction d\u2019avocat en aidant les disciples \u00e0 savoir comment t\u00e9moigner (15.26-27) mais il va aussi \u00eatre le procureur du monde\u00a0: quelles sont les 3 choses qu\u2019il va\u00a0d\u00e9montrer\u00a0? (vv.8-11)<\/li>\n\n\n\n<li>[O-I]\u00a0En quoi le fait que J\u00e9sus ressuscite et monte au Ciel pour si\u00e9ger \u00e0 la droite de Dieu prouve-t-il que le monde qui l\u2019a condamn\u00e9 est p\u00e9cheur\u00a0?<\/li>\n\n\n\n<li>[O-I]\u00a0En quoi le fait que J\u00e9sus ressuscite et monte au Ciel pour si\u00e9ger \u00e0 la droite de Dieu prouve-t-il que le monde a commis une \u00e9norme injustice en le condamnant \u00e0 mort\u00a0?<\/li>\n\n\n\n<li>[O-I]\u00a0En quoi le fait que J\u00e9sus ressuscite et monte au Ciel pour si\u00e9ger \u00e0 la droite de Dieu prouve-t-il que le diable, prince de ce monde, est d\u00e9j\u00e0 jug\u00e9\u00a0?<\/li>\n\n\n\n<li>[O-I]\u00a0Le v.25 cite le Psaume 69. Si vous avez le temps, lisez-le. Comment y voyez-vous se manifester la justice r\u00e9tibutive\u00a0?<\/li>\n\n\n\n<li>[O]\u00a0Quels sont les liens entre le P\u00e8re et J\u00e9sus, entre J\u00e9sus et ses disciples, entre Le P\u00e8re et les disciples, entre le St Esprit et les disciples\u00a0?<\/li>\n\n\n\n<li>[O-I]\u00a0Finalement, les disciples doivent-ils \u00eatre tristes du d\u00e9part de J\u00e9sus (et de la venue de l\u2019Esprit)\u00a0? Pourquoi l\u2019avenir n\u2019est-il pas plus r\u00e9jouissant et triomphant\u00a0?<\/li>\n<\/ul>\n\n\n\n<h4 id=\"wp-block-themeisle-blocks-advanced-heading-0d30c2af\" class=\"wp-block-themeisle-blocks-advanced-heading wp-block-themeisle-blocks-advanced-heading-0d30c2af\"><strong>Applications<\/strong><\/h4>\n\n\n\n<ul class=\"wp-block-list\">\n<li>Comparez votre vision du \u00ab\u00a0monde\u00a0\u00bb avec celle de J\u00e9sus. \u00cates-vous aussi pessimistes que lui \u00e0 son propos\u00a0? Pourquoi\u00a0?<\/li>\n\n\n\n<li>Comment voyez-vous l\u2019Esprit Saint agir en vous et autour de vous\u00a0? Constatez-vous les promesses de J\u00e9sus\u00a0?<\/li>\n<\/ul>\n","protected":false},"excerpt":{"rendered":"<p>Pr\u00e9f\u00e9rez-vous \u00eatre heureux dans le mensonge ou bien malheureux dans la v\u00e9rit\u00e9\u00a0? Pourquoi\u00a0? Quelques heures avant d\u2019\u00eatre arr\u00eat\u00e9, jug\u00e9 et condamn\u00e9 \u00e0 mort, J\u00e9sus est seul avec ses (11) disciples et il leur donne son testament spirituel. Avant notre passage, il les a exhort\u00e9s \u00e0 d\u00e9pendre de lui comme des sarments restent attach\u00e9s \u00e0 un [&hellip;]<\/p>\n","protected":false},"author":3,"featured_media":0,"comment_status":"open","ping_status":"open","sticky":false,"template":"","format":"standard","meta":{"_acf_changed":false,"_eb_attr":"","advgb_blocks_editor_width":"","advgb_blocks_columns_visual_guide":"","footnotes":""},"categories":[18,10],"tags":[1138,651,185,23,482,203],"video":[],"audio":[],"ecrit":[],"mis-en-avant":[],"redacteur":[],"type-darticle":[],"class_list":["post-9788","post","type-post","status-publish","format-standard","hentry","category-dab-pour-etudiants","category-discussions-autour-de-la-bible","tag-ascension","tag-ecrit","tag-monde","tag-nouveau-testament","tag-persecution","tag-saint-esprit"],"blocksy_meta":[],"acf":[],"featured_image_src":null,"author_info":{"display_name":"Yoh","author_link":"https:\/\/www.creusonslabible.fr\/?author=3"},"author_meta":{"display_name":"Yoh","author_link":"https:\/\/www.creusonslabible.fr\/?author=3"},"featured_img":null,"coauthors":[],"tax_additional":{"categories":{"linked":["<a href=\"https:\/\/www.creusonslabible.fr\/?cat=18\" class=\"advgb-post-tax-term\">DAB pour \u00e9tudiants<\/a>","<a href=\"https:\/\/www.creusonslabible.fr\/?cat=10\" class=\"advgb-post-tax-term\">Discussions autour de la Bible<\/a>"],"unlinked":["<span class=\"advgb-post-tax-term\">DAB pour \u00e9tudiants<\/span>","<span class=\"advgb-post-tax-term\">Discussions autour de la Bible<\/span>"]},"tags":{"linked":["<a href=\"https:\/\/www.creusonslabible.fr\/?cat=10\" class=\"advgb-post-tax-term\">ascension<\/a>","<a href=\"https:\/\/www.creusonslabible.fr\/?cat=10\" class=\"advgb-post-tax-term\">\u00e9crit<\/a>","<a href=\"https:\/\/www.creusonslabible.fr\/?cat=10\" class=\"advgb-post-tax-term\">monde<\/a>","<a href=\"https:\/\/www.creusonslabible.fr\/?cat=10\" class=\"advgb-post-tax-term\">Nouveau-Testament<\/a>","<a href=\"https:\/\/www.creusonslabible.fr\/?cat=10\" class=\"advgb-post-tax-term\">pers\u00e9cution<\/a>","<a href=\"https:\/\/www.creusonslabible.fr\/?cat=10\" class=\"advgb-post-tax-term\">Saint-Esprit<\/a>"],"unlinked":["<span class=\"advgb-post-tax-term\">ascension<\/span>","<span class=\"advgb-post-tax-term\">\u00e9crit<\/span>","<span class=\"advgb-post-tax-term\">monde<\/span>","<span class=\"advgb-post-tax-term\">Nouveau-Testament<\/span>","<span class=\"advgb-post-tax-term\">pers\u00e9cution<\/span>","<span class=\"advgb-post-tax-term\">Saint-Esprit<\/span>"]}},"comment_count":"0","relative_dates":{"created":"Publi\u00e9 2 ans il y a","modified":"Mis \u00e0 jour 1 an il y a"},"absolute_dates":{"created":"Publi\u00e9 le 29 mai 2024","modified":"Mise \u00e0 jour le 22 janvier 2025"},"absolute_dates_time":{"created":"Publi\u00e9 le 29 mai 2024 11h04","modified":"Mise \u00e0 jour le 22 janvier 2025 13h05"},"featured_img_caption":"","series_order":"","meta_box":[],"_links":{"self":[{"href":"https:\/\/www.creusonslabible.fr\/index.php?rest_route=\/wp\/v2\/posts\/9788","targetHints":{"allow":["GET"]}}],"collection":[{"href":"https:\/\/www.creusonslabible.fr\/index.php?rest_route=\/wp\/v2\/posts"}],"about":[{"href":"https:\/\/www.creusonslabible.fr\/index.php?rest_route=\/wp\/v2\/types\/post"}],"author":[{"embeddable":true,"href":"https:\/\/www.creusonslabible.fr\/index.php?rest_route=\/wp\/v2\/users\/3"}],"replies":[{"embeddable":true,"href":"https:\/\/www.creusonslabible.fr\/index.php?rest_route=%2Fwp%2Fv2%2Fcomments&post=9788"}],"version-history":[{"count":2,"href":"https:\/\/www.creusonslabible.fr\/index.php?rest_route=\/wp\/v2\/posts\/9788\/revisions"}],"predecessor-version":[{"id":9790,"href":"https:\/\/www.creusonslabible.fr\/index.php?rest_route=\/wp\/v2\/posts\/9788\/revisions\/9790"}],"wp:attachment":[{"href":"https:\/\/www.creusonslabible.fr\/index.php?rest_route=%2Fwp%2Fv2%2Fmedia&parent=9788"}],"wp:term":[{"taxonomy":"category","embeddable":true,"href":"https:\/\/www.creusonslabible.fr\/index.php?rest_route=%2Fwp%2Fv2%2Fcategories&post=9788"},{"taxonomy":"post_tag","embeddable":true,"href":"https:\/\/www.creusonslabible.fr\/index.php?rest_route=%2Fwp%2Fv2%2Ftags&post=9788"},{"taxonomy":"video","embeddable":true,"href":"https:\/\/www.creusonslabible.fr\/index.php?rest_route=%2Fwp%2Fv2%2Fvideo&post=9788"},{"taxonomy":"audio","embeddable":true,"href":"https:\/\/www.creusonslabible.fr\/index.php?rest_route=%2Fwp%2Fv2%2Faudio&post=9788"},{"taxonomy":"ecrit","embeddable":true,"href":"https:\/\/www.creusonslabible.fr\/index.php?rest_route=%2Fwp%2Fv2%2Fecrit&post=9788"},{"taxonomy":"mis-en-avant","embeddable":true,"href":"https:\/\/www.creusonslabible.fr\/index.php?rest_route=%2Fwp%2Fv2%2Fmis-en-avant&post=9788"},{"taxonomy":"redacteur","embeddable":true,"href":"https:\/\/www.creusonslabible.fr\/index.php?rest_route=%2Fwp%2Fv2%2Fredacteur&post=9788"},{"taxonomy":"type-darticle","embeddable":true,"href":"https:\/\/www.creusonslabible.fr\/index.php?rest_route=%2Fwp%2Fv2%2Ftype-darticle&post=9788"}],"curies":[{"name":"wp","href":"https:\/\/api.w.org\/{rel}","templated":true}]}}