{"id":9794,"date":"2024-05-30T13:57:00","date_gmt":"2024-05-30T11:57:00","guid":{"rendered":"https:\/\/www.creusonslabible.fr\/?p=9794"},"modified":"2025-01-22T13:05:11","modified_gmt":"2025-01-22T11:05:11","slug":"ascension-emotionnelle","status":"publish","type":"post","link":"https:\/\/www.creusonslabible.fr\/?p=9794","title":{"rendered":"Ascension \u00e9motionnelle"},"content":{"rendered":"\n<h4 id=\"wp-block-themeisle-blocks-advanced-heading-7cc6c0a0\" class=\"wp-block-themeisle-blocks-advanced-heading wp-block-themeisle-blocks-advanced-heading-7cc6c0a0\"><strong>Accroche<\/strong><\/h4>\n\n\n\n<p>Dans de nombreux pays du monde, on parle de guerre de civilisation entre la culture chr\u00e9tienne et la culture progressiste. Comment les chr\u00e9tiens devrait-ils r\u00e9agir d\u2019apr\u00e8s vous&nbsp;?<\/p>\n\n\n\n<h4 id=\"wp-block-themeisle-blocks-advanced-heading-262547de\" class=\"wp-block-themeisle-blocks-advanced-heading wp-block-themeisle-blocks-advanced-heading-262547de\"><strong>Contexte<\/strong><\/h4>\n\n\n\n<p>Le livre des Actes des ap\u00f4tres est la suite de l\u2019\u00e9vangile de Luc qui raconte l\u2019histoire de la premi\u00e8re communaut\u00e9 chr\u00e9tienne et la mani\u00e8re dont la foi en J\u00e9sus s\u2019est r\u00e9pandu dans le monde entier.&nbsp;<\/p>\n\n\n\n<blockquote class=\"wp-block-quote is-layout-flow wp-block-quote-is-layout-flow\">\n<p>Actes 1.1&nbsp;Cher Th\u00e9ophile,<\/p>\n\n\n\n<p>Dans mon premier livre, j&rsquo;ai expos\u00e9 tout ce que J\u00e9sus a commenc\u00e9 de faire et d&rsquo;enseigner&nbsp;2&nbsp;jusqu&rsquo;au jour o\u00f9 il fut enlev\u00e9 au ciel apr\u00e8s avoir donn\u00e9, par le Saint-Esprit, ses instructions \u00e0 ceux qu&rsquo;il s&rsquo;\u00e9tait choisis comme ap\u00f4tres.<\/p>\n\n\n\n<p>3&nbsp;Apr\u00e8s sa mort, il se pr\u00e9senta \u00e0 eux vivant et leur donna des preuves nombreuses de sa r\u00e9surrection. Il leur apparut pendant quarante jours et leur parla du r\u00e8gne de Dieu.<\/p>\n\n\n\n<p>4&nbsp;Or, un jour qu&rsquo;il prenait un repas avec eux, il leur recommanda de ne pas quitter J\u00e9rusalem, mais&nbsp;d&rsquo;y attendre que son P\u00e8re leur accorde le don qu&rsquo;il leur avait promis.<\/p>\n\n\n\n<p>\u2013 C&rsquo;est le don que je vous ai annonc\u00e9, leur dit-il.&nbsp;5&nbsp;Car Jean a baptis\u00e9 dans l&rsquo;eau, mais vous, c&rsquo;est dans le Saint-Esprit que vous serez baptis\u00e9s dans peu de jours.<\/p>\n\n\n\n<p>6&nbsp;Comme ils \u00e9taient r\u00e9unis autour de lui, ils lui demand\u00e8rent&nbsp;: \u2013 Seigneur, est-ce \u00e0 ce moment-l\u00e0 que tu rendras le royaume \u00e0 Isra\u00ebl&nbsp;?<\/p>\n\n\n\n<p>7&nbsp;Il leur r\u00e9pondit&nbsp;:<\/p>\n\n\n\n<p>\u2013 Il ne vous appartient pas de conna\u00eetre les temps et les moments que le P\u00e8re a fix\u00e9s de sa propre autorit\u00e9.&nbsp;8&nbsp;Mais le Saint-Esprit descendra sur vous&nbsp;: vous recevrez sa puissance et vous serez mes t\u00e9moins \u00e0 J\u00e9rusalem, dans toute la Jud\u00e9e et la Samarie, et jusqu&rsquo;au bout du monde.<\/p>\n\n\n\n<p>9&nbsp;Apr\u00e8s ces mots, ils le virent s&rsquo;\u00e9lever dans les airs et un nuage le cacha \u00e0 leur vue.&nbsp;10&nbsp;Ils gardaient encore les yeux fix\u00e9s au ciel pendant qu&rsquo;il s&rsquo;\u00e9loignait, quand deux hommes v\u00eatus de blanc se pr\u00e9sent\u00e8rent devant eux et leur dirent&nbsp;:<\/p>\n\n\n\n<p>11&nbsp;\u2013 Hommes de Galil\u00e9e, pourquoi restez-vous ainsi \u00e0 regarder le ciel&nbsp;? Ce J\u00e9sus qui a \u00e9t\u00e9 enlev\u00e9 au ciel du milieu de vous, en redescendra un jour de la m\u00eame mani\u00e8re que vous l&rsquo;avez vu y monter.<\/p>\n\n\n\n<p>12&nbsp;Alors les ap\u00f4tres quitt\u00e8rent la colline qu&rsquo;on appelle mont des Oliviers, situ\u00e9e \u00e0 environ un kilom\u00e8tre de J\u00e9rusalem, et rentr\u00e8rent en ville.<\/p>\n<\/blockquote>\n\n\n\n<h4 id=\"wp-block-themeisle-blocks-advanced-heading-1312e711\" class=\"wp-block-themeisle-blocks-advanced-heading wp-block-themeisle-blocks-advanced-heading-1312e711\"><strong>Observation-Compr\u00e9hension<\/strong><\/h4>\n\n\n\n<ul class=\"wp-block-list\">\n<li>[O] Dans quelle p\u00e9riode sommes-nous\u00a0?<\/li>\n\n\n\n<li>[O] Quelle est la consigne de J\u00e9sus pour ses disciples\u00a0? (vv.4-5)<\/li>\n\n\n\n<li>[O] Les disciples ont-ils l\u2019air de comprendre le plan de leur Ma\u00eetre\u00a0? Quelle est leur pr\u00e9occupation majeure\u00a0? (v.6)<\/li>\n\n\n\n<li>[I] Pourquoi l\u2019esp\u00e9rance principale des 11 est-elle la restauration du royaume d\u2019Isra\u00ebl\u00a0?<\/li>\n\n\n\n<li>[O-I] Quel est le plan de J\u00e9sus\u00a0? (v.8) En quoi est-il tr\u00e8s diff\u00e9rent des attentes des disciples\u00a0<\/li>\n\n\n\n<li>[I] Le v.8 constitue le programme du livre des Actes. Pensez-vous que les 11 sont pr\u00eats\u00a0? Pourquoi\u00a0?<\/li>\n\n\n\n<li>[I] Pourquoi J\u00e9sus n\u2019a-t-il pas \u00e9t\u00e9 annonc\u00e9 l\u2019\u00c9vangile au bout du monde? Pourquoi cette mission est-elle pour ses disciples\u00a0?\u00a0<\/li>\n<\/ul>\n\n\n\n<ul class=\"wp-block-list\">\n<li>[O-I] Jouez la sc\u00e8ne des vv.9-11. Que ressentez-vous si vous \u00eates un des 11\u00a0?<\/li>\n\n\n\n<li>[I] Qui sont les 2 individus v\u00eatus de blanc\u00a0?<\/li>\n\n\n\n<li>[O] Quelle est la r\u00e9action des ap\u00f4tres\u00a0?<\/li>\n\n\n\n<li>[I] Si vous avez le temps, comparez avec 2 Rois 2<\/li>\n<\/ul>\n\n\n\n<h4 id=\"wp-block-themeisle-blocks-advanced-heading-ae9b4297\" class=\"wp-block-themeisle-blocks-advanced-heading wp-block-themeisle-blocks-advanced-heading-ae9b4297\"><strong>Applications<\/strong><\/h4>\n\n\n\n<ul class=\"wp-block-list\">\n<li>Le mission du v.8 concerne-t-elle encore les chr\u00e9tiens d\u2019aujourd\u2019hui\u00a0? Pourquoi\u00a0?<\/li>\n\n\n\n<li>Comment rester dans l\u2019optique du t\u00e9moignage (9) tout en \u00e9vitant de tomber dans le pi\u00e8ge de conqu\u00eate (6)\u00a0?<\/li>\n\n\n\n<li>Le t\u00e9moignage des chr\u00e9tiens serait-il plus facile si J\u00e9sus \u00e9tait l\u00e0\u00a0? Pourquoi\u00a0?<\/li>\n<\/ul>\n","protected":false},"excerpt":{"rendered":"<p>Dans de nombreux pays du monde, on parle de guerre de civilisation entre la culture chr\u00e9tienne et la culture progressiste. Comment les chr\u00e9tiens devrait-ils r\u00e9agir d\u2019apr\u00e8s vous&nbsp;? Le livre des Actes des ap\u00f4tres est la suite de l\u2019\u00e9vangile de Luc qui raconte l\u2019histoire de la premi\u00e8re communaut\u00e9 chr\u00e9tienne et la mani\u00e8re dont la foi en [&hellip;]<\/p>\n","protected":false},"author":3,"featured_media":9795,"comment_status":"open","ping_status":"open","sticky":false,"template":"","format":"standard","meta":{"_acf_changed":false,"_eb_attr":"","advgb_blocks_editor_width":"","advgb_blocks_columns_visual_guide":"","footnotes":""},"categories":[255,18,38,75],"tags":[407,1138,651,23,112],"video":[],"audio":[],"ecrit":[],"mis-en-avant":[],"redacteur":[],"type-darticle":[],"class_list":["post-9794","post","type-post","status-publish","format-standard","has-post-thumbnail","hentry","category-comment-dieu-se-revele","category-dab-pour-etudiants","category-grandir-avec-dieu","category-jesus-le-fils","tag-actes-des-apotres","tag-ascension","tag-ecrit","tag-nouveau-testament","tag-temoignage"],"blocksy_meta":[],"acf":[],"featured_image_src":"https:\/\/www.creusonslabible.fr\/wp-content\/uploads\/2024\/07\/light-bulbs-1125016_1920.jpg","author_info":{"display_name":"Yoh","author_link":"https:\/\/www.creusonslabible.fr\/?author=3"},"author_meta":{"display_name":"Yoh","author_link":"https:\/\/www.creusonslabible.fr\/?author=3"},"featured_img":"https:\/\/www.creusonslabible.fr\/wp-content\/uploads\/2024\/07\/light-bulbs-1125016_1920-300x169.jpg","coauthors":[],"tax_additional":{"categories":{"linked":["<a href=\"https:\/\/www.creusonslabible.fr\/?cat=255\" class=\"advgb-post-tax-term\">Comment Dieu se r\u00e9v\u00e8le<\/a>","<a href=\"https:\/\/www.creusonslabible.fr\/?cat=18\" class=\"advgb-post-tax-term\">DAB pour \u00e9tudiants<\/a>","<a href=\"https:\/\/www.creusonslabible.fr\/?cat=38\" class=\"advgb-post-tax-term\">Grandir avec Dieu<\/a>","<a href=\"https:\/\/www.creusonslabible.fr\/?cat=75\" class=\"advgb-post-tax-term\">J\u00e9sus le Fils<\/a>"],"unlinked":["<span class=\"advgb-post-tax-term\">Comment Dieu se r\u00e9v\u00e8le<\/span>","<span class=\"advgb-post-tax-term\">DAB pour \u00e9tudiants<\/span>","<span class=\"advgb-post-tax-term\">Grandir avec Dieu<\/span>","<span class=\"advgb-post-tax-term\">J\u00e9sus le Fils<\/span>"]},"tags":{"linked":["<a href=\"https:\/\/www.creusonslabible.fr\/?cat=75\" class=\"advgb-post-tax-term\">Actes des ap\u00f4tres<\/a>","<a href=\"https:\/\/www.creusonslabible.fr\/?cat=75\" class=\"advgb-post-tax-term\">ascension<\/a>","<a href=\"https:\/\/www.creusonslabible.fr\/?cat=75\" class=\"advgb-post-tax-term\">\u00e9crit<\/a>","<a href=\"https:\/\/www.creusonslabible.fr\/?cat=75\" class=\"advgb-post-tax-term\">Nouveau-Testament<\/a>","<a href=\"https:\/\/www.creusonslabible.fr\/?cat=75\" class=\"advgb-post-tax-term\">t\u00e9moignage<\/a>"],"unlinked":["<span class=\"advgb-post-tax-term\">Actes des ap\u00f4tres<\/span>","<span class=\"advgb-post-tax-term\">ascension<\/span>","<span class=\"advgb-post-tax-term\">\u00e9crit<\/span>","<span class=\"advgb-post-tax-term\">Nouveau-Testament<\/span>","<span class=\"advgb-post-tax-term\">t\u00e9moignage<\/span>"]}},"comment_count":"0","relative_dates":{"created":"Publi\u00e9 2 ans il y a","modified":"Mis \u00e0 jour 1 an il y a"},"absolute_dates":{"created":"Publi\u00e9 le 30 mai 2024","modified":"Mise \u00e0 jour le 22 janvier 2025"},"absolute_dates_time":{"created":"Publi\u00e9 le 30 mai 2024 13h57","modified":"Mise \u00e0 jour le 22 janvier 2025 13h05"},"featured_img_caption":"","series_order":"","meta_box":[],"_links":{"self":[{"href":"https:\/\/www.creusonslabible.fr\/index.php?rest_route=\/wp\/v2\/posts\/9794","targetHints":{"allow":["GET"]}}],"collection":[{"href":"https:\/\/www.creusonslabible.fr\/index.php?rest_route=\/wp\/v2\/posts"}],"about":[{"href":"https:\/\/www.creusonslabible.fr\/index.php?rest_route=\/wp\/v2\/types\/post"}],"author":[{"embeddable":true,"href":"https:\/\/www.creusonslabible.fr\/index.php?rest_route=\/wp\/v2\/users\/3"}],"replies":[{"embeddable":true,"href":"https:\/\/www.creusonslabible.fr\/index.php?rest_route=%2Fwp%2Fv2%2Fcomments&post=9794"}],"version-history":[{"count":1,"href":"https:\/\/www.creusonslabible.fr\/index.php?rest_route=\/wp\/v2\/posts\/9794\/revisions"}],"predecessor-version":[{"id":9796,"href":"https:\/\/www.creusonslabible.fr\/index.php?rest_route=\/wp\/v2\/posts\/9794\/revisions\/9796"}],"wp:featuredmedia":[{"embeddable":true,"href":"https:\/\/www.creusonslabible.fr\/index.php?rest_route=\/wp\/v2\/media\/9795"}],"wp:attachment":[{"href":"https:\/\/www.creusonslabible.fr\/index.php?rest_route=%2Fwp%2Fv2%2Fmedia&parent=9794"}],"wp:term":[{"taxonomy":"category","embeddable":true,"href":"https:\/\/www.creusonslabible.fr\/index.php?rest_route=%2Fwp%2Fv2%2Fcategories&post=9794"},{"taxonomy":"post_tag","embeddable":true,"href":"https:\/\/www.creusonslabible.fr\/index.php?rest_route=%2Fwp%2Fv2%2Ftags&post=9794"},{"taxonomy":"video","embeddable":true,"href":"https:\/\/www.creusonslabible.fr\/index.php?rest_route=%2Fwp%2Fv2%2Fvideo&post=9794"},{"taxonomy":"audio","embeddable":true,"href":"https:\/\/www.creusonslabible.fr\/index.php?rest_route=%2Fwp%2Fv2%2Faudio&post=9794"},{"taxonomy":"ecrit","embeddable":true,"href":"https:\/\/www.creusonslabible.fr\/index.php?rest_route=%2Fwp%2Fv2%2Fecrit&post=9794"},{"taxonomy":"mis-en-avant","embeddable":true,"href":"https:\/\/www.creusonslabible.fr\/index.php?rest_route=%2Fwp%2Fv2%2Fmis-en-avant&post=9794"},{"taxonomy":"redacteur","embeddable":true,"href":"https:\/\/www.creusonslabible.fr\/index.php?rest_route=%2Fwp%2Fv2%2Fredacteur&post=9794"},{"taxonomy":"type-darticle","embeddable":true,"href":"https:\/\/www.creusonslabible.fr\/index.php?rest_route=%2Fwp%2Fv2%2Ftype-darticle&post=9794"}],"curies":[{"name":"wp","href":"https:\/\/api.w.org\/{rel}","templated":true}]}}