{"id":981,"date":"2012-12-13T09:09:28","date_gmt":"2012-12-13T09:09:28","guid":{"rendered":"http:\/\/elearning.gbu.fr\/?p=981"},"modified":"2025-01-24T11:27:01","modified_gmt":"2025-01-24T09:27:01","slug":"jacques-4-1-12-foi-incoherente","status":"publish","type":"post","link":"https:\/\/www.creusonslabible.fr\/?p=981","title":{"rendered":"Jacques 4.1-12 &#8211; Foi incoh\u00e9rente"},"content":{"rendered":"<p><strong>Note pour l&rsquo;animateur\u00a0:<\/strong>\u00a0Il est recommand\u00e9 \u00e0 l&rsquo;animateur de\u00a0lire l&rsquo;introduction \u00e0 l&rsquo;\u00e9p\u00eetre de Jacques\u00a0<a href=\"http:\/\/www.creusonslabible.fr\/?p=843\" target=\"_blank\" rel=\"noopener\">ici<\/a>.<\/p>\n<p><span style=\"color: #000000;\"><span style=\"font-family: Times New Roman,serif;\"><span style=\"font-size: medium;\">Jacques, fr\u00e8re de J\u00e9sus, \u00e9tait un des responsables de l&rsquo;\u00c9glise de J\u00e9rusalem. Cette lettre qu&rsquo;il a envoy\u00e9 aux autre \u00c9glises du bassin m\u00e9diterran\u00e9en est tr\u00e8s haute en couleurs \u00e0 cause de son style tr\u00e8s direct et des sujets tr\u00e8s diff\u00e9rents qui s&rsquo;encha\u00eenent les uns apr\u00e8s les autres sans transition.<\/span><\/span><\/span><\/p>\n<p><span style=\"color: #000000;\"><span style=\"font-family: Times New Roman,serif;\"><span style=\"font-size: medium;\"><b>OBSERVATION<\/b><\/span><\/span><\/span><\/p>\n<p><span style=\"color: #000000;\">\u2043<\/span><span style=\"color: #000000;\"><span style=\"font-family: Times New Roman,serif;\"><span style=\"font-size: medium;\"> Quel est le ton de ce passage ? (argumenter avec les \u00e9l\u00e9ments du texte)<\/span><\/span><\/span><\/p>\n<p><span style=\"color: #000000;\"><span style=\"font-size: medium;\">\u2043<\/span><\/span><span style=\"color: #000000;\"><span style=\"font-family: Times New Roman,serif;\"><span style=\"font-size: medium;\"> Quel est le probl\u00e8me (en surface) des destinataires de la lettre dans ce passage ?<\/span><\/span><\/span><\/p>\n<p><span style=\"color: #000000;\"><span style=\"font-size: medium;\">\u2043<\/span><\/span><span style=\"color: #000000;\"><span style=\"font-family: Times New Roman,serif;\"><span style=\"font-size: medium;\"> Quelle est la source \u00ab\u00a0humaine\u00a0\u00bb de ce probl\u00e8me ?<\/span><\/span><\/span><\/p>\n<p><span style=\"color: #000000;\"><span style=\"font-size: medium;\">\u2043<\/span><\/span><span style=\"color: #000000;\"><span style=\"font-family: Times New Roman,serif;\"><span style=\"font-size: medium;\"> Quelle est la source spirituelle de ce probl\u00e8me ?<\/span><\/span><\/span><\/p>\n<p><span style=\"color: #000000;\"><span style=\"font-size: medium;\">\u2043<\/span><\/span><span style=\"color: #000000;\"><span style=\"font-family: Times New Roman,serif;\"><span style=\"font-size: medium;\"> Relevez tous les verbes \u00e0 l&rsquo;imp\u00e9ratif. D&rsquo;apr\u00e8s ces verbes, quelle est la solution au probl\u00e8me ?<\/span><\/span><\/span><\/p>\n<p><span style=\"color: #000000;\"><span style=\"font-size: medium;\">\u2043<\/span><\/span><span style=\"color: #000000;\"><span style=\"font-family: Times New Roman,serif;\"><span style=\"font-size: medium;\"> D\u00e9coupez ce passage en 3 parties. Comment s&rsquo;articule l&rsquo;argumentation de Jacques ?<\/span><\/span><\/span><\/p>\n<p>&nbsp;<\/p>\n<p><span style=\"color: #000000;\"><span style=\"font-family: Times New Roman,serif;\"><span style=\"font-size: medium;\"><b>INTERPR\u00c9TATION<\/b><\/span><\/span><\/span><\/p>\n<p><span style=\"color: #000000;\">\u2043<\/span><span style=\"color: #000000;\"><span style=\"font-family: Times New Roman,serif;\"><span style=\"font-size: medium;\"> Pourquoi Jacques fait-il tout de suite le lien entre les conflits communautaires et l&rsquo;\u00e9go\u00efsme individuel ?<\/span><\/span><\/span><\/p>\n<p><span style=\"color: #000000;\"><span style=\"font-size: medium;\">\u2043<\/span><\/span><span style=\"color: #000000;\"><span style=\"font-family: Times New Roman,serif;\"><span style=\"font-size: medium;\"> Qu&rsquo;est-ce que \u00ab\u00a0le monde\u00a0\u00bb (v.4) ?<\/span><\/span><\/span><\/p>\n<p><span style=\"color: #000000;\"><span style=\"font-size: medium;\">\u2043<\/span><\/span><span style=\"color: #000000;\"><span style=\"font-family: Times New Roman,serif;\"><span style=\"font-size: medium;\"> Quel est le rapport entre l&rsquo;\u00e9go\u00efsme et l&rsquo;amour du monde ?<\/span><\/span><\/span><\/p>\n<p><span style=\"color: #000000;\"><span style=\"font-size: medium;\">\u2043<\/span><\/span><span style=\"color: #000000;\"><span style=\"font-family: Times New Roman,serif;\"><span style=\"font-size: medium;\"> Quel est le rapport entre l&rsquo;amour du monde et la haine de Dieu ?<\/span><\/span><\/span><\/p>\n<p><span style=\"color: #000000;\"><span style=\"font-size: medium;\">\u2043<\/span><\/span><span style=\"color: #000000;\"><span style=\"font-family: Times New Roman,serif;\"><span style=\"font-size: medium;\"> Expliquez le v.5<\/span><\/span><\/span><\/p>\n<p><span style=\"color: #000000;\"><span style=\"font-size: medium;\">\u2043<\/span><\/span><span style=\"color: #000000;\"><span style=\"font-family: Times New Roman,serif;\"><span style=\"font-size: medium;\"> Quel est le rapport entre l&rsquo;\u00e9go\u00efsme, l&rsquo;amour du monde et le diable ?<\/span><\/span><\/span><\/p>\n<p><span style=\"color: #000000;\"><span style=\"font-size: medium;\">\u2043<\/span><\/span><span style=\"color: #000000;\"><span style=\"font-family: Times New Roman,serif;\"><span style=\"font-size: medium;\"> Les versets 7 et 8 sont des lieux communs ! Pourquoi l&rsquo;ap\u00f4tre rappelle-t-il ces choses \u00e0 des chr\u00e9tiens ?<\/span><\/span><\/span><\/p>\n<p><span style=\"color: #000000;\"><span style=\"font-size: medium;\">\u2043<\/span><\/span><span style=\"color: #000000;\"><span style=\"font-family: Times New Roman,serif;\"><span style=\"font-size: medium;\"> Pourquoi le deuil et la tristesse sont-ils pr\u00e9conis\u00e9s par Jacques ?<\/span><\/span><\/span><\/p>\n<p><span style=\"color: #000000;\"><span style=\"font-size: medium;\">\u2043<\/span><\/span><span style=\"color: #000000;\"><span style=\"font-family: Times New Roman,serif;\"><span style=\"font-size: medium;\"> Que veut dire \u00ab\u00a0juger\u00a0\u00bb quelqu&rsquo;un ? Ne pas \u00eatre d&rsquo;accord avec lui ? Faire un constat sur les faits (ex : dire d&rsquo;un gourmand qu&rsquo;il est gourmand)? Avoir un esprit critique ? Pourquoi n&rsquo;est-ce pas bon de juger quelqu&rsquo;un ?<\/span><\/span><\/span><\/p>\n<p><span style=\"color: #000000;\"><span style=\"font-size: medium;\">\u2043<\/span><\/span><span style=\"color: #000000;\"><span style=\"font-family: Times New Roman,serif;\"><span style=\"font-size: medium;\"> Quel est le rapport entre critiquer\/juger son fr\u00e8re et critiquer\/juger la loi de Mo\u00efse ? (Lv 19.18, Rm 2)<\/span><\/span><\/span><\/p>\n<p><span style=\"color: #000000;\"><span style=\"font-size: medium;\">\u2043<\/span><\/span><span style=\"color: #000000;\"><span style=\"font-family: Times New Roman,serif;\"><span style=\"font-size: medium;\"> Par opposition, qu&rsquo;est ce qui arrive quand les membres d&rsquo;une communaut\u00e9 regardent toujours \u00e0 Dieu et non \u00e0 leur nombril ?<\/span><\/span><\/span><\/p>\n<p>&nbsp;<\/p>\n<h3><span style=\"color: #000000;\"><span style=\"font-family: Times New Roman,serif;\"><span style=\"font-size: medium;\"><b>APPLICATION<\/b><\/span><\/span><\/span><\/h3>\n<p><span style=\"color: #000000;\">\u2043<\/span><span style=\"color: #000000;\"><span style=\"font-family: Times New Roman,serif;\"><span style=\"font-size: medium;\"> Qu&rsquo;est ce qui distingue l&rsquo;\u00c9glise d&rsquo;une association \u00ab\u00a0humaine normale\u00a0\u00bb ?<\/span><\/span><\/span><\/p>\n<p><span style=\"color: #000000;\"><span style=\"font-size: medium;\">\u2043<\/span><\/span><span style=\"color: #000000;\"><span style=\"font-family: Times New Roman,serif;\"><span style=\"font-size: medium;\"> Nous avons tous en t\u00eate des conflits, plus ou moins graves, qui ont eu lieu \u00e0 l&rsquo;int\u00e9rieur du peuple de Dieu. Dans quelle mesure ces paroles de Jacques (causes et r\u00e9solution) leur sont-elles applicables ?<\/span><\/span><\/span><\/p>\n<p><span style=\"color: #000000;\"><span style=\"font-size: medium;\">\u2043<\/span><\/span><span style=\"color: #000000;\"><span style=\"font-family: Times New Roman,serif;\"><span style=\"font-size: medium;\"> Qu&rsquo;est ce que chacun d&rsquo;entre nous doit faire pour que les d\u00e9saccords ne tournent pas en conflit, pour que les diff\u00e9rences restent une richesse, pour que l&rsquo;essentiel (la gloire de Dieu et l&rsquo;avanc\u00e9e de Son Royaume) reste LA seule priorit\u00e9 ?<\/span><\/span><\/span><\/p>\n<p>&nbsp;<\/p>\n","protected":false},"excerpt":{"rendered":"<p>Note pour l&rsquo;animateur\u00a0:\u00a0Il est recommand\u00e9 \u00e0 l&rsquo;animateur de\u00a0lire l&rsquo;introduction \u00e0 l&rsquo;\u00e9p\u00eetre de Jacques\u00a0ici. Jacques, fr\u00e8re de J\u00e9sus, \u00e9tait un des responsables de l&rsquo;\u00c9glise de J\u00e9rusalem. Cette lettre qu&rsquo;il a envoy\u00e9 aux autre \u00c9glises du bassin m\u00e9diterran\u00e9en est tr\u00e8s haute en couleurs \u00e0 cause de son style tr\u00e8s direct et des sujets tr\u00e8s diff\u00e9rents qui s&rsquo;encha\u00eenent [&hellip;]<\/p>\n","protected":false},"author":3,"featured_media":2202,"comment_status":"open","ping_status":"closed","sticky":false,"template":"","format":"standard","meta":{"_acf_changed":false,"_eb_attr":"","advgb_blocks_editor_width":"","advgb_blocks_columns_visual_guide":"","footnotes":""},"categories":[10],"tags":[254,651,130,23],"video":[],"audio":[],"ecrit":[],"mis-en-avant":[],"redacteur":[],"type-darticle":[],"class_list":["post-981","post","type-post","status-publish","format-standard","has-post-thumbnail","hentry","category-discussions-autour-de-la-bible","tag-coherence","tag-ecrit","tag-jacques","tag-nouveau-testament"],"blocksy_meta":[],"acf":[],"featured_image_src":"https:\/\/www.creusonslabible.fr\/wp-content\/uploads\/2012\/12\/jacq4foiincoherente-1.jpg","author_info":{"display_name":"Yoh","author_link":"https:\/\/www.creusonslabible.fr\/?author=3"},"author_meta":{"display_name":"Yoh","author_link":"https:\/\/www.creusonslabible.fr\/?author=3"},"featured_img":"https:\/\/www.creusonslabible.fr\/wp-content\/uploads\/2012\/12\/jacq4foiincoherente-1.jpg","coauthors":[],"tax_additional":{"categories":{"linked":["<a href=\"https:\/\/www.creusonslabible.fr\/?cat=10\" class=\"advgb-post-tax-term\">Discussions autour de la Bible<\/a>"],"unlinked":["<span class=\"advgb-post-tax-term\">Discussions autour de la Bible<\/span>"]},"tags":{"linked":["<a href=\"https:\/\/www.creusonslabible.fr\/?cat=10\" class=\"advgb-post-tax-term\">Coh\u00e9rence<\/a>","<a href=\"https:\/\/www.creusonslabible.fr\/?cat=10\" class=\"advgb-post-tax-term\">\u00e9crit<\/a>","<a href=\"https:\/\/www.creusonslabible.fr\/?cat=10\" class=\"advgb-post-tax-term\">Jacques<\/a>","<a href=\"https:\/\/www.creusonslabible.fr\/?cat=10\" class=\"advgb-post-tax-term\">Nouveau-Testament<\/a>"],"unlinked":["<span class=\"advgb-post-tax-term\">Coh\u00e9rence<\/span>","<span class=\"advgb-post-tax-term\">\u00e9crit<\/span>","<span class=\"advgb-post-tax-term\">Jacques<\/span>","<span class=\"advgb-post-tax-term\">Nouveau-Testament<\/span>"]}},"comment_count":"0","relative_dates":{"created":"Publi\u00e9 13 ans il y a","modified":"Mis \u00e0 jour 1 an il y a"},"absolute_dates":{"created":"Publi\u00e9 le 13 d\u00e9cembre 2012","modified":"Mise \u00e0 jour le 24 janvier 2025"},"absolute_dates_time":{"created":"Publi\u00e9 le 13 d\u00e9cembre 2012 9h09","modified":"Mise \u00e0 jour le 24 janvier 2025 11h27"},"featured_img_caption":"","series_order":"","meta_box":[],"_links":{"self":[{"href":"https:\/\/www.creusonslabible.fr\/index.php?rest_route=\/wp\/v2\/posts\/981","targetHints":{"allow":["GET"]}}],"collection":[{"href":"https:\/\/www.creusonslabible.fr\/index.php?rest_route=\/wp\/v2\/posts"}],"about":[{"href":"https:\/\/www.creusonslabible.fr\/index.php?rest_route=\/wp\/v2\/types\/post"}],"author":[{"embeddable":true,"href":"https:\/\/www.creusonslabible.fr\/index.php?rest_route=\/wp\/v2\/users\/3"}],"replies":[{"embeddable":true,"href":"https:\/\/www.creusonslabible.fr\/index.php?rest_route=%2Fwp%2Fv2%2Fcomments&post=981"}],"version-history":[{"count":1,"href":"https:\/\/www.creusonslabible.fr\/index.php?rest_route=\/wp\/v2\/posts\/981\/revisions"}],"predecessor-version":[{"id":10909,"href":"https:\/\/www.creusonslabible.fr\/index.php?rest_route=\/wp\/v2\/posts\/981\/revisions\/10909"}],"wp:featuredmedia":[{"embeddable":true,"href":"https:\/\/www.creusonslabible.fr\/index.php?rest_route=\/wp\/v2\/media\/2202"}],"wp:attachment":[{"href":"https:\/\/www.creusonslabible.fr\/index.php?rest_route=%2Fwp%2Fv2%2Fmedia&parent=981"}],"wp:term":[{"taxonomy":"category","embeddable":true,"href":"https:\/\/www.creusonslabible.fr\/index.php?rest_route=%2Fwp%2Fv2%2Fcategories&post=981"},{"taxonomy":"post_tag","embeddable":true,"href":"https:\/\/www.creusonslabible.fr\/index.php?rest_route=%2Fwp%2Fv2%2Ftags&post=981"},{"taxonomy":"video","embeddable":true,"href":"https:\/\/www.creusonslabible.fr\/index.php?rest_route=%2Fwp%2Fv2%2Fvideo&post=981"},{"taxonomy":"audio","embeddable":true,"href":"https:\/\/www.creusonslabible.fr\/index.php?rest_route=%2Fwp%2Fv2%2Faudio&post=981"},{"taxonomy":"ecrit","embeddable":true,"href":"https:\/\/www.creusonslabible.fr\/index.php?rest_route=%2Fwp%2Fv2%2Fecrit&post=981"},{"taxonomy":"mis-en-avant","embeddable":true,"href":"https:\/\/www.creusonslabible.fr\/index.php?rest_route=%2Fwp%2Fv2%2Fmis-en-avant&post=981"},{"taxonomy":"redacteur","embeddable":true,"href":"https:\/\/www.creusonslabible.fr\/index.php?rest_route=%2Fwp%2Fv2%2Fredacteur&post=981"},{"taxonomy":"type-darticle","embeddable":true,"href":"https:\/\/www.creusonslabible.fr\/index.php?rest_route=%2Fwp%2Fv2%2Ftype-darticle&post=981"}],"curies":[{"name":"wp","href":"https:\/\/api.w.org\/{rel}","templated":true}]}}