{"id":9815,"date":"2024-05-28T15:32:01","date_gmt":"2024-05-28T13:32:01","guid":{"rendered":"https:\/\/www.creusonslabible.fr\/?p=9815"},"modified":"2025-01-22T13:05:12","modified_gmt":"2025-01-22T11:05:12","slug":"interventions-divines-joel-2-3","status":"publish","type":"post","link":"https:\/\/www.creusonslabible.fr\/?p=9815","title":{"rendered":"Interventions divines\u00a0: Jo\u00ebl 2-3"},"content":{"rendered":"\n<h4 id=\"wp-block-themeisle-blocks-advanced-heading-2b4ebc8b\" class=\"wp-block-themeisle-blocks-advanced-heading wp-block-themeisle-blocks-advanced-heading-2b4ebc8b\">Accroche<\/h4>\n\n\n\n<p>Que pensez-vous <a href=\"https:\/\/www.youtube.com\/watch?v=RUSw2Cp7yWo\">de cette vid\u00e9o<\/a> ? <\/p>\n\n\n\n<h4 id=\"wp-block-themeisle-blocks-advanced-heading-9edc574b\" class=\"wp-block-themeisle-blocks-advanced-heading wp-block-themeisle-blocks-advanced-heading-9edc574b\">Contexte<\/h4>\n\n\n\n<p>Le proph\u00e8te Jo\u00ebl a v\u00e9cu au 9\u00e8me si\u00e8cle dans le Royaume de Juda (sud) et son r\u00f4le, comme tous ses coll\u00e8gues proph\u00e8tes, est d\u2019encourager le peuple \u00e0 se tourner vers Dieu et \u00e9viter de faire n\u2019importe quoi. Dans le chapitre 1er, Jo\u00ebl a d\u00e9crit le jour de l\u2019\u00c9ternel qui consiste en une invasion de sauterelles et une s\u00e8cheresse dans le pays. Dans le passage que nous allons lire, il continue d\u2019annoncer ce que Dieu va faire.&nbsp;<\/p>\n\n\n\n<p>Lire chaque partie l\u2019une apr\u00e8s l\u2019autre comme pour analyser chaque \u00e9pisode d\u2019une s\u00e9rie.<\/p>\n\n\n\n<p><\/p>\n\n\n\n<blockquote class=\"wp-block-quote is-layout-flow wp-block-quote-is-layout-flow\">\n<p>Jo\u00ebl 2.1 Sonnez de la trompe en Sion !<\/p>\n\n\n\n<p>Lancez des acclamations dans ma montagne sacr\u00e9e !<\/p>\n\n\n\n<p>Que tous les habitants du pays tremblent !<\/p>\n\n\n\n<p>Car le jour du SEIGNEUR vient,<\/p>\n\n\n\n<p>il est proche.<\/p>\n\n\n\n<p>2 Jour de t\u00e9n\u00e8bres et d&rsquo;obscurit\u00e9,<\/p>\n\n\n\n<p>jour de nu\u00e9e et d&rsquo;obscurit\u00e9 \u00e9paisse,<\/p>\n\n\n\n<p>il vient comme l&rsquo;aurore qui se d\u00e9ploie sur les montagnes.<\/p>\n\n\n\n<p>C&rsquo;est un peuple nombreux et fort,<\/p>\n\n\n\n<p>tel qu&rsquo;il n&rsquo;y en a jamais eu<\/p>\n\n\n\n<p>et qu&rsquo;il n&rsquo;y en aura plus<\/p>\n\n\n\n<p>dans toutes les g\u00e9n\u00e9rations \u00e0 venir.<\/p>\n\n\n\n<p>3&nbsp;Devant lui, un feu d\u00e9vorant ;<\/p>\n\n\n\n<p>derri\u00e8re lui, des flammes br\u00fblantes ;<\/p>\n\n\n\n<p>le pays est devant lui comme un jardin d&rsquo;Eden,<\/p>\n\n\n\n<p>et derri\u00e8re lui c&rsquo;est un d\u00e9sert, un lieu d\u00e9vast\u00e9 ;<\/p>\n\n\n\n<p>rien ne lui \u00e9chappe !<\/p>\n\n\n\n<p>4 On dirait des chevaux,<\/p>\n\n\n\n<p>ils courent comme des attelages.<\/p>\n\n\n\n<p>5 On dirait un bruit de chars<\/p>\n\n\n\n<p>qui bondissent sur le sommet des montagnes.<\/p>\n\n\n\n<p>On dirait le bruit des flammes<\/p>\n\n\n\n<p>qui d\u00e9vorent le chaume.<\/p>\n\n\n\n<p>On dirait un peuple fort<\/p>\n\n\n\n<p>rang\u00e9 en ordre de bataille.<\/p>\n\n\n\n<p>6 A sa vue, les peuples tremblent,<\/p>\n\n\n\n<p>tous les visages p\u00e2lissent.<\/p>\n\n\n\n<p>7 Ils courent comme des h\u00e9ros,<\/p>\n\n\n\n<p>ils escaladent une muraille comme des hommes de guerre ;<\/p>\n\n\n\n<p>chacun va son chemin,<\/p>\n\n\n\n<p>ils ne quittent pas leur route.<\/p>\n\n\n\n<p>8 Personne ne bouscule son voisin,<\/p>\n\n\n\n<p>chacun suit sa propre route ;<\/p>\n\n\n\n<p>ils se ruent au travers des projectiles<\/p>\n\n\n\n<p>sans rompre les rangs.<\/p>\n\n\n\n<p>9 Ils fondent sur la ville,<\/p>\n\n\n\n<p>courent sur la muraille,<\/p>\n\n\n\n<p>escaladent les maisons,<\/p>\n\n\n\n<p>entrent par les fen\u00eatres comme un voleur.<\/p>\n\n\n\n<p>10&nbsp;Devant lui,&nbsp;la terre s&rsquo;agite,<\/p>\n\n\n\n<p>le ciel tremble,<\/p>\n\n\n\n<p>le soleil et la lune s&rsquo;assombrissent,<\/p>\n\n\n\n<p>les \u00e9toiles perdent leur clart\u00e9.<\/p>\n\n\n\n<p>11 Le SEIGNEUR fait retentir sa voix devant son arm\u00e9e :<\/p>\n\n\n\n<p>sa troupe est immense,<\/p>\n\n\n\n<p>celui qui ex\u00e9cute sa parole est fort ;<\/p>\n\n\n\n<p>car le jour du SEIGNEUR est grand,<\/p>\n\n\n\n<p>il est tr\u00e8s redoutable :<\/p>\n\n\n\n<p>qui pourra le supporter ?<\/p>\n<\/blockquote>\n\n\n\n<h4 id=\"wp-block-themeisle-blocks-advanced-heading-22599634\" class=\"wp-block-themeisle-blocks-advanced-heading wp-block-themeisle-blocks-advanced-heading-22599634\"><strong>Vv.1-11&nbsp;: Invasion<\/strong><\/h4>\n\n\n\n<ul class=\"wp-block-list\">\n<li>[O] Quelle est l\u2019expression qui encadre cette partie\u00a0?<\/li>\n\n\n\n<li>[O] En quoi consiste ce \u00ab\u00a0jour du Seigneur\u00a0\u00bb\u00a0?<\/li>\n\n\n\n<li>[O-C] D\u2019apr\u00e8s vous, de qui parle-t-on dans les vv.2b-10\u00a0?<\/li>\n\n\n\n<li>[C] Quels sentiments cette partie est-elle sens\u00e9e susciter chez les auditeurs du proph\u00e8te Jo\u00ebl\u00a0?\u00a0<\/li>\n\n\n\n<li>[O] Quel image Dieu a-t-il ici\u00a0?<\/li>\n<\/ul>\n\n\n\n<blockquote class=\"wp-block-quote is-layout-flow wp-block-quote-is-layout-flow\">\n<p>12\u00a0Maintenant encore<br>\u2013\u00a0d\u00e9claration du SEIGNEUR\u00a0\u2013<br>revenez \u00e0 moi de tout votre coeur,<br>avec des je\u00fbnes, des pleurs et des lamentations\u00a0!<br><br>13\u00a0Ne d\u00e9chirez pas vos v\u00eatements, mais votre coeur,<br>et revenez au SEIGNEUR, votre Dieu\u00a0;<br>car il est cl\u00e9ment et compatissant,<br>patient et grand par la fid\u00e9lit\u00e9,<br>et il regrette le mal qu&rsquo;il fait.<br><br>14\u00a0Qui sait s&rsquo;il ne reviendra pas,<br>s&rsquo;il n&rsquo;aura pas de regret,<br>et s&rsquo;il ne laissera pas\u00a0derri\u00e8re lui\u00a0une b\u00e9n\u00e9diction<br>\u2013 des offrandes et des libations pour le SEIGNEUR, votre Dieu\u00a0?<br><br>15\u00a0Sonnez de la trompe en Sion\u00a0!<br>Consacrez un je\u00fbne,<br>proclamez une assembl\u00e9e solennelle\u00a0!<br><br>16\u00a0R\u00e9unissez le peuple,<br>consacrez une assembl\u00e9e\u00a0!<br>Rassemblez\u00a0les anciens,<br>r\u00e9unissez les enfants,<br>m\u00eame les nourrissons\u00a0au sein de leur m\u00e8re\u00a0!<br>Que le mari\u00e9\u00a0sorte de sa chambre,<br>la mari\u00e9e\u00a0de sa tente\u00a0!<br><br>17\u00a0Qu&rsquo;entre le vestibule et l&rsquo;autel<br>pleurent\u00a0les pr\u00eatres,<br>les officiants\u00a0du SEIGNEUR,<br>et qu&rsquo;ils disent\u00a0:<br>SEIGNEUR, \u00e9pargne ton peuple\u00a0!<br>Ne livre pas ton patrimoine aux outrages,<br>pour qu&rsquo;il soit la fable des nations\u00a0!<br>Pourquoi dirait-on parmi les peuples\u00a0:<br>\u00ab\u00a0O\u00f9 est leur Dieu\u00a0?\u00a0\u00bb<\/p>\n<\/blockquote>\n\n\n\n<h4 id=\"wp-block-themeisle-blocks-advanced-heading-09fd06b5\" class=\"wp-block-themeisle-blocks-advanced-heading wp-block-themeisle-blocks-advanced-heading-09fd06b5\"><strong>Vv.12-17&nbsp;: La bonne r\u00e9action<\/strong><\/h4>\n\n\n\n<ul class=\"wp-block-list\">\n<li>[O] Qui parle \u00e0 qui ici\u00a0?<\/li>\n\n\n\n<li>[O-C] Quelle est l\u2019exhortation de Dieu pour son peuple\u00a0? Pourquoi\u00a0<\/li>\n\n\n\n<li>[O-C] Que veut dire \u00ab\u00a0d\u00e9chirer ses v\u00eatement\u00a0\u00bb et \u00ab\u00a0d\u00e9chirer son coeur\u00a0\u00bb\u00a0?<\/li>\n\n\n\n<li>[O] Qui est explicitement cit\u00e9 dans les vv.16 \u00e0 17\u00a0? Pourquoi\u00a0?<\/li>\n\n\n\n<li>[I] Pourquoi vouloir que tout le monde se rassemble pour se repentir\u00a0?<\/li>\n\n\n\n<li>[O-C] Quel est l\u2019argument des jud\u00e9ens\u00a0? (17) En quoi cela correspond-il \u00e0 la vocation d\u2019Isra\u00ebl\u00a0?<\/li>\n\n\n\n<li>[O] Quel image Dieu a-t-il ici\u00a0?<\/li>\n\n\n\n<li>[O-C] Comment expliquer que Dieu regrette le mal qu\u2019il fait (13-14)\u00a0?<\/li>\n<\/ul>\n\n\n\n<blockquote class=\"wp-block-quote is-layout-flow wp-block-quote-is-layout-flow\">\n<p>Le SEIGNEUR r\u00e9pond \u00e0 son peuple<\/p>\n\n\n\n<p>18&nbsp;Le SEIGNEUR s&rsquo;est pris d&rsquo;une passion jalouse pour son pays&nbsp;;<br>il a \u00e9pargn\u00e9 son peuple.<\/p>\n\n\n\n<p>19&nbsp;Le SEIGNEUR a r\u00e9pondu&nbsp;;<br>il a dit \u00e0 son peuple&nbsp;:<br>Je vous envoie le bl\u00e9,<br>le vin et l&rsquo;huile,<br>et vous en serez rassasi\u00e9s&nbsp;;<br>je ne vous livrerai plus aux outrages des nations.<\/p>\n\n\n\n<p>20&nbsp;J&rsquo;\u00e9loignerai de vous celui qui vient du nord,<br>je le bannirai vers une terre dess\u00e9ch\u00e9e et d\u00e9vast\u00e9e,<br>son avant-garde vers la mer orientale,<br>et son arri\u00e8re-garde vers la mer occidentale&nbsp;;<br>sa puanteur s&rsquo;\u00e9l\u00e8vera,<br>son infection s&rsquo;\u00e9l\u00e8vera,<br>car il fait de grandes choses.<\/p>\n\n\n\n<p>21&nbsp;Terre, n&rsquo;aie pas peur,<br>sois dans l&rsquo;all\u00e9gresse et r\u00e9jouis-toi,<br>car le SEIGNEUR fait de grandes choses&nbsp;!<\/p>\n\n\n\n<p>22&nbsp;B\u00eates de la campagne, n&rsquo;ayez pas peur,<br>car les p\u00e2turages du d\u00e9sert reverdissent,<br>car les arbres portent du fruit,<br>le figuier et la vigne donnent leur richesse.<\/p>\n\n\n\n<p>23&nbsp;Et vous, fils de Sion, soyez dans l&rsquo;all\u00e9gresse<br>et r\u00e9jouissez-vous dans le SEIGNEUR, votre Dieu,<br>car il vous donne la pluie d&rsquo;automne salutaire,<br>il fait descendre l&rsquo;averse pour vous&nbsp;:<br>pluie d&rsquo;automne et pluie de printemps, comme par le pass\u00e9.<\/p>\n\n\n\n<p>24&nbsp;Les aires se rempliront de bl\u00e9,<br>et les cuves regorgeront de vin et d&rsquo;huile.<\/p>\n\n\n\n<p>25&nbsp;Je compenserai pour vous&nbsp;les ann\u00e9es<br>qu&rsquo;ont d\u00e9vor\u00e9es la sauterelle,<br>le grillon, le criquet et la chenille,<br>ma grande arm\u00e9e que j&rsquo;avais envoy\u00e9e contre vous.<\/p>\n\n\n\n<p>26&nbsp;Vous mangerez,<br>vous serez rassasi\u00e9s<br>et vous louerez le nom du SEIGNEUR (YHWH), votre Dieu,<br>qui a agi envers vous de fa\u00e7on \u00e9tonnante&nbsp;:<br>plus jamais mon peuple n&rsquo;aura honte.<\/p>\n\n\n\n<p>27&nbsp;Ainsi vous saurez que je suis au sein d&rsquo;Isra\u00ebl,<br>que je suis le SEIGNEUR (YHWH), votre Dieu,<br>et qu&rsquo;il n&rsquo;y en a pas d&rsquo;autre&nbsp;:<br>plus jamais mon peuple n&rsquo;aura honte.<\/p>\n<\/blockquote>\n\n\n\n<h4 id=\"wp-block-themeisle-blocks-advanced-heading-77725152\" class=\"wp-block-themeisle-blocks-advanced-heading wp-block-themeisle-blocks-advanced-heading-77725152\"><strong>Vv.18-27\u00a0: Compensation<\/strong><\/h4>\n\n\n\n<ul class=\"wp-block-list\">\n<li>[O] Apr\u00e8s la repentance du peuple, quelle est la r\u00e9action de Dieu\u00a0?<\/li>\n\n\n\n<li>[O] Dieu promet quoi \u00e0 qui\u00a0?<\/li>\n\n\n\n<li>[C] Si vous deviez r\u00e9sumer ces promesses en un mot, quel serait-il\u00a0? Pourquoi\u00a0?<\/li>\n\n\n\n<li>[O]\u00a0Quels effets ces b\u00e9n\u00e9dictions auront-elles\u00a0?<\/li>\n\n\n\n<li>[O] Quel image Dieu a-t-il ici\u00a0?<\/li>\n<\/ul>\n\n\n\n<blockquote class=\"wp-block-quote is-layout-flow wp-block-quote-is-layout-flow\">\n<p>3.1Apr\u00e8s cela,\u00a0je r\u00e9pandrai mon souffle sur tous\u00a0:<br>vos fils et vos filles\u00a0deviendront proph\u00e8tes,<br>vos anciens\u00a0auront des r\u00eaves,<br>et\u00a0vos jeunes gens\u00a0des visions.<br><br>2\u00a0M\u00eame sur les esclaves et sur les servantes,<br>en ces jours-l\u00e0, je r\u00e9pandrai mon souffle.<br><br>3\u00a0Je ferai para\u00eetre des prodiges<br>dans le ciel et sur la terre\u00a0:<br>du sang, du feu et des colonnes de fum\u00e9e\u00a0;<br><br>4\u00a0le soleil se changera en t\u00e9n\u00e8bres,<br>la lune en sang,<br>avant que n&rsquo;arrive le jour du SEIGNEUR,<br>ce jour grand et redoutable.<br><br>5\u00a0Alors quiconque invoquera le nom du SEIGNEUR \u00e9chappera,<br>car au mont Sion, \u00e0 J\u00e9rusalem,<br>il y aura des rescap\u00e9s,<br>comme l&rsquo;a dit le SEIGNEUR,<br>et ceux que le SEIGNEUR appelle seront parmi les survivants.<\/p>\n<\/blockquote>\n\n\n\n<h4 id=\"wp-block-themeisle-blocks-advanced-heading-24504900\" class=\"wp-block-themeisle-blocks-advanced-heading wp-block-themeisle-blocks-advanced-heading-24504900\"><strong>3.1-5&nbsp;: Au del\u00e0 des esp\u00e9rances&nbsp;<\/strong><\/h4>\n\n\n\n<ul class=\"wp-block-list\">\n<li>[O] Les b\u00e9n\u00e9dictions ne s\u2019arr\u00eatent pas au chapitre 2\u00a0! Ici, Dieu promet quoi \u00e0 qui\u00a0?<\/li>\n\n\n\n<li>[C] Quel rapport entre l\u2019abondance dans le pays et l\u2019abondance de l\u2019Esprit Saint en chacun\u00a0? Dans quel but\u00a0?<\/li>\n\n\n\n<li>[O] Tout cela aura lieu quand\u00a0?<\/li>\n\n\n\n<li>[O-C] Quel est le rapport entre la repentance\/humiliation et cette r\u00e9ception du Saint Esprit\u00a0?<\/li>\n\n\n\n<li>[O-C] Les vv.4-5 parlent-ils du m\u00eame jour de l\u2019\u00c9ternel qu\u2019au chapitre 2\u00a0? Quelles sont les similitudes et les diff\u00e9rences\u00a0?<\/li>\n\n\n\n<li>[C] 9 si\u00e8cles plus tard, cette promesse s\u2019est r\u00e9alis\u00e9e (Actes 2)\u00a0! Comment la venue du Saint Esprit a-t-elle permis la diffusion de l\u2019\u00c9vangile\u00a0?<\/li>\n\n\n\n<li>[C]\u00a0Le prochain jour de l\u2019\u00c9ternel, c\u2019est le retour de J\u00e9sus. Quel est le r\u00f4le du Saint Esprit dans le tri entre les rescap\u00e9s\/survivants et ceux qui p\u00e9riront\u00a0?\u00a0<\/li>\n<\/ul>\n\n\n\n<h4 id=\"wp-block-themeisle-blocks-advanced-heading-929db286\" class=\"wp-block-themeisle-blocks-advanced-heading wp-block-themeisle-blocks-advanced-heading-929db286\"><strong>APPLICATIONS<\/strong><\/h4>\n\n\n\n<ul class=\"wp-block-list\">\n<li>L\u2019esp\u00e9rance des chr\u00e9tiens n\u2019est plus d\u2019avoir une terre fertile ne Isra\u00ebl\u00a0! O\u00f9 se situe alors leur esp\u00e9rance\u00a0? Cela vous semble-il enviable\u00a0? Pourquoi\u00a0?<\/li>\n\n\n\n<li>Vous humiliez-vous devant Dieu uniquement quand vous avez peur d\u2019une catastrophe\u00a0? Pourquoi\u00a0?\u00a0<\/li>\n\n\n\n<li>La catastrophe fondra sur tous ceux qui n\u2019auront pas cru en J\u00e9sus\u00a0: Cela vous pousse-t-il \u00e0 implorer Dieu pour eux \u00a0? Cela vous pousse-t-il \u00e0 leur \u00ab\u00a0proph\u00e9tiser\u00a0\u00bb l\u2019\u00c9vangile par l\u2019Esprit\u00a0? Pourquoi\u00a0?<\/li>\n<\/ul>\n","protected":false},"excerpt":{"rendered":"<p>Que pensez-vous de cette vid\u00e9o ? Le proph\u00e8te Jo\u00ebl a v\u00e9cu au 9\u00e8me si\u00e8cle dans le Royaume de Juda (sud) et son r\u00f4le, comme tous ses coll\u00e8gues proph\u00e8tes, est d\u2019encourager le peuple \u00e0 se tourner vers Dieu et \u00e9viter de faire n\u2019importe quoi. Dans le chapitre 1er, Jo\u00ebl a d\u00e9crit le jour de l\u2019\u00c9ternel qui [&hellip;]<\/p>\n","protected":false},"author":3,"featured_media":7558,"comment_status":"open","ping_status":"open","sticky":false,"template":"","format":"standard","meta":{"_acf_changed":false,"_eb_attr":"","advgb_blocks_editor_width":"","advgb_blocks_columns_visual_guide":"","footnotes":""},"categories":[18,200,91,29],"tags":[170,651,551,289,203,1139],"video":[],"audio":[],"ecrit":[],"mis-en-avant":[],"redacteur":[],"type-darticle":[],"class_list":["post-9815","post","type-post","status-publish","format-standard","has-post-thumbnail","hentry","category-dab-pour-etudiants","category-dieu-le-saint-esprit","category-la-fin-des-temps","category-le-chretien-dans-la-societe","tag-ancien-testament","tag-ecrit","tag-joel","tag-repentance","tag-saint-esprit","tag-sauterelles"],"blocksy_meta":[],"acf":[],"featured_image_src":"https:\/\/www.creusonslabible.fr\/wp-content\/uploads\/2020\/09\/boris-smokrovic-EbMXBq_TXqM-unsplash-scaled-2.jpg","author_info":{"display_name":"Yoh","author_link":"https:\/\/www.creusonslabible.fr\/?author=3"},"author_meta":{"display_name":"Yoh","author_link":"https:\/\/www.creusonslabible.fr\/?author=3"},"featured_img":"https:\/\/www.creusonslabible.fr\/wp-content\/uploads\/2020\/09\/boris-smokrovic-EbMXBq_TXqM-unsplash-scaled-2-300x200.jpg","coauthors":[],"tax_additional":{"categories":{"linked":["<a href=\"https:\/\/www.creusonslabible.fr\/?cat=18\" class=\"advgb-post-tax-term\">DAB pour \u00e9tudiants<\/a>","<a href=\"https:\/\/www.creusonslabible.fr\/?cat=200\" class=\"advgb-post-tax-term\">Dieu le Saint-Esprit<\/a>","<a href=\"https:\/\/www.creusonslabible.fr\/?cat=91\" class=\"advgb-post-tax-term\">La fin des temps<\/a>","<a href=\"https:\/\/www.creusonslabible.fr\/?cat=29\" class=\"advgb-post-tax-term\">Le chr\u00e9tien dans la soci\u00e9t\u00e9<\/a>"],"unlinked":["<span class=\"advgb-post-tax-term\">DAB pour \u00e9tudiants<\/span>","<span class=\"advgb-post-tax-term\">Dieu le Saint-Esprit<\/span>","<span class=\"advgb-post-tax-term\">La fin des temps<\/span>","<span class=\"advgb-post-tax-term\">Le chr\u00e9tien dans la soci\u00e9t\u00e9<\/span>"]},"tags":{"linked":["<a href=\"https:\/\/www.creusonslabible.fr\/?cat=29\" class=\"advgb-post-tax-term\">Ancien-Testament<\/a>","<a href=\"https:\/\/www.creusonslabible.fr\/?cat=29\" class=\"advgb-post-tax-term\">\u00e9crit<\/a>","<a href=\"https:\/\/www.creusonslabible.fr\/?cat=29\" class=\"advgb-post-tax-term\">Jo\u00ebl<\/a>","<a href=\"https:\/\/www.creusonslabible.fr\/?cat=29\" class=\"advgb-post-tax-term\">repentance<\/a>","<a href=\"https:\/\/www.creusonslabible.fr\/?cat=29\" class=\"advgb-post-tax-term\">Saint-Esprit<\/a>","<a href=\"https:\/\/www.creusonslabible.fr\/?cat=29\" class=\"advgb-post-tax-term\">Sauterelles<\/a>"],"unlinked":["<span class=\"advgb-post-tax-term\">Ancien-Testament<\/span>","<span class=\"advgb-post-tax-term\">\u00e9crit<\/span>","<span class=\"advgb-post-tax-term\">Jo\u00ebl<\/span>","<span class=\"advgb-post-tax-term\">repentance<\/span>","<span class=\"advgb-post-tax-term\">Saint-Esprit<\/span>","<span class=\"advgb-post-tax-term\">Sauterelles<\/span>"]}},"comment_count":"0","relative_dates":{"created":"Publi\u00e9 2 ans il y a","modified":"Mis \u00e0 jour 1 an il y a"},"absolute_dates":{"created":"Publi\u00e9 le 28 mai 2024","modified":"Mise \u00e0 jour le 22 janvier 2025"},"absolute_dates_time":{"created":"Publi\u00e9 le 28 mai 2024 15h32","modified":"Mise \u00e0 jour le 22 janvier 2025 13h05"},"featured_img_caption":"","series_order":"","meta_box":[],"_links":{"self":[{"href":"https:\/\/www.creusonslabible.fr\/index.php?rest_route=\/wp\/v2\/posts\/9815","targetHints":{"allow":["GET"]}}],"collection":[{"href":"https:\/\/www.creusonslabible.fr\/index.php?rest_route=\/wp\/v2\/posts"}],"about":[{"href":"https:\/\/www.creusonslabible.fr\/index.php?rest_route=\/wp\/v2\/types\/post"}],"author":[{"embeddable":true,"href":"https:\/\/www.creusonslabible.fr\/index.php?rest_route=\/wp\/v2\/users\/3"}],"replies":[{"embeddable":true,"href":"https:\/\/www.creusonslabible.fr\/index.php?rest_route=%2Fwp%2Fv2%2Fcomments&post=9815"}],"version-history":[{"count":1,"href":"https:\/\/www.creusonslabible.fr\/index.php?rest_route=\/wp\/v2\/posts\/9815\/revisions"}],"predecessor-version":[{"id":9816,"href":"https:\/\/www.creusonslabible.fr\/index.php?rest_route=\/wp\/v2\/posts\/9815\/revisions\/9816"}],"wp:featuredmedia":[{"embeddable":true,"href":"https:\/\/www.creusonslabible.fr\/index.php?rest_route=\/wp\/v2\/media\/7558"}],"wp:attachment":[{"href":"https:\/\/www.creusonslabible.fr\/index.php?rest_route=%2Fwp%2Fv2%2Fmedia&parent=9815"}],"wp:term":[{"taxonomy":"category","embeddable":true,"href":"https:\/\/www.creusonslabible.fr\/index.php?rest_route=%2Fwp%2Fv2%2Fcategories&post=9815"},{"taxonomy":"post_tag","embeddable":true,"href":"https:\/\/www.creusonslabible.fr\/index.php?rest_route=%2Fwp%2Fv2%2Ftags&post=9815"},{"taxonomy":"video","embeddable":true,"href":"https:\/\/www.creusonslabible.fr\/index.php?rest_route=%2Fwp%2Fv2%2Fvideo&post=9815"},{"taxonomy":"audio","embeddable":true,"href":"https:\/\/www.creusonslabible.fr\/index.php?rest_route=%2Fwp%2Fv2%2Faudio&post=9815"},{"taxonomy":"ecrit","embeddable":true,"href":"https:\/\/www.creusonslabible.fr\/index.php?rest_route=%2Fwp%2Fv2%2Fecrit&post=9815"},{"taxonomy":"mis-en-avant","embeddable":true,"href":"https:\/\/www.creusonslabible.fr\/index.php?rest_route=%2Fwp%2Fv2%2Fmis-en-avant&post=9815"},{"taxonomy":"redacteur","embeddable":true,"href":"https:\/\/www.creusonslabible.fr\/index.php?rest_route=%2Fwp%2Fv2%2Fredacteur&post=9815"},{"taxonomy":"type-darticle","embeddable":true,"href":"https:\/\/www.creusonslabible.fr\/index.php?rest_route=%2Fwp%2Fv2%2Ftype-darticle&post=9815"}],"curies":[{"name":"wp","href":"https:\/\/api.w.org\/{rel}","templated":true}]}}