{"id":985,"date":"2012-12-13T09:13:17","date_gmt":"2012-12-13T09:13:17","guid":{"rendered":"http:\/\/elearning.gbu.fr\/?p=985"},"modified":"2025-01-24T11:27:01","modified_gmt":"2025-01-24T09:27:01","slug":"jacques-3-1-12-langue-beaucoup-trop-vivante","status":"publish","type":"post","link":"https:\/\/www.creusonslabible.fr\/?p=985","title":{"rendered":"Jacques 3.1-12 &#8211; Langue (beaucoup trop) vivante"},"content":{"rendered":"<p><strong>Note pour l&rsquo;animateur\u00a0:<\/strong>\u00a0Il est recommand\u00e9 \u00e0 l&rsquo;animateur de\u00a0lire l&rsquo;introduction \u00e0 l&rsquo;\u00e9p\u00eetre de Jacques\u00a0<a href=\"http:\/\/www.creusonslabible.fr\/?p=843\" target=\"_blank\" rel=\"noopener\">ici<\/a>.<\/p>\n<p><span style=\"font-size: medium;\">Cette lettre a \u00e9t\u00e9 \u00e9crite par le fr\u00e8re de J\u00e9sus qui \u00e9tait un des grands responsables de l\u2019\u00c9glise de J\u00e9rusalem. Elle est destin\u00e9e \u00e0 tous les chr\u00e9tiens et elle est pleine d&rsquo;enseignements tr\u00e8s pratiques qui sont tr\u00e8s utiles pour nous aujourd&rsquo;hui, notamment pour le th\u00e8me de la r\u00e9bellion. La particularit\u00e9 de cette \u00e9p\u00eetre est qu&rsquo;elle fonctionne avec des associations d&rsquo;id\u00e9es et des images emprunt\u00e9es \u00e0 la nature, ce qui lui donne ce ton haut en couleur et cette difficult\u00e9 \u00e0 la d\u00e9composer en grandes parties th\u00e9matiques !<\/span><\/p>\n<p><span style=\"font-size: medium;\"><b>OBSERVATION<\/b><\/span><\/p>\n<ul>\n<li><span style=\"font-size: medium;\">Quel est le th\u00e8me de ce passage ?<\/span><\/li>\n<li><span style=\"font-size: medium;\">Relevez toutes les comparaisons utilis\u00e9es pas l&rsquo;ap\u00f4tre pour parler de la langue. Combien y en a-t-il ? Quel est le sens g\u00e9n\u00e9ral de ces comparaisons ?<\/span><\/li>\n<li><span style=\"font-size: medium;\">Pour quelle cat\u00e9gorie de personnes ce passage s&rsquo;adresse-t-il en premier lieu ?<\/span><\/li>\n<li><span style=\"font-size: medium;\">\u00c9num\u00e9rez les \u00ab\u00a0d\u00e9fauts\u00a0\u00bb de la langue dans le passage.<\/span><\/li>\n<\/ul>\n<p>&nbsp;<\/p>\n<p><span style=\"font-size: medium;\"><b>INTERPRETATION<\/b><\/span><\/p>\n<ul>\n<li><span style=\"font-size: medium;\">D&rsquo;apr\u00e8s vous, pourquoi Jacques est-il si s\u00e9v\u00e8re avec la langue ?<\/span><\/li>\n<li><span style=\"font-size: medium;\">Comment la langue peut-elle souiller tout le corps ?<\/span><\/li>\n<li><span style=\"font-size: medium;\">Citez des exemples de bon usage de la langue. Citez-en des mauvais.<\/span><\/li>\n<li><span style=\"font-size: medium;\">Pourquoi la langue est-elle si dangereuse dans une communaut\u00e9 ?<\/span><\/li>\n<li><span style=\"font-size: medium;\">Pourquoi est-elle indomptable ?<\/span><\/li>\n<li><span style=\"font-size: medium;\">Pourquoi les enseignants sont-ils les premiers vis\u00e9s par ce pr\u00e9cepte ?<\/span><\/li>\n<li><span style=\"font-size: medium;\">Quel est le point commun entre ce passage, l&rsquo;acte cr\u00e9ateur divin et J\u00e9sus vu par Jean ? (la parole)<\/span><\/li>\n<li><span style=\"font-size: medium;\">Quel est donc la diff\u00e9rence entre la bonne et la mauvaise parole quand on observe la mani\u00e8re de faire du P\u00e8re ou du Fils ?<\/span><\/li>\n<\/ul>\n<p>&nbsp;<\/p>\n<p><span style=\"font-size: medium;\"><b>APPLICATION<\/b><\/span><\/p>\n<ul>\n<li><span style=\"font-size: medium;\">Pouvez-vous raconter des situations o\u00f9 certaines paroles (les v\u00f4tres ou non) ont eu un effet mauvais ?<\/span><\/li>\n<li><span style=\"font-size: medium;\">Pourquoi est-ce si difficile pour nous de ne prononcer que des paroles utiles ?<\/span><\/li>\n<li><span style=\"font-size: medium;\">Que faire pour ma\u00eetriser sa langue ?<\/span><\/li>\n<\/ul>\n<p>&nbsp;<\/p>\n<p>&nbsp;<\/p>\n","protected":false},"excerpt":{"rendered":"<p>Note pour l&rsquo;animateur\u00a0:\u00a0Il est recommand\u00e9 \u00e0 l&rsquo;animateur de\u00a0lire l&rsquo;introduction \u00e0 l&rsquo;\u00e9p\u00eetre de Jacques\u00a0ici. Cette lettre a \u00e9t\u00e9 \u00e9crite par le fr\u00e8re de J\u00e9sus qui \u00e9tait un des grands responsables de l\u2019\u00c9glise de J\u00e9rusalem. Elle est destin\u00e9e \u00e0 tous les chr\u00e9tiens et elle est pleine d&rsquo;enseignements tr\u00e8s pratiques qui sont tr\u00e8s utiles pour nous aujourd&rsquo;hui, notamment [&hellip;]<\/p>\n","protected":false},"author":3,"featured_media":2204,"comment_status":"open","ping_status":"closed","sticky":false,"template":"","format":"standard","meta":{"_acf_changed":false,"_eb_attr":"","advgb_blocks_editor_width":"","advgb_blocks_columns_visual_guide":"","footnotes":""},"categories":[10],"tags":[651,130,23,92],"video":[],"audio":[],"ecrit":[],"mis-en-avant":[],"redacteur":[],"type-darticle":[],"class_list":["post-985","post","type-post","status-publish","format-standard","has-post-thumbnail","hentry","category-discussions-autour-de-la-bible","tag-ecrit","tag-jacques","tag-nouveau-testament","tag-paroles"],"blocksy_meta":[],"acf":[],"featured_image_src":"https:\/\/www.creusonslabible.fr\/wp-content\/uploads\/2012\/12\/jacq3languevivante-1.jpg","author_info":{"display_name":"Yoh","author_link":"https:\/\/www.creusonslabible.fr\/?author=3"},"author_meta":{"display_name":"Yoh","author_link":"https:\/\/www.creusonslabible.fr\/?author=3"},"featured_img":"https:\/\/www.creusonslabible.fr\/wp-content\/uploads\/2012\/12\/jacq3languevivante-1.jpg","coauthors":[],"tax_additional":{"categories":{"linked":["<a href=\"https:\/\/www.creusonslabible.fr\/?cat=10\" class=\"advgb-post-tax-term\">Discussions autour de la Bible<\/a>"],"unlinked":["<span class=\"advgb-post-tax-term\">Discussions autour de la Bible<\/span>"]},"tags":{"linked":["<a href=\"https:\/\/www.creusonslabible.fr\/?cat=10\" class=\"advgb-post-tax-term\">\u00e9crit<\/a>","<a href=\"https:\/\/www.creusonslabible.fr\/?cat=10\" class=\"advgb-post-tax-term\">Jacques<\/a>","<a href=\"https:\/\/www.creusonslabible.fr\/?cat=10\" class=\"advgb-post-tax-term\">Nouveau-Testament<\/a>","<a href=\"https:\/\/www.creusonslabible.fr\/?cat=10\" class=\"advgb-post-tax-term\">Paroles<\/a>"],"unlinked":["<span class=\"advgb-post-tax-term\">\u00e9crit<\/span>","<span class=\"advgb-post-tax-term\">Jacques<\/span>","<span class=\"advgb-post-tax-term\">Nouveau-Testament<\/span>","<span class=\"advgb-post-tax-term\">Paroles<\/span>"]}},"comment_count":"0","relative_dates":{"created":"Publi\u00e9 13 ans il y a","modified":"Mis \u00e0 jour 1 an il y a"},"absolute_dates":{"created":"Publi\u00e9 le 13 d\u00e9cembre 2012","modified":"Mise \u00e0 jour le 24 janvier 2025"},"absolute_dates_time":{"created":"Publi\u00e9 le 13 d\u00e9cembre 2012 9h13","modified":"Mise \u00e0 jour le 24 janvier 2025 11h27"},"featured_img_caption":"","series_order":"","meta_box":[],"_links":{"self":[{"href":"https:\/\/www.creusonslabible.fr\/index.php?rest_route=\/wp\/v2\/posts\/985","targetHints":{"allow":["GET"]}}],"collection":[{"href":"https:\/\/www.creusonslabible.fr\/index.php?rest_route=\/wp\/v2\/posts"}],"about":[{"href":"https:\/\/www.creusonslabible.fr\/index.php?rest_route=\/wp\/v2\/types\/post"}],"author":[{"embeddable":true,"href":"https:\/\/www.creusonslabible.fr\/index.php?rest_route=\/wp\/v2\/users\/3"}],"replies":[{"embeddable":true,"href":"https:\/\/www.creusonslabible.fr\/index.php?rest_route=%2Fwp%2Fv2%2Fcomments&post=985"}],"version-history":[{"count":1,"href":"https:\/\/www.creusonslabible.fr\/index.php?rest_route=\/wp\/v2\/posts\/985\/revisions"}],"predecessor-version":[{"id":10908,"href":"https:\/\/www.creusonslabible.fr\/index.php?rest_route=\/wp\/v2\/posts\/985\/revisions\/10908"}],"wp:featuredmedia":[{"embeddable":true,"href":"https:\/\/www.creusonslabible.fr\/index.php?rest_route=\/wp\/v2\/media\/2204"}],"wp:attachment":[{"href":"https:\/\/www.creusonslabible.fr\/index.php?rest_route=%2Fwp%2Fv2%2Fmedia&parent=985"}],"wp:term":[{"taxonomy":"category","embeddable":true,"href":"https:\/\/www.creusonslabible.fr\/index.php?rest_route=%2Fwp%2Fv2%2Fcategories&post=985"},{"taxonomy":"post_tag","embeddable":true,"href":"https:\/\/www.creusonslabible.fr\/index.php?rest_route=%2Fwp%2Fv2%2Ftags&post=985"},{"taxonomy":"video","embeddable":true,"href":"https:\/\/www.creusonslabible.fr\/index.php?rest_route=%2Fwp%2Fv2%2Fvideo&post=985"},{"taxonomy":"audio","embeddable":true,"href":"https:\/\/www.creusonslabible.fr\/index.php?rest_route=%2Fwp%2Fv2%2Faudio&post=985"},{"taxonomy":"ecrit","embeddable":true,"href":"https:\/\/www.creusonslabible.fr\/index.php?rest_route=%2Fwp%2Fv2%2Fecrit&post=985"},{"taxonomy":"mis-en-avant","embeddable":true,"href":"https:\/\/www.creusonslabible.fr\/index.php?rest_route=%2Fwp%2Fv2%2Fmis-en-avant&post=985"},{"taxonomy":"redacteur","embeddable":true,"href":"https:\/\/www.creusonslabible.fr\/index.php?rest_route=%2Fwp%2Fv2%2Fredacteur&post=985"},{"taxonomy":"type-darticle","embeddable":true,"href":"https:\/\/www.creusonslabible.fr\/index.php?rest_route=%2Fwp%2Fv2%2Ftype-darticle&post=985"}],"curies":[{"name":"wp","href":"https:\/\/api.w.org\/{rel}","templated":true}]}}