{"id":989,"date":"2012-12-13T09:28:11","date_gmt":"2012-12-13T09:28:11","guid":{"rendered":"http:\/\/elearning.gbu.fr\/?p=989"},"modified":"2025-01-24T11:27:01","modified_gmt":"2025-01-24T09:27:01","slug":"jean-14-1-31-annonce-de-depart-2","status":"publish","type":"post","link":"https:\/\/www.creusonslabible.fr\/?p=989","title":{"rendered":"Jean 14.1-31 &#8211; Annonce de d\u00e9part"},"content":{"rendered":"<p>J\u00e9sus s&rsquo;adresse une derni\u00e8re fois \u00e0 ses disciples avant son arrestation. Sont-ils pr\u00eats \u00e0 se d\u00e9brouiller sans Lui ? Apparemment, non !<\/p>\n<h3>OBSERVATION &#8211; INTERPR\u00c9TATION<\/h3>\n<p>&nbsp;<\/p>\n<p><span style=\"color: #000000;\"><span style=\"font-family: Lucida Grande,sans-serif;\"><span style=\"font-size: small;\"><b>1-5 : La voie pour le Ciel<\/b><\/span><\/span><\/span><\/p>\n<ul>\n<li><span style=\"color: #000000;\"><span style=\"font-family: Lucida Grande,sans-serif;\"><span style=\"font-size: small;\">Pourquoi J\u00e9sus commence-t-il par rassurer ses disciples ?<\/span><\/span><\/span><\/li>\n<li><span style=\"color: #000000;\"><span style=\"font-family: Lucida Grande,sans-serif;\"><span style=\"font-size: small;\">Qui est ce P\u00e8re, quelles sont les demeures dans sa maison ?<\/span><\/span><\/span><\/li>\n<li><span style=\"color: #000000;\"><span style=\"font-family: Lucida Grande,sans-serif;\"><span style=\"font-size: small;\">Thomas a-t-il compris ce que voulais dire J\u00e9sus ? Pourquoi ? <\/span><\/span><\/span><\/li>\n<li><span style=\"color: #000000;\"><span style=\"font-family: Lucida Grande,sans-serif;\"><span style=\"font-size: small;\">Que veut dire J\u00e9sus aux vv 6 et 7 ? Pour un juif de l&rsquo;\u00e9poque, est-ce une d\u00e9claration normale ?<\/span><\/span><\/span><\/li>\n<\/ul>\n<p>&nbsp;<\/p>\n<p><span style=\"color: #000000;\"><span style=\"font-family: Lucida Grande,sans-serif;\"><span style=\"font-size: small;\"><b>8-14 : Personnages gigognes<\/b><\/span><\/span><\/span><\/p>\n<ul>\n<li><span style=\"color: #000000;\"><span style=\"font-family: Lucida Grande,sans-serif;\"><span style=\"font-size: small;\">Philippe a-t-il compris la d\u00e9claration du v.7 ? Pourquoi ?<\/span><\/span><\/span><\/li>\n<li><span style=\"color: #000000;\"><span style=\"font-family: Lucida Grande,sans-serif;\"><span style=\"font-size: small;\">J\u00e9sus a-t-il des raisons d&rsquo;\u00eatre d\u00e9\u00e7u par l&rsquo;incompr\u00e9hension de son disciple ? Pourquoi ?<\/span><\/span><\/span><\/li>\n<li><span style=\"color: #000000;\"><span style=\"font-family: Lucida Grande,sans-serif;\"><span style=\"font-size: small;\">Comment comprenez-vous les vv.9 \u00e0 11 ?<\/span><\/span><\/span><\/li>\n<li><span style=\"color: #000000;\"><span style=\"font-family: Lucida Grande,sans-serif;\"><span style=\"font-size: small;\">Quel est le rapport entre les vv.9 \u00e0 11 et les vv.12 \u00e0 14 ? Qui donne quoi \u00e0 qui ?<\/span><\/span><\/span><\/li>\n<li><span style=\"color: #000000;\"><span style=\"font-family: Lucida Grande,sans-serif;\"><span style=\"font-size: small;\">Si vous \u00e9tiez les disciples, les vv. 12 \u00e0 14 vous encourageraient-ils ?<\/span><\/span><\/span><\/li>\n<\/ul>\n<p><span style=\"color: #000000;\"><span style=\"font-family: Lucida Grande,sans-serif;\"><span style=\"font-size: small;\"><b>15-21 : Avocat tr\u00e8s utile<\/b><\/span><\/span><\/span><\/p>\n<ul>\n<li><span style=\"color: #000000;\"><span style=\"font-family: Lucida Grande,sans-serif;\"><span style=\"font-size: small;\">Pourquoi le v.15 ? Quel rapport ? Combien de fois J\u00e9sus r\u00e9p\u00e8te-t-il cette phrase dans tout le passage ?<\/span><\/span><\/span><\/li>\n<li><span style=\"color: #000000;\"><span style=\"font-family: Lucida Grande,sans-serif;\"><span style=\"font-size: small;\">Il y a 2 nouveaux concepts qui font leur apparition dans cette partie, lesquels ?<\/span><\/span><\/span><\/li>\n<li><span style=\"color: #000000;\"><span style=\"font-family: Lucida Grande,sans-serif;\"><span style=\"font-size: small;\">\u00c0 quoi sert le St Esprit ici ? (\u00e0 ne pas \u00eatre orphelin : v.18, \u00e0 voir J\u00e9sus vivant : v.19, \u00e0 comprendre la communion en Dieu et J\u00e9sus et J\u00e9sus et les disciples)<\/span><\/span><\/span><\/li>\n<li><span style=\"color: #000000;\"><span style=\"font-family: Lucida Grande,sans-serif;\"><span style=\"font-size: small;\">Quel est l&rsquo;avantage pour les disciples par rapport au monde ?<\/span><\/span><\/span><\/li>\n<li><span style=\"color: #000000;\"><span style=\"font-family: Lucida Grande,sans-serif;\"><span style=\"font-size: small;\">Pensez que le concept de trinit\u00e9 est Biblique ?<\/span><\/span><\/span><\/li>\n<\/ul>\n<p><span style=\"color: #000000;\"><span style=\"font-family: Lucida Grande,sans-serif;\"><span style=\"font-size: small;\"><b>22-31 : Le Ma\u00eetre part<\/b><\/span><\/span><\/span><\/p>\n<ul>\n<li><span style=\"color: #000000;\"><span style=\"font-family: Lucida Grande,sans-serif;\"><span style=\"font-size: small;\">Pourquoi la question de Jude ?<\/span><\/span><\/span><\/li>\n<li><span style=\"color: #000000;\"><span style=\"font-family: Lucida Grande,sans-serif;\"><span style=\"font-size: small;\">Pourquoi J\u00e9sus lui r\u00e9pond-il en r\u00e9p\u00e9tant ce qu&rsquo;il a d\u00e9j\u00e0 dit aux vv. 15 et 21 ?<\/span><\/span><\/span><\/li>\n<li><span style=\"color: #000000;\"><span style=\"font-family: Lucida Grande,sans-serif;\"><span style=\"font-size: small;\">Quelle est la r\u00e9ponse de J\u00e9sus \u00e0 la question de Jude ?<\/span><\/span><\/span><\/li>\n<li><span style=\"color: #000000;\"><span style=\"font-family: Lucida Grande,sans-serif;\"><span style=\"font-size: small;\">Que nous disent les vv.28 et 29 \u00e0 propos des disciples ? (leur foi et leur amour)<\/span><\/span><\/span><\/li>\n<li><span style=\"color: #000000;\"><span style=\"font-family: Lucida Grande,sans-serif;\"><span style=\"font-size: small;\">Qui aime et qui ob\u00e9it cette fois-ci au v.31 ?<\/span><\/span><\/span><\/li>\n<\/ul>\n<ul>\n<li><span style=\"color: #000000;\"><span style=\"font-family: Lucida Grande,sans-serif;\"><span style=\"font-size: small;\">Les disciples ont-ils l&rsquo;air pr\u00eats \u00e0 se d\u00e9brouiller sans J\u00e9sus ? Est-ce inqui\u00e9tant ?<\/span><\/span><\/span><\/li>\n<\/ul>\n<p>&nbsp;<\/p>\n<p><span style=\"color: #000000;\"><span style=\"font-family: Lucida Grande,sans-serif;\"><span style=\"font-size: small;\"><b>APPLICATION<\/b><\/span><\/span><\/span><\/p>\n<ul>\n<li><span style=\"color: #000000;\"><span style=\"font-family: Lucida Grande,sans-serif;\"><span style=\"font-size: small;\">Que dire \u00e0 ceux qui aimeraient que J\u00e9sus soit encore l\u00e0 pour croire en Lui ou pour avoir plus de courage dans leur vie chr\u00e9tienne ?<\/span><\/span><\/span><\/li>\n<li><span style=\"color: #000000;\"><span style=\"font-family: Lucida Grande,sans-serif;\"><span style=\"font-size: small;\">Le comportement des chr\u00e9tiens refl\u00e8te-t-il J\u00e9sus-Christ ? Pourquoi ? <\/span><\/span><\/span><\/li>\n<li><span style=\"color: #000000;\"><span style=\"font-family: Lucida Grande,sans-serif;\"><span style=\"font-size: small;\">Que faut-il pour ne pas \u00eatre comme Philippe (\u00eatre dans l&rsquo;entourage de J\u00e9sus sans le conna\u00eetre) ?<\/span><\/span><\/span><\/li>\n<li><span style=\"color: #000000;\"><span style=\"font-family: Lucida Grande,sans-serif;\"><span style=\"font-size: small;\">Comment prendre r\u00e9ellement conscience que Dieu habite en nous ?<\/span><\/span><\/span><\/li>\n<\/ul>\n<p>&nbsp;<\/p>\n<p>&nbsp;<\/p>\n<style class=\"advgb-styles-renderer\"><!--\n@page { margin: 2cm }\n\t\tP { margin-bottom: 0.21cm }\n--><\/style>\n","protected":false},"excerpt":{"rendered":"<p>J\u00e9sus s&rsquo;adresse une derni\u00e8re fois \u00e0 ses disciples avant son arrestation. Sont-ils pr\u00eats \u00e0 se d\u00e9brouiller sans Lui ? Apparemment, non ! OBSERVATION &#8211; INTERPR\u00c9TATION &nbsp; 1-5 : La voie pour le Ciel Pourquoi J\u00e9sus commence-t-il par rassurer ses disciples ? Qui est ce P\u00e8re, quelles sont les demeures dans sa maison ? Thomas a-t-il [&hellip;]<\/p>\n","protected":false},"author":3,"featured_media":0,"comment_status":"open","ping_status":"closed","sticky":false,"template":"","format":"standard","meta":{"_acf_changed":false,"_eb_attr":"","advgb_blocks_editor_width":"","advgb_blocks_columns_visual_guide":"","footnotes":""},"categories":[10],"tags":[651,131,23],"video":[],"audio":[],"ecrit":[],"mis-en-avant":[],"redacteur":[],"type-darticle":[],"class_list":["post-989","post","type-post","status-publish","format-standard","hentry","category-discussions-autour-de-la-bible","tag-ecrit","tag-jean","tag-nouveau-testament"],"blocksy_meta":[],"acf":[],"featured_image_src":null,"author_info":{"display_name":"Yoh","author_link":"https:\/\/www.creusonslabible.fr\/?author=3"},"author_meta":{"display_name":"Yoh","author_link":"https:\/\/www.creusonslabible.fr\/?author=3"},"featured_img":null,"coauthors":[],"tax_additional":{"categories":{"linked":["<a href=\"https:\/\/www.creusonslabible.fr\/?cat=10\" class=\"advgb-post-tax-term\">Discussions autour de la Bible<\/a>"],"unlinked":["<span class=\"advgb-post-tax-term\">Discussions autour de la Bible<\/span>"]},"tags":{"linked":["<a href=\"https:\/\/www.creusonslabible.fr\/?cat=10\" class=\"advgb-post-tax-term\">\u00e9crit<\/a>","<a href=\"https:\/\/www.creusonslabible.fr\/?cat=10\" class=\"advgb-post-tax-term\">Jean<\/a>","<a href=\"https:\/\/www.creusonslabible.fr\/?cat=10\" class=\"advgb-post-tax-term\">Nouveau-Testament<\/a>"],"unlinked":["<span class=\"advgb-post-tax-term\">\u00e9crit<\/span>","<span class=\"advgb-post-tax-term\">Jean<\/span>","<span class=\"advgb-post-tax-term\">Nouveau-Testament<\/span>"]}},"comment_count":"0","relative_dates":{"created":"Publi\u00e9 13 ans il y a","modified":"Mis \u00e0 jour 1 an il y a"},"absolute_dates":{"created":"Publi\u00e9 le 13 d\u00e9cembre 2012","modified":"Mise \u00e0 jour le 24 janvier 2025"},"absolute_dates_time":{"created":"Publi\u00e9 le 13 d\u00e9cembre 2012 9h28","modified":"Mise \u00e0 jour le 24 janvier 2025 11h27"},"featured_img_caption":"","series_order":"","meta_box":[],"_links":{"self":[{"href":"https:\/\/www.creusonslabible.fr\/index.php?rest_route=\/wp\/v2\/posts\/989","targetHints":{"allow":["GET"]}}],"collection":[{"href":"https:\/\/www.creusonslabible.fr\/index.php?rest_route=\/wp\/v2\/posts"}],"about":[{"href":"https:\/\/www.creusonslabible.fr\/index.php?rest_route=\/wp\/v2\/types\/post"}],"author":[{"embeddable":true,"href":"https:\/\/www.creusonslabible.fr\/index.php?rest_route=\/wp\/v2\/users\/3"}],"replies":[{"embeddable":true,"href":"https:\/\/www.creusonslabible.fr\/index.php?rest_route=%2Fwp%2Fv2%2Fcomments&post=989"}],"version-history":[{"count":1,"href":"https:\/\/www.creusonslabible.fr\/index.php?rest_route=\/wp\/v2\/posts\/989\/revisions"}],"predecessor-version":[{"id":10907,"href":"https:\/\/www.creusonslabible.fr\/index.php?rest_route=\/wp\/v2\/posts\/989\/revisions\/10907"}],"wp:attachment":[{"href":"https:\/\/www.creusonslabible.fr\/index.php?rest_route=%2Fwp%2Fv2%2Fmedia&parent=989"}],"wp:term":[{"taxonomy":"category","embeddable":true,"href":"https:\/\/www.creusonslabible.fr\/index.php?rest_route=%2Fwp%2Fv2%2Fcategories&post=989"},{"taxonomy":"post_tag","embeddable":true,"href":"https:\/\/www.creusonslabible.fr\/index.php?rest_route=%2Fwp%2Fv2%2Ftags&post=989"},{"taxonomy":"video","embeddable":true,"href":"https:\/\/www.creusonslabible.fr\/index.php?rest_route=%2Fwp%2Fv2%2Fvideo&post=989"},{"taxonomy":"audio","embeddable":true,"href":"https:\/\/www.creusonslabible.fr\/index.php?rest_route=%2Fwp%2Fv2%2Faudio&post=989"},{"taxonomy":"ecrit","embeddable":true,"href":"https:\/\/www.creusonslabible.fr\/index.php?rest_route=%2Fwp%2Fv2%2Fecrit&post=989"},{"taxonomy":"mis-en-avant","embeddable":true,"href":"https:\/\/www.creusonslabible.fr\/index.php?rest_route=%2Fwp%2Fv2%2Fmis-en-avant&post=989"},{"taxonomy":"redacteur","embeddable":true,"href":"https:\/\/www.creusonslabible.fr\/index.php?rest_route=%2Fwp%2Fv2%2Fredacteur&post=989"},{"taxonomy":"type-darticle","embeddable":true,"href":"https:\/\/www.creusonslabible.fr\/index.php?rest_route=%2Fwp%2Fv2%2Ftype-darticle&post=989"}],"curies":[{"name":"wp","href":"https:\/\/api.w.org\/{rel}","templated":true}]}}