{"id":9903,"date":"2024-09-27T09:09:25","date_gmt":"2024-09-27T07:09:25","guid":{"rendered":"https:\/\/www.creusonslabible.fr\/?p=9903"},"modified":"2024-10-12T12:09:40","modified_gmt":"2024-10-12T10:09:40","slug":"avez-vous-peur-1","status":"publish","type":"post","link":"https:\/\/www.creusonslabible.fr\/?p=9903","title":{"rendered":"Avez-vous peur\u00a0? (1)"},"content":{"rendered":"\n<h4 class=\"wp-block-heading\"><strong><u>Marc 4.35-41<\/u><\/strong><strong><u> Les disciples sur le Lac&nbsp;: la peur et la foi<\/u><\/strong><\/h4>\n\n\n\n<p>Au d\u00e9but de notre texte, la journ\u00e9e se termine&nbsp;et la nuit tombe. J\u00e9sus est \u00e9puis\u00e9 et plut\u00f4t que de rentrer dormir, que de se pr\u00e9parer \u00e0 un \u00e9ventuel voyage en territoire pa\u00efen, il dit \u00e0 ses disciples de traverser le lac vers G\u00e9rasa.<\/p>\n\n\n\n<p>Alors ils l\u2019emm\u00e8nent comme il est, sans pr\u00e9paratifs. La travers\u00e9e se fait de nuit et la temp\u00eate se l\u00e8ve. Les temp\u00eates de lac sont impressionnantes parce qu\u2019elles ressemblent \u00e0 des siphons. Cette temp\u00eate en particulier devait \u00eatre violente puisque les disciples, qui ont pass\u00e9 leur vie sur le lac, sont persuad\u00e9s qu\u2019ils vont mourir.<\/p>\n\n\n\n<p>Pendant ce temps-l\u00e0, J\u00e9sus dort. Ils sont seuls face \u00e0 la situation et ce n\u2019est pas compliqu\u00e9 de s\u2019imaginer qu\u2019ils se sentent abandonn\u00e9s. J\u00e9sus s\u2019occupe de tout le monde mais \u00e0 ce moment-l\u00e0, pour eux, c\u2019est la crise. Et J\u00e9sus dort. Ils sont paniqu\u00e9s, irrit\u00e9s, alors ils le r\u00e9veillent avec cette accusation&nbsp;: \u00ab&nbsp;<strong>Ma\u00eetre, nous sommes perdus et tu ne t\u2019en soucies pas ?&nbsp;\u00bb<\/strong><\/p>\n\n\n\n<p>Ils accusent J\u00e9sus de ne rien faire, de ne pas se pr\u00e9occuper d\u2019eux. De ne pas intervenir alors qu\u2019il le pourrait. Non seulement il n\u2019intervient pas mais en plus, il dort, signe total de son d\u00e9sint\u00e9r\u00eat pour la situation. Comme Jonas qui dormait dans la temp\u00eate parce qu\u2019il n\u2019a plus rien \u00e0 perdre, puisqu\u2019il a consciemment d\u00e9sob\u00e9i \u00e0 Dieu. Les disciples doivent se dire que J\u00e9sus n\u2019en a que faire, car s\u2019il se sentait concern\u00e9, il ne dormirait pas.&nbsp;<\/p>\n\n\n\n<p>Cependant J\u00e9sus leur r\u00e9pond&nbsp;: \u00ab&nbsp;Pourquoi avez-vous peur&nbsp;? N\u2019avez-vous pas la foi&nbsp;?&nbsp;\u00bb<\/p>\n\n\n\n<p>On peut trouver que le reproche de J\u00e9sus aux disciples est dur.<\/p>\n\n\n\n<p>\u00ab&nbsp;Pourquoi \u00eates-vous peureux&nbsp;?&nbsp;<\/p>\n\n\n\n<ul class=\"wp-block-list\">\n<li>Il y a une temp\u00eate&nbsp;! Avoir peur dans les situations de d\u00e9tresse c\u2019est normal&nbsp;!<\/li>\n\n\n\n<li>N\u2019avez-vous pas la foi&nbsp;?&nbsp;<\/li>\n\n\n\n<li>Mais tu dormais&nbsp;!&nbsp;\u00bb<\/li>\n<\/ul>\n\n\n\n<p>Mais ce que J\u00e9sus attendait d\u2019eux, c\u2019\u00e9tait de lui laisser a responsabilit\u00e9 de s\u2019inqui\u00e9ter pour cela. C\u2019est lui qui sauve, ce n\u2019est pas \u00e0 eux de se sauver de la temp\u00eate. C\u2019est le r\u00f4le de J\u00e9sus et ils doivent avoir foi dans le fait que J\u00e9sus s\u2019occupe de ce qui d\u00e9pend de lui, m\u00eame quand il dort (ou semble dormir).<\/p>\n\n\n\n<p>La peur, c\u2019est l\u2019inverse de la foi.<\/p>\n\n\n\n<p>Nous devons faire la diff\u00e9rence entre les choses dont on a raison de s\u2019inqui\u00e9ter, sur lesquelles on a le contr\u00f4le, et celles pour lesquels on a tort de s\u2019inqui\u00e9ter parce qu\u2019on ne peut rien faire. C\u2019est du domaine de Dieu. Par exemple, une temp\u00eate.<\/p>\n\n\n\n<p>Vaincre l\u2019anxi\u00e9t\u00e9, c\u2019est exercer notre foi face \u00e0 une situation qui nous d\u00e9passe&nbsp;: croire que notre vie est dans les mains de Dieu, m\u00eame si on ne le voit pas agir, m\u00eame si on pense qu\u2019il dort. Croire que les \u00e9v\u00e8nements ne nous m\u00e8neront jamais \u00e0 notre perte, parce que J\u00e9sus est l\u00e0.<\/p>\n\n\n\n<h4 class=\"wp-block-heading\"><strong><u>Remplacer une crainte par une autre.<\/u><\/strong><\/h4>\n\n\n\n<p>Ce texte a \u00e9videmment un lien fort avec celui de Jonas. Pendant la temp\u00eate, J\u00e9sus dort dans la barque, comme Jonas dort dans la cale du bateau. Les ap\u00f4tres exasp\u00e9r\u00e9s r\u00e9veillent J\u00e9sus, comme le capitaine du bateau r\u00e9veille Jonas et lui demande pourquoi il dort alors que tous les marins, sur le pont, tente de parer \u00e0 la temp\u00eate.<\/p>\n\n\n\n<p>Mais l\u2019interpellation est diff\u00e9rente&nbsp;: les marins disent \u00ab&nbsp;Pourquoi tu dors&nbsp;? L\u00e8ve-toi et invoque ton Dieu&nbsp;!&nbsp;\u00bb. La ressemblance avec la sc\u00e8ne de Jonas met en valeur le fait que J\u00e9sus, lui, une fois \u00e9veill\u00e9, n\u2019a pas besoin d\u2019invoquer son Dieu. Il est Dieu, il met fin \u00e0 la temp\u00eate.<\/p>\n\n\n\n<p>Apr\u00e8s que J\u00e9sus a apais\u00e9 la temp\u00eate, un calme se fait, et \u00ab&nbsp;<strong>une grande crainte <\/strong>se saisit des disciples&nbsp;\u00bb, nous dit Marc. Ils avaient peur de la temp\u00eate, maintenant ils ont peur de J\u00e9sus, car c\u2019est Dieu lui-m\u00eame qu\u2019ils ont en face d\u2019eux.<\/p>\n\n\n\n<p>C\u2019est une bonne fa\u00e7on de g\u00e9rer la peur : remplacer une crainte par une autre. Je ne crains pas la guerre ou les mauvaises \u00e9volutions de la soci\u00e9t\u00e9, je crains Dieu qui rend \u00e0 chaque homme ce qu\u2019il m\u00e9rite. Je ne crains pas la maladie ou la mort, je crains Dieu qui a autorit\u00e9 sur mon \u00e2me et sur mon corps.<\/p>\n\n\n\n<p>Cette crainte, c\u2019est en fait de la foi. Je reconnais ce qui a du pouvoir. Ce ne sont pas mes peurs qui sont puissantes, c\u2019est Dieu. Ce Dieu qui terrifie ce qui me terrifie.<\/p>\n\n\n\n<h4 class=\"wp-block-heading\">Toute la s\u00e9rie de m\u00e9ditations<\/h4>\n\n\n\n<p>Avez-vous peur (1) (vous y \u00eates)<\/p>\n\n\n\n<p><a href=\"https:\/\/www.creusonslabible.fr\/?p=9923\">Avez-vous peur (2) <\/a><\/p>\n\n\n\n<p><a href=\"https:\/\/www.creusonslabible.fr\/?p=9934\">Avez-vous peur (3)<\/a><\/p>\n","protected":false},"excerpt":{"rendered":"<p>Marc 4.35-41 Les disciples sur le Lac&nbsp;: la peur et la foi Au d\u00e9but de notre texte, la journ\u00e9e se termine&nbsp;et la nuit tombe. J\u00e9sus est \u00e9puis\u00e9 et plut\u00f4t que de rentrer dormir, que de se pr\u00e9parer \u00e0 un \u00e9ventuel voyage en territoire pa\u00efen, il dit \u00e0 ses disciples de traverser le lac vers G\u00e9rasa. [&hellip;]<\/p>\n","protected":false},"author":1,"featured_media":9920,"comment_status":"open","ping_status":"open","sticky":false,"template":"","format":"standard","meta":{"_acf_changed":false,"_eb_attr":"","advgb_blocks_editor_width":"","advgb_blocks_columns_visual_guide":"","footnotes":""},"categories":[16],"tags":[651,695,23,231],"video":[],"audio":[],"ecrit":[],"mis-en-avant":[],"redacteur":[],"type-darticle":[],"class_list":["post-9903","post","type-post","status-publish","format-standard","has-post-thumbnail","hentry","category-meditations-bibliques","tag-ecrit","tag-marc","tag-nouveau-testament","tag-peur"],"blocksy_meta":[],"acf":[],"featured_image_src":"https:\/\/www.creusonslabible.fr\/wp-content\/uploads\/2024\/09\/caillou7857_jesus_calming_the_storm_-ar_32_-v_6.1_49d98fd3-7945-423b-9a60-91a696be3014_0.png","author_info":{"display_name":"admin","author_link":"https:\/\/www.creusonslabible.fr\/?author=1"},"author_meta":{"display_name":"admin","author_link":"https:\/\/www.creusonslabible.fr\/?author=1"},"featured_img":"https:\/\/www.creusonslabible.fr\/wp-content\/uploads\/2024\/09\/caillou7857_jesus_calming_the_storm_-ar_32_-v_6.1_49d98fd3-7945-423b-9a60-91a696be3014_0-300x200.png","coauthors":[],"tax_additional":{"categories":{"linked":["<a href=\"https:\/\/www.creusonslabible.fr\/?cat=16\" class=\"advgb-post-tax-term\">M\u00e9ditations bibliques<\/a>"],"unlinked":["<span class=\"advgb-post-tax-term\">M\u00e9ditations bibliques<\/span>"]},"tags":{"linked":["<a href=\"https:\/\/www.creusonslabible.fr\/?cat=16\" class=\"advgb-post-tax-term\">\u00e9crit<\/a>","<a href=\"https:\/\/www.creusonslabible.fr\/?cat=16\" class=\"advgb-post-tax-term\">Marc<\/a>","<a href=\"https:\/\/www.creusonslabible.fr\/?cat=16\" class=\"advgb-post-tax-term\">Nouveau-Testament<\/a>","<a href=\"https:\/\/www.creusonslabible.fr\/?cat=16\" class=\"advgb-post-tax-term\">peur<\/a>"],"unlinked":["<span class=\"advgb-post-tax-term\">\u00e9crit<\/span>","<span class=\"advgb-post-tax-term\">Marc<\/span>","<span class=\"advgb-post-tax-term\">Nouveau-Testament<\/span>","<span class=\"advgb-post-tax-term\">peur<\/span>"]}},"comment_count":"0","relative_dates":{"created":"Publi\u00e9 2 ans il y a","modified":"Mis \u00e0 jour 2 ans il y a"},"absolute_dates":{"created":"Publi\u00e9 le 27 septembre 2024","modified":"Mise \u00e0 jour le 12 octobre 2024"},"absolute_dates_time":{"created":"Publi\u00e9 le 27 septembre 2024 9h09","modified":"Mise \u00e0 jour le 12 octobre 2024 12h09"},"featured_img_caption":"","series_order":"","meta_box":[],"_links":{"self":[{"href":"https:\/\/www.creusonslabible.fr\/index.php?rest_route=\/wp\/v2\/posts\/9903","targetHints":{"allow":["GET"]}}],"collection":[{"href":"https:\/\/www.creusonslabible.fr\/index.php?rest_route=\/wp\/v2\/posts"}],"about":[{"href":"https:\/\/www.creusonslabible.fr\/index.php?rest_route=\/wp\/v2\/types\/post"}],"author":[{"embeddable":true,"href":"https:\/\/www.creusonslabible.fr\/index.php?rest_route=\/wp\/v2\/users\/1"}],"replies":[{"embeddable":true,"href":"https:\/\/www.creusonslabible.fr\/index.php?rest_route=%2Fwp%2Fv2%2Fcomments&post=9903"}],"version-history":[{"count":3,"href":"https:\/\/www.creusonslabible.fr\/index.php?rest_route=\/wp\/v2\/posts\/9903\/revisions"}],"predecessor-version":[{"id":9937,"href":"https:\/\/www.creusonslabible.fr\/index.php?rest_route=\/wp\/v2\/posts\/9903\/revisions\/9937"}],"wp:featuredmedia":[{"embeddable":true,"href":"https:\/\/www.creusonslabible.fr\/index.php?rest_route=\/wp\/v2\/media\/9920"}],"wp:attachment":[{"href":"https:\/\/www.creusonslabible.fr\/index.php?rest_route=%2Fwp%2Fv2%2Fmedia&parent=9903"}],"wp:term":[{"taxonomy":"category","embeddable":true,"href":"https:\/\/www.creusonslabible.fr\/index.php?rest_route=%2Fwp%2Fv2%2Fcategories&post=9903"},{"taxonomy":"post_tag","embeddable":true,"href":"https:\/\/www.creusonslabible.fr\/index.php?rest_route=%2Fwp%2Fv2%2Ftags&post=9903"},{"taxonomy":"video","embeddable":true,"href":"https:\/\/www.creusonslabible.fr\/index.php?rest_route=%2Fwp%2Fv2%2Fvideo&post=9903"},{"taxonomy":"audio","embeddable":true,"href":"https:\/\/www.creusonslabible.fr\/index.php?rest_route=%2Fwp%2Fv2%2Faudio&post=9903"},{"taxonomy":"ecrit","embeddable":true,"href":"https:\/\/www.creusonslabible.fr\/index.php?rest_route=%2Fwp%2Fv2%2Fecrit&post=9903"},{"taxonomy":"mis-en-avant","embeddable":true,"href":"https:\/\/www.creusonslabible.fr\/index.php?rest_route=%2Fwp%2Fv2%2Fmis-en-avant&post=9903"},{"taxonomy":"redacteur","embeddable":true,"href":"https:\/\/www.creusonslabible.fr\/index.php?rest_route=%2Fwp%2Fv2%2Fredacteur&post=9903"},{"taxonomy":"type-darticle","embeddable":true,"href":"https:\/\/www.creusonslabible.fr\/index.php?rest_route=%2Fwp%2Fv2%2Ftype-darticle&post=9903"}],"curies":[{"name":"wp","href":"https:\/\/api.w.org\/{rel}","templated":true}]}}