{"id":992,"date":"2012-12-13T09:38:46","date_gmt":"2012-12-13T09:38:46","guid":{"rendered":"http:\/\/elearning.gbu.fr\/?p=992"},"modified":"2025-01-24T11:28:16","modified_gmt":"2025-01-24T09:28:16","slug":"jean-4-3-30-rendez-vous-avec-la-samaritaine","status":"publish","type":"post","link":"https:\/\/www.creusonslabible.fr\/?p=992","title":{"rendered":"Jean 4.3-30 &#8211; Rendez-vous avec la samaritaine"},"content":{"rendered":"<p>J\u00e9sus va du Jud\u00e9e (sud) vers la Galil\u00e9 (nord), le chemin le plus court consiste \u00e0 passer par la Samarie (plein centre). Le probl\u00e8me c&rsquo;est que les juifs et les samaritains ne s&rsquo;aiment pas du tout&#8230; aussi les juifs s&rsquo;arrangeaient pour contourner cette r\u00e9gion. J\u00e9sus, Lui, passe quand m\u00eame ! Comme s&rsquo;il voulait absolument rencontrer quelqu&rsquo;un.<\/p>\n<p>Les juifs et la samaritains se d\u00e9testent pour 3 raisons :<\/p>\n<p>\u2043 2 royaumes dans l&rsquo;AT : Juda (au sud) avec un roi dans la lign\u00e9e de David et Isra\u00ebl (nord avec pour capitale Samarie) avec des rois non issus de David et tr\u00e8s vite infid\u00e8les. Les samaritains ont \u00e9t\u00e9 d\u00e9port\u00e9s les 1ers et ont subi un m\u00e9tissage racial + religieux avec les autres peuples. Il y a donc un m\u00e9pris des juifs envers les samaritains.<\/p>\n<p>\u2043 Les 2 peuples ont un certain passif : les samaritians ont voulu emp\u00eacher les juifs revenant d&rsquo;exil de reconstruire le temple de J\u00e9rusalem et, quelques si\u00e8cles apr\u00e8s, les r\u00e9volutionnaires juifs ont d\u00e9truit le temple samaritain sur le Mont Garizim.<\/p>\n<p>\u2043 Les samaritains ne reconnaissent que le Pentateuque (les 5 premiers livres de la Bible) et attendent un Messie terrestre : le nouveau Mo\u00efse.<\/p>\n<p><strong>OBSERVATION-INTERPRETATION <\/strong><\/p>\n<p><strong>3-8 : La rencontre<\/strong><\/p>\n<p>\u2043 Comment imaginez-vous les femmes allant chercher de l&rsquo;eau ?<\/p>\n<p>\u2043 Est-il judicieux d&rsquo;aller chercher de l&rsquo;eau \u00e0 midi ? Pourquoi ?<\/p>\n<p>\u2043 Pourquoi cette femme vient-elle \u00e0 cette heure-ci ?<\/p>\n<p><strong>9-15 : J\u00e9sus provocateur<\/strong><\/p>\n<p>\u2043 La femme r\u00e9agit vigoureusement ! Trouvez-vous cela normal ?<\/p>\n<p>\u2043 Comment jugez-vous les r\u00e9actions\/paroles de J\u00e9sus ?<\/p>\n<p>\u2043 J\u00e9sus la fait-il tourner en bourrique ?<\/p>\n<p>\u2043 Comprend-elle le v.14 de mani\u00e8re humaine ou spirituelle ?<\/p>\n<p><strong>16-19 : Le doigt l\u00e0 o\u00f9 \u00e7a fait mal<\/strong><\/p>\n<p>\u2043 Pourquoi J\u00e9sus lui demande-t-il d&rsquo;aller chercher son mari ?<\/p>\n<p>\u2043 La situation maritale de la femme est-elle normale ?<\/p>\n<p>\u2043 Le femme se remet-elle en question ?<\/p>\n<p>\u2043 Quelle conclusion tire-t-elle de ce que dit J\u00e9sus ?<\/p>\n<p><strong>20-24 : Adorer Dieu<\/strong><\/p>\n<p>\u2043 Pose-t-elle cette question pour faire diversion ?<\/p>\n<p>\u2043 Pourquoi J\u00e9sus est-il si sec dans sa r\u00e9ponse ?<\/p>\n<p>\u2043 Que veut dire \u00ab\u00a0le Salut vient des juifs\u00a0\u00bb ?<\/p>\n<p><strong>25-30 : R\u00e9v\u00e9lation<\/strong><\/p>\n<p>\u2043 Pourquoi la samaritaine parle-t-elle du Messie ?<\/p>\n<p>\u2043 Pourquoi cette r\u00e9action des disciples ?<\/p>\n<p>\u2043 Quel est le point culminant du passage ? (v.28)<\/p>\n<p>\u2043 Qu&rsquo;est-ce qui pousse la femme \u00e0 aller en ville pour proclamer ce qui lui est arriv\u00e9 ?<\/p>\n<p><strong>APPLICATION<\/strong><\/p>\n<p>\u2043 Nos contemporains recherchent-ils eux aussi l&rsquo;eau vive ?<\/p>\n<p>\u2043 De quoi J\u00e9sus vous a-t-il\/peut-il vous lib\u00e9rer ? Quel RDV ai-je avec J\u00e9sus ?<\/p>\n<p>\u2043 Avez-vous trop honte pour demander pardon \u00e0 J\u00e9sus ?<\/p>\n<p>\u2043 Quel exemple d&rsquo;annonce de l&rsquo;\u00c9vangile avons-nous ?<\/p>\n<p>\u2043 Comment adorer \u00ab\u00a0par l&rsquo;Esprit et en V\u00e9rit\u00e9\u00a0\u00bb ?<\/p>\n","protected":false},"excerpt":{"rendered":"<p>J\u00e9sus va du Jud\u00e9e (sud) vers la Galil\u00e9 (nord), le chemin le plus court consiste \u00e0 passer par la Samarie (plein centre). Le probl\u00e8me c&rsquo;est que les juifs et les samaritains ne s&rsquo;aiment pas du tout&#8230; aussi les juifs s&rsquo;arrangeaient pour contourner cette r\u00e9gion. J\u00e9sus, Lui, passe quand m\u00eame ! Comme s&rsquo;il voulait absolument rencontrer [&hellip;]<\/p>\n","protected":false},"author":3,"featured_media":1995,"comment_status":"open","ping_status":"closed","sticky":false,"template":"","format":"standard","meta":{"_acf_changed":false,"_eb_attr":"","advgb_blocks_editor_width":"","advgb_blocks_columns_visual_guide":"","footnotes":""},"categories":[10],"tags":[651,131,23],"video":[],"audio":[],"ecrit":[],"mis-en-avant":[],"redacteur":[],"type-darticle":[],"class_list":["post-992","post","type-post","status-publish","format-standard","has-post-thumbnail","hentry","category-discussions-autour-de-la-bible","tag-ecrit","tag-jean","tag-nouveau-testament"],"blocksy_meta":[],"acf":[],"featured_image_src":"https:\/\/www.creusonslabible.fr\/wp-content\/uploads\/2012\/12\/samaritaine-1.jpg","author_info":{"display_name":"Yoh","author_link":"https:\/\/www.creusonslabible.fr\/?author=3"},"author_meta":{"display_name":"Yoh","author_link":"https:\/\/www.creusonslabible.fr\/?author=3"},"featured_img":"https:\/\/www.creusonslabible.fr\/wp-content\/uploads\/2012\/12\/samaritaine-1.jpg","coauthors":[],"tax_additional":{"categories":{"linked":["<a href=\"https:\/\/www.creusonslabible.fr\/?cat=10\" class=\"advgb-post-tax-term\">Discussions autour de la Bible<\/a>"],"unlinked":["<span class=\"advgb-post-tax-term\">Discussions autour de la Bible<\/span>"]},"tags":{"linked":["<a href=\"https:\/\/www.creusonslabible.fr\/?cat=10\" class=\"advgb-post-tax-term\">\u00e9crit<\/a>","<a href=\"https:\/\/www.creusonslabible.fr\/?cat=10\" class=\"advgb-post-tax-term\">Jean<\/a>","<a href=\"https:\/\/www.creusonslabible.fr\/?cat=10\" class=\"advgb-post-tax-term\">Nouveau-Testament<\/a>"],"unlinked":["<span class=\"advgb-post-tax-term\">\u00e9crit<\/span>","<span class=\"advgb-post-tax-term\">Jean<\/span>","<span class=\"advgb-post-tax-term\">Nouveau-Testament<\/span>"]}},"comment_count":"0","relative_dates":{"created":"Publi\u00e9 13 ans il y a","modified":"Mis \u00e0 jour 1 an il y a"},"absolute_dates":{"created":"Publi\u00e9 le 13 d\u00e9cembre 2012","modified":"Mise \u00e0 jour le 24 janvier 2025"},"absolute_dates_time":{"created":"Publi\u00e9 le 13 d\u00e9cembre 2012 9h38","modified":"Mise \u00e0 jour le 24 janvier 2025 11h28"},"featured_img_caption":"","series_order":"","meta_box":[],"_links":{"self":[{"href":"https:\/\/www.creusonslabible.fr\/index.php?rest_route=\/wp\/v2\/posts\/992","targetHints":{"allow":["GET"]}}],"collection":[{"href":"https:\/\/www.creusonslabible.fr\/index.php?rest_route=\/wp\/v2\/posts"}],"about":[{"href":"https:\/\/www.creusonslabible.fr\/index.php?rest_route=\/wp\/v2\/types\/post"}],"author":[{"embeddable":true,"href":"https:\/\/www.creusonslabible.fr\/index.php?rest_route=\/wp\/v2\/users\/3"}],"replies":[{"embeddable":true,"href":"https:\/\/www.creusonslabible.fr\/index.php?rest_route=%2Fwp%2Fv2%2Fcomments&post=992"}],"version-history":[{"count":1,"href":"https:\/\/www.creusonslabible.fr\/index.php?rest_route=\/wp\/v2\/posts\/992\/revisions"}],"predecessor-version":[{"id":10935,"href":"https:\/\/www.creusonslabible.fr\/index.php?rest_route=\/wp\/v2\/posts\/992\/revisions\/10935"}],"wp:featuredmedia":[{"embeddable":true,"href":"https:\/\/www.creusonslabible.fr\/index.php?rest_route=\/wp\/v2\/media\/1995"}],"wp:attachment":[{"href":"https:\/\/www.creusonslabible.fr\/index.php?rest_route=%2Fwp%2Fv2%2Fmedia&parent=992"}],"wp:term":[{"taxonomy":"category","embeddable":true,"href":"https:\/\/www.creusonslabible.fr\/index.php?rest_route=%2Fwp%2Fv2%2Fcategories&post=992"},{"taxonomy":"post_tag","embeddable":true,"href":"https:\/\/www.creusonslabible.fr\/index.php?rest_route=%2Fwp%2Fv2%2Ftags&post=992"},{"taxonomy":"video","embeddable":true,"href":"https:\/\/www.creusonslabible.fr\/index.php?rest_route=%2Fwp%2Fv2%2Fvideo&post=992"},{"taxonomy":"audio","embeddable":true,"href":"https:\/\/www.creusonslabible.fr\/index.php?rest_route=%2Fwp%2Fv2%2Faudio&post=992"},{"taxonomy":"ecrit","embeddable":true,"href":"https:\/\/www.creusonslabible.fr\/index.php?rest_route=%2Fwp%2Fv2%2Fecrit&post=992"},{"taxonomy":"mis-en-avant","embeddable":true,"href":"https:\/\/www.creusonslabible.fr\/index.php?rest_route=%2Fwp%2Fv2%2Fmis-en-avant&post=992"},{"taxonomy":"redacteur","embeddable":true,"href":"https:\/\/www.creusonslabible.fr\/index.php?rest_route=%2Fwp%2Fv2%2Fredacteur&post=992"},{"taxonomy":"type-darticle","embeddable":true,"href":"https:\/\/www.creusonslabible.fr\/index.php?rest_route=%2Fwp%2Fv2%2Ftype-darticle&post=992"}],"curies":[{"name":"wp","href":"https:\/\/api.w.org\/{rel}","templated":true}]}}