{"id":9923,"date":"2024-10-03T14:09:58","date_gmt":"2024-10-03T12:09:58","guid":{"rendered":"https:\/\/www.creusonslabible.fr\/?p=9923"},"modified":"2024-10-12T12:09:01","modified_gmt":"2024-10-12T10:09:01","slug":"avez-vous-peur-2","status":"publish","type":"post","link":"https:\/\/www.creusonslabible.fr\/?p=9923","title":{"rendered":"Avez-vous peur ? (2)"},"content":{"rendered":"\n<h4 class=\"wp-block-heading\"><strong><u>Marc <\/u><\/strong>5.1-20 <strong><u>Les habitants de G\u00e9rasa&nbsp;: La peur et le c\u0153ur mal plac\u00e9<\/u><\/strong><\/h4>\n\n\n\n<p>Apr\u00e8s les p\u00e9rip\u00e9ties sur le lac, les disciples arrivent avec J\u00e9sus de l\u2019autre c\u00f4t\u00e9 \u00e0 Gadara ou G\u00e9rasa. Malgr\u00e9 l\u2019incertitude de la ville exacte, on sait qu\u2019il s\u2019agissait d\u2019une ville non-juive de la D\u00e9capole (ensemble de dix villes qui formaient une ligne \u00e0 l\u2019est du Jourdain).<\/p>\n\n\n\n<p>Dans notre texte, on constate la pr\u00e9sence d\u2019\u00e9levage de porc, ce qui confirme le caract\u00e8re non-juif de la ville.<\/p>\n\n\n\n<p>J\u00e9sus et ses disciples arrivent sur ce rivage et tombent sur un homme (enfin, ce qu\u2019il en &nbsp;reste)&nbsp;: il habite dans les tombeaux, il crie et se mutile. Il est tr\u00e8s violent avec lui et avec les autres. On doit r\u00e9guli\u00e8rement l\u2019attacher avec des cha\u00eenes, mais il est si fort et si v\u00e9h\u00e9ment qu\u2019il arrive m\u00eame \u00e0 casser ses liens. Il fait peur \u00e0 tout le monde et on imagine que, lui aussi, vit dans la peur.<\/p>\n\n\n\n<p>Marc prend son temps pour nous d\u00e9crire les conditions de vie du poss\u00e9d\u00e9 afin de nous pousser \u00e0 la compassion. On veut que J\u00e9sus intervienne, qu\u2019il d\u00e9barrasse ce pauvre homme de l\u2019esprit impur nomm\u00e9 \u00ab&nbsp;l\u00e9gion&nbsp;\u00bb (parce que les d\u00e9mons qui l\u2019habitent sont nombreux).<\/p>\n\n\n\n<p>Mais la peur dont parle ce texte n\u2019est pas principalement celle produite par les d\u00e9mons et le poss\u00e9d\u00e9 mais plut\u00f4t celle que produit J\u00e9sus.<\/p>\n\n\n\n<p>J\u00e9sus fait peur aux d\u00e9mons. La fa\u00e7on dont ils interpellent J\u00e9sus montre d\u00e9j\u00e0 qu\u2019ils le craignent&nbsp;: ils ont peur de ce que J\u00e9sus, le Tr\u00e8s Haut, peut leur faire. Ils ont bien raison, car J\u00e9sus, le Fils de Dieu, pourrait pr\u00e9cipiter ou anticiper leur ruine finale et les d\u00e9truire enti\u00e8rement. Les d\u00e9mons savent que le jour du jugement, lorsque la libert\u00e9 relative dont ils jouissent maintenant se terminera, sera pour eux un ch\u00e2timent final et terrible. Ils ont peur de cela et demandent \u00e0 J\u00e9sus un d\u00e9lai.<\/p>\n\n\n\n<p>Mais J\u00e9sus fait aussi peur aux habitants de la ville qui sont terrifi\u00e9s \u00e0 la vue du miracle et ils lui demandent de partir. Pourquoi ont-ils si peur de J\u00e9sus alors qu\u2019\u00e0 priori, il vient de mettre un terme \u00e0 une situation qui terrorisait toute la ville&nbsp;?<\/p>\n\n\n\n<p>Parce que leur c\u0153ur n\u2019est pas plac\u00e9 au bon endroit.<\/p>\n\n\n\n<h4 class=\"wp-block-heading\"><strong><u>Remplacer une d\u00e9pendance par une autre<\/u><\/strong><\/h4>\n\n\n\n<p>A la lecture, on est \u00e9tonn\u00e9 que J\u00e9sus acc\u00e8de \u00e0 la demande des d\u00e9mons. Depuis quand Dieu est conciliant et bienveillant avec les d\u00e9mons&nbsp;?&nbsp; Certes, ils finissent par se noyer et sont finalement an\u00e9antis, mais pourquoi ne pas les an\u00e9antir directement&nbsp;?<\/p>\n\n\n\n<p>Il semble que cela a pour but de mettre en valeur le fait que les habitants de G\u00e9rasa ont plus peur du manque \u00e0 gagner financier, que des d\u00e9mons. Ils n\u2019ont pas de compassion pour le jeune homme. J\u00e9sus leur fait peur parce qu\u2019il va changer les conditions mat\u00e9rielles de leur vie, ce dont ils sont totalement d\u00e9pendants et cela les effraie. Si on leur enl\u00e8ve leurs revenus (leurs porcs), ils ne sont plus rien. La sant\u00e9 mentale de l\u2019homme n\u2019est rien pour eux par rapport \u00e0 cette peur de manquer, par rapport \u00e0 leur d\u00e9pendance \u00e0 l\u2019argent.<\/p>\n\n\n\n<p>Ils n\u2019ont pas le c\u0153ur plac\u00e9 au bon endroit et par cons\u00e9quent, ils n\u2019ont pas peur des bonnes choses.<\/p>\n\n\n\n<p>Pensez \u00e0 ce qui vous fait peur. Qu\u2019est-ce que cela dit de votre c\u0153ur&nbsp;?<\/p>\n\n\n\n<p>Pensez \u00e0 ce que vous avez peur de perdre, est-ce que votre attachement \u00e0 cela est plus fort que votre attachement \u00e0 Dieu&nbsp;?<\/p>\n\n\n\n<p>Pensez \u00e0 ce qui vous fait vous sentir en danger, est-ce que vous pensez que cette chose est vraiment plus puissante que Dieu&nbsp;?<\/p>\n\n\n\n<p>Nos peurs r\u00e9v\u00e8lent nos idoles et elles r\u00e9v\u00e8lent souvent que notre c\u0153ur n\u2019est pas plac\u00e9 au bon endroit.<\/p>\n\n\n\n<p>Si notre c\u0153ur appartient d\u2019abord et totalement \u00e0 Dieu, alors nous pouvons dire comme David&nbsp;:<\/p>\n\n\n\n<blockquote class=\"wp-block-quote is-layout-flow wp-block-quote-is-layout-flow\">\n<p>\u00ab&nbsp;L\u2019\u00c9ternel est ma lumi\u00e8re et mon salut : de qui aurais-je peur ? L\u2019\u00c9ternel est le soutien de ma vie : qui devrais-je redouter ? Si une arm\u00e9e prend position contre moi, mon c\u0153ur n\u2019\u00e9prouve aucune crainte. Si une guerre s\u2019\u00e9l\u00e8ve contre moi, je reste malgr\u00e9 cela plein de confiance. M\u00eame si mon p\u00e8re et ma m\u00e8re viennent \u00e0 m\u2019abandonner, l\u2019\u00c9ternel m\u2019accueillera. Oh ! si je n\u2019\u00e9tais pas s\u00fbr de voir la bont\u00e9 de l\u2019\u00c9ternel au pays des vivants \u2026 <\/p>\n\n\n\n<p>Esp\u00e8re en l\u2019\u00c9ternel ! Fortifie-toi et que ton c\u0153ur s\u2019affermisse ! Esp\u00e8re en l\u2019\u00c9ternel !&nbsp;\u00bb<\/p>\n\n\n\n<p><a href=\"https:\/\/biblia.com\/bible\/lsg\/Ps%2027.1?culture=fr\" target=\"_blank\" rel=\"noreferrer noopener\">Psaume 27.1<\/a>,<a href=\"https:\/\/biblia.com\/bible\/lsg\/Psaume%2027.3?culture=fr\" target=\"_blank\" rel=\"noreferrer noopener\">3<\/a>,<a href=\"https:\/\/biblia.com\/bible\/lsg\/Psaume%2027.10?culture=fr\" target=\"_blank\" rel=\"noreferrer noopener\">10<\/a>,<a href=\"https:\/\/biblia.com\/bible\/lsg\/Psaume%2027.13%E2%80%9314?culture=fr\" target=\"_blank\" rel=\"noreferrer noopener\">13\u201314<\/a>.<\/p>\n<\/blockquote>\n\n\n\n<p>Nos peurs viennent de nos d\u00e9pendances, de ce qui est primordial pour notre c\u0153ur. Si nous d\u00e9pendons que de l\u2019\u00c9ternel, nous aurons moins peur.<\/p>\n\n\n\n<h4 class=\"wp-block-heading\">Toute la s\u00e9rie de m\u00e9ditations<\/h4>\n\n\n\n<p><a href=\"https:\/\/www.creusonslabible.fr\/?p=9903\">Avez-vous peur (1)<\/a><\/p>\n\n\n\n<p>Avez-vous peur (2) (vous y \u00eates)<\/p>\n\n\n\n<p><a href=\"https:\/\/www.creusonslabible.fr\/?p=9934\">Avez-vous peur (3)<\/a><\/p>\n\n\n\n<p><\/p>\n","protected":false},"excerpt":{"rendered":"<p>Marc 5.1-20 Les habitants de G\u00e9rasa&nbsp;: La peur et le c\u0153ur mal plac\u00e9 Apr\u00e8s les p\u00e9rip\u00e9ties sur le lac, les disciples arrivent avec J\u00e9sus de l\u2019autre c\u00f4t\u00e9 \u00e0 Gadara ou G\u00e9rasa. Malgr\u00e9 l\u2019incertitude de la ville exacte, on sait qu\u2019il s\u2019agissait d\u2019une ville non-juive de la D\u00e9capole (ensemble de dix villes qui formaient une ligne [&hellip;]<\/p>\n","protected":false},"author":1,"featured_media":9925,"comment_status":"open","ping_status":"open","sticky":false,"template":"","format":"standard","meta":{"_acf_changed":false,"_eb_attr":"","advgb_blocks_editor_width":"","advgb_blocks_columns_visual_guide":"","footnotes":""},"categories":[16],"tags":[651,64,695,23,1141],"video":[],"audio":[],"ecrit":[],"mis-en-avant":[],"redacteur":[],"type-darticle":[],"class_list":["post-9923","post","type-post","status-publish","format-standard","has-post-thumbnail","hentry","category-meditations-bibliques","tag-ecrit","tag-jesus","tag-marc","tag-nouveau-testament","tag-porc"],"blocksy_meta":[],"acf":[],"featured_image_src":"https:\/\/www.creusonslabible.fr\/wp-content\/uploads\/2024\/10\/pelskgra2nu.jpg","author_info":{"display_name":"admin","author_link":"https:\/\/www.creusonslabible.fr\/?author=1"},"author_meta":{"display_name":"admin","author_link":"https:\/\/www.creusonslabible.fr\/?author=1"},"featured_img":"https:\/\/www.creusonslabible.fr\/wp-content\/uploads\/2024\/10\/pelskgra2nu-300x200.jpg","coauthors":[],"tax_additional":{"categories":{"linked":["<a href=\"https:\/\/www.creusonslabible.fr\/?cat=16\" class=\"advgb-post-tax-term\">M\u00e9ditations bibliques<\/a>"],"unlinked":["<span class=\"advgb-post-tax-term\">M\u00e9ditations bibliques<\/span>"]},"tags":{"linked":["<a href=\"https:\/\/www.creusonslabible.fr\/?cat=16\" class=\"advgb-post-tax-term\">\u00e9crit<\/a>","<a href=\"https:\/\/www.creusonslabible.fr\/?cat=16\" class=\"advgb-post-tax-term\">J\u00e9sus<\/a>","<a href=\"https:\/\/www.creusonslabible.fr\/?cat=16\" class=\"advgb-post-tax-term\">Marc<\/a>","<a href=\"https:\/\/www.creusonslabible.fr\/?cat=16\" class=\"advgb-post-tax-term\">Nouveau-Testament<\/a>","<a href=\"https:\/\/www.creusonslabible.fr\/?cat=16\" class=\"advgb-post-tax-term\">porc<\/a>"],"unlinked":["<span class=\"advgb-post-tax-term\">\u00e9crit<\/span>","<span class=\"advgb-post-tax-term\">J\u00e9sus<\/span>","<span class=\"advgb-post-tax-term\">Marc<\/span>","<span class=\"advgb-post-tax-term\">Nouveau-Testament<\/span>","<span class=\"advgb-post-tax-term\">porc<\/span>"]}},"comment_count":"0","relative_dates":{"created":"Publi\u00e9 2 ans il y a","modified":"Mis \u00e0 jour 2 ans il y a"},"absolute_dates":{"created":"Publi\u00e9 le 3 octobre 2024","modified":"Mise \u00e0 jour le 12 octobre 2024"},"absolute_dates_time":{"created":"Publi\u00e9 le 3 octobre 2024 14h09","modified":"Mise \u00e0 jour le 12 octobre 2024 12h09"},"featured_img_caption":"","series_order":"","meta_box":[],"_links":{"self":[{"href":"https:\/\/www.creusonslabible.fr\/index.php?rest_route=\/wp\/v2\/posts\/9923","targetHints":{"allow":["GET"]}}],"collection":[{"href":"https:\/\/www.creusonslabible.fr\/index.php?rest_route=\/wp\/v2\/posts"}],"about":[{"href":"https:\/\/www.creusonslabible.fr\/index.php?rest_route=\/wp\/v2\/types\/post"}],"author":[{"embeddable":true,"href":"https:\/\/www.creusonslabible.fr\/index.php?rest_route=\/wp\/v2\/users\/1"}],"replies":[{"embeddable":true,"href":"https:\/\/www.creusonslabible.fr\/index.php?rest_route=%2Fwp%2Fv2%2Fcomments&post=9923"}],"version-history":[{"count":5,"href":"https:\/\/www.creusonslabible.fr\/index.php?rest_route=\/wp\/v2\/posts\/9923\/revisions"}],"predecessor-version":[{"id":9935,"href":"https:\/\/www.creusonslabible.fr\/index.php?rest_route=\/wp\/v2\/posts\/9923\/revisions\/9935"}],"wp:featuredmedia":[{"embeddable":true,"href":"https:\/\/www.creusonslabible.fr\/index.php?rest_route=\/wp\/v2\/media\/9925"}],"wp:attachment":[{"href":"https:\/\/www.creusonslabible.fr\/index.php?rest_route=%2Fwp%2Fv2%2Fmedia&parent=9923"}],"wp:term":[{"taxonomy":"category","embeddable":true,"href":"https:\/\/www.creusonslabible.fr\/index.php?rest_route=%2Fwp%2Fv2%2Fcategories&post=9923"},{"taxonomy":"post_tag","embeddable":true,"href":"https:\/\/www.creusonslabible.fr\/index.php?rest_route=%2Fwp%2Fv2%2Ftags&post=9923"},{"taxonomy":"video","embeddable":true,"href":"https:\/\/www.creusonslabible.fr\/index.php?rest_route=%2Fwp%2Fv2%2Fvideo&post=9923"},{"taxonomy":"audio","embeddable":true,"href":"https:\/\/www.creusonslabible.fr\/index.php?rest_route=%2Fwp%2Fv2%2Faudio&post=9923"},{"taxonomy":"ecrit","embeddable":true,"href":"https:\/\/www.creusonslabible.fr\/index.php?rest_route=%2Fwp%2Fv2%2Fecrit&post=9923"},{"taxonomy":"mis-en-avant","embeddable":true,"href":"https:\/\/www.creusonslabible.fr\/index.php?rest_route=%2Fwp%2Fv2%2Fmis-en-avant&post=9923"},{"taxonomy":"redacteur","embeddable":true,"href":"https:\/\/www.creusonslabible.fr\/index.php?rest_route=%2Fwp%2Fv2%2Fredacteur&post=9923"},{"taxonomy":"type-darticle","embeddable":true,"href":"https:\/\/www.creusonslabible.fr\/index.php?rest_route=%2Fwp%2Fv2%2Ftype-darticle&post=9923"}],"curies":[{"name":"wp","href":"https:\/\/api.w.org\/{rel}","templated":true}]}}