{"id":9934,"date":"2024-10-14T15:56:54","date_gmt":"2024-10-14T13:56:54","guid":{"rendered":"https:\/\/www.creusonslabible.fr\/?p=9934"},"modified":"2024-10-14T16:13:33","modified_gmt":"2024-10-14T14:13:33","slug":"avez-vous-peur-3","status":"publish","type":"post","link":"https:\/\/www.creusonslabible.fr\/?p=9934","title":{"rendered":"Avez-vous peur\u00a0? (3)"},"content":{"rendered":"\n<h2 class=\"wp-block-heading\"><strong><u>Marc <\/u><\/strong>5.21-43 &#8211; <strong><u>Ja\u00efrus et la femme malade&nbsp;: La peur, la foi et les besoins<\/u><\/strong><\/h2>\n\n\n\n<p>Apr\u00e8s la gu\u00e9rison du d\u00e9moniaque, J\u00e9sus et ses disciples repartent en territoire juif et reviennent \u00e0 Caperna\u00fcm. A peine arriv\u00e9s, une foule se rassemble autour d\u2019eux et un des responsables de la synagogue, Ja\u00efrus, arrive pour demander \u00e0 J\u00e9sus de gu\u00e9rir sa fille qui est mourante.<\/p>\n\n\n\n<p>En r\u00e9alit\u00e9, cet \u00e9pisode rassemble deux histoires imbriqu\u00e9es. D\u2019abord celle de Ja\u00efrus, homme connu et respect\u00e9, qui semble \u00e9mouvoir tout le monde \u00e0 cause de sa fille unique qui n\u2019a que douze ans et qui est malade. Puis l\u2019histoire de cette femme, inconnue et m\u00e9pris\u00e9e, dont tout le monde ignore la pr\u00e9sence, malade de pertes de sang depuis douze ans.<\/p>\n\n\n\n<p>Dans ce texte, les peurs sont bien pr\u00e9sentes.<\/p>\n\n\n\n<p>Ja\u00efrus, d\u2019abord, passe de la foi \u00e0 la peur, puis on esp\u00e8re de nouveau \u00e0 la foi. Quand Ja\u00efrus vient voir J\u00e9sus au d\u00e9but du texte, on le sent stress\u00e9, press\u00e9 mais totalement confiant dans le fait que J\u00e9sus peut sauver son enfant. Sa foi fait taire sa peur.<\/p>\n\n\n\n<p>Sa foi est r\u00e9compens\u00e9e&nbsp;: J\u00e9sus va avec lui trouver sa fille. Mais l\u2019interruption avec cette femme malade leur fait perdre du temps et sa fille meurt. La peur de Ja\u00efrus revient en force&nbsp;: elle fait taire sa foi et J\u00e9sus doit le rassurer&nbsp;: \u00ab&nbsp;N\u2019aie pas peur, croit seulement&nbsp;\u00bb, ou autrement dit&nbsp;: laisse ta foi reprendre le pas sur ta peur.<\/p>\n\n\n\n<p>On peut avoir la foi et la peur en m\u00eame temps, mais soit la foi est plus grande, soit la peur est plus grande.<\/p>\n\n\n\n<p>On retrouve le m\u00eame paradoxe avec cette femme malade. Elle a peur de demander de l\u2019aide directement \u00e0 J\u00e9sus, contrairement \u00e0 Ja\u00efrus, parce que si elle croit bien que J\u00e9sus peut la sauver, elle craint \u00e9galement d\u2019\u00eatre rejet\u00e9e par lui. Et s\u2019il refusait de la toucher&nbsp;? De s\u2019approcher d\u2019elle&nbsp;? De la regarder dans les yeux&nbsp;?<\/p>\n\n\n\n<p>Et m\u00eame une fois gu\u00e9rie, elle a peur d\u2019assumer devant J\u00e9sus et les autres que c\u2019est elle qui a touch\u00e9 J\u00e9sus. Il faut que J\u00e9sus insiste pour qu\u2019elle dise \u00ab&nbsp;c\u2019est moi&nbsp;!&nbsp;\u00bb.<\/p>\n\n\n\n<p>Elle a foi dans la puissance de J\u00e9sus mais elle a peur que, comme la foule qui le fait depuis des ann\u00e9es, J\u00e9sus la rejette et reprenne sa gu\u00e9rison comme un cadeau qu\u2019elle ne m\u00e9ritait pas.<\/p>\n\n\n\n<p><strong><u>Combler nos besoins par J\u00e9sus<\/u><\/strong><\/p>\n\n\n\n<p>Ce qui est frappant dans ce texte, c\u2019est la fa\u00e7on dont J\u00e9sus agit diff\u00e9remment avec Ja\u00efrus et avec la femme. Il pousse la femme \u00e0 prendre la parole devant tout le monde pour que le miracle soit public, mais il pousse Ja\u00efrus et sa famille \u00e0 s\u2019enfermer dans le secret de leur maison pour que le miracle soit priv\u00e9. Pourquoi&nbsp;? Pour les aider \u00e0 affronter leurs peurs et \u00e0 exercer leur foi. J\u00e9sus va r\u00e9pondre \u00e0 leurs besoins sp\u00e9cifiques car ils sont diff\u00e9rents.<\/p>\n\n\n\n<p>Cette femme qui a v\u00e9cu douze ans marginalis\u00e9e, a besoin d\u2019\u00eatre r\u00e9tablie publiquement. Elle qui avait si peur du rejet, a besoin d\u2019entendre J\u00e9sus l\u2019appeler \u00ab&nbsp;ma fille&nbsp;\u00bb devant tout le monde. Elle qui avait tellement \u00e9t\u00e9 ignor\u00e9e, a besoin de regarder les gens en face et de se sentir digne.<\/p>\n\n\n\n<p>Ja\u00efrus va vers J\u00e9sus parce qu\u2019il a peur de perdre sa fille. C\u2019est sa fille unique, son tr\u00e9sor. Lui qui est un leader de la ville, qui a toujours v\u00e9cu sous les projecteurs, a besoin d\u2019intimit\u00e9, notamment avec sa famille et c\u2019est ce que J\u00e9sus lui offre en faisant sortir tout le monde et en le laissant vivre un moment privil\u00e9gi\u00e9 avec sa femme et sa fille gu\u00e9rie.<\/p>\n\n\n\n<p>Nos peurs viennent de nos besoins. Au besoin d\u2019amour correspond la peur d\u2019\u00eatre abandonn\u00e9. Au besoin de reconnaissance correspond la peur d\u2019\u00eatre rejet\u00e9. Au besoin de s\u00e9curit\u00e9 correspond la peur d\u2019\u00eatre malmen\u00e9. Au besoin d\u2019autonomie correspond la peur d\u2019\u00eatre d\u00e9bord\u00e9. A besoin d\u2019intimit\u00e9 correspond la peur de la perte. Au besoin de cr\u00e9ativit\u00e9 correspond la peur de l\u2019enfermement.<\/p>\n\n\n\n<p>Bref, nos peurs viennent de nos besoins non combl\u00e9s.<\/p>\n\n\n\n<p>La femme avait peur du rejet parce qu\u2019elle avait besoin de reconnaissance, d\u2019\u00eatre vue, chose qui lui \u00e9tait refus\u00e9e depuis douze ans, sa maladie la rendant impure et invisible. Comment J\u00e9sus la d\u00e9livre de sa peur&nbsp;? Il r\u00e9pond \u00e0 son besoin en la regardant dans les yeux et en lui disant devant tout le monde&nbsp;: \u00ab&nbsp;ma fille&nbsp;\u00bb.<\/p>\n\n\n\n<p>Ja\u00efrus avait peur de perdre sa fille, sa petite, son unique et cette peur \u00e9tait li\u00e9e \u00e0 son besoin d\u2019intimit\u00e9 qu\u2019il ne pouvait que tr\u00e8s peu combler \u00e9tant un personnage public. Comment J\u00e9sus le d\u00e9livre de sa peur&nbsp;? Il sauve sa fille et il lui donne l\u2019occasion de vivre cette intimit\u00e9, en famille et avec lui.<\/p>\n\n\n\n<p>J\u00e9sus nous d\u00e9livre de nos peurs en r\u00e9pondant aux besoins qui fabriquent nos peurs.<\/p>\n\n\n\n<p>Quels sont les besoins derri\u00e8res vos peurs&nbsp;? Comment J\u00e9sus peut r\u00e9pondre \u00e0 ces besoins&nbsp;? Allez-vous le laisser r\u00e9pondre \u00e0 vos besoins et croire vraiment qu\u2019il peut vous donner ce dont vous avez besoin&nbsp;?<\/p>\n\n\n\n<h4 class=\"wp-block-heading\">Toute la s\u00e9rie de m\u00e9ditations<\/h4>\n\n\n\n<p><a href=\"https:\/\/www.creusonslabible.fr\/?p=9903\">Avez-vous peur (1) <\/a><\/p>\n\n\n\n<p><a href=\"https:\/\/www.creusonslabible.fr\/?p=9923\">Avez-vous peur (2) <\/a><\/p>\n\n\n\n<p>Avez-vous peur (3) (vous y \u00eates)<\/p>\n","protected":false},"excerpt":{"rendered":"<p>Marc 5.21-43 &#8211; Ja\u00efrus et la femme malade&nbsp;: La peur, la foi et les besoins Apr\u00e8s la gu\u00e9rison du d\u00e9moniaque, J\u00e9sus et ses disciples repartent en territoire juif et reviennent \u00e0 Caperna\u00fcm. A peine arriv\u00e9s, une foule se rassemble autour d\u2019eux et un des responsables de la synagogue, Ja\u00efrus, arrive pour demander \u00e0 J\u00e9sus de [&hellip;]<\/p>\n","protected":false},"author":1,"featured_media":9946,"comment_status":"open","ping_status":"open","sticky":false,"template":"","format":"standard","meta":{"_acf_changed":false,"_eb_attr":"","advgb_blocks_editor_width":"","advgb_blocks_columns_visual_guide":"","footnotes":""},"categories":[16],"tags":[651,1142,64,695,23,231],"video":[],"audio":[],"ecrit":[],"mis-en-avant":[],"redacteur":[],"type-darticle":[],"class_list":["post-9934","post","type-post","status-publish","format-standard","has-post-thumbnail","hentry","category-meditations-bibliques","tag-ecrit","tag-jairus","tag-jesus","tag-marc","tag-nouveau-testament","tag-peur"],"blocksy_meta":[],"acf":[],"featured_image_src":"https:\/\/www.creusonslabible.fr\/wp-content\/uploads\/2024\/10\/90ca2b5e-52dc-440e-a2b4-f120f24fc059.jpg","author_info":{"display_name":"admin","author_link":"https:\/\/www.creusonslabible.fr\/?author=1"},"author_meta":{"display_name":"admin","author_link":"https:\/\/www.creusonslabible.fr\/?author=1"},"featured_img":"https:\/\/www.creusonslabible.fr\/wp-content\/uploads\/2024\/10\/90ca2b5e-52dc-440e-a2b4-f120f24fc059-300x200.jpg","coauthors":[],"tax_additional":{"categories":{"linked":["<a href=\"https:\/\/www.creusonslabible.fr\/?cat=16\" class=\"advgb-post-tax-term\">M\u00e9ditations bibliques<\/a>"],"unlinked":["<span class=\"advgb-post-tax-term\">M\u00e9ditations bibliques<\/span>"]},"tags":{"linked":["<a href=\"https:\/\/www.creusonslabible.fr\/?cat=16\" class=\"advgb-post-tax-term\">\u00e9crit<\/a>","<a href=\"https:\/\/www.creusonslabible.fr\/?cat=16\" class=\"advgb-post-tax-term\">Ja\u00efrus<\/a>","<a href=\"https:\/\/www.creusonslabible.fr\/?cat=16\" class=\"advgb-post-tax-term\">J\u00e9sus<\/a>","<a href=\"https:\/\/www.creusonslabible.fr\/?cat=16\" class=\"advgb-post-tax-term\">Marc<\/a>","<a href=\"https:\/\/www.creusonslabible.fr\/?cat=16\" class=\"advgb-post-tax-term\">Nouveau-Testament<\/a>","<a href=\"https:\/\/www.creusonslabible.fr\/?cat=16\" class=\"advgb-post-tax-term\">peur<\/a>"],"unlinked":["<span class=\"advgb-post-tax-term\">\u00e9crit<\/span>","<span class=\"advgb-post-tax-term\">Ja\u00efrus<\/span>","<span class=\"advgb-post-tax-term\">J\u00e9sus<\/span>","<span class=\"advgb-post-tax-term\">Marc<\/span>","<span class=\"advgb-post-tax-term\">Nouveau-Testament<\/span>","<span class=\"advgb-post-tax-term\">peur<\/span>"]}},"comment_count":"0","relative_dates":{"created":"Publi\u00e9 2 ans il y a","modified":"Mis \u00e0 jour 2 ans il y a"},"absolute_dates":{"created":"Publi\u00e9 le 14 octobre 2024","modified":"Mise \u00e0 jour le 14 octobre 2024"},"absolute_dates_time":{"created":"Publi\u00e9 le 14 octobre 2024 15h56","modified":"Mise \u00e0 jour le 14 octobre 2024 16h13"},"featured_img_caption":"","series_order":"","meta_box":[],"_links":{"self":[{"href":"https:\/\/www.creusonslabible.fr\/index.php?rest_route=\/wp\/v2\/posts\/9934","targetHints":{"allow":["GET"]}}],"collection":[{"href":"https:\/\/www.creusonslabible.fr\/index.php?rest_route=\/wp\/v2\/posts"}],"about":[{"href":"https:\/\/www.creusonslabible.fr\/index.php?rest_route=\/wp\/v2\/types\/post"}],"author":[{"embeddable":true,"href":"https:\/\/www.creusonslabible.fr\/index.php?rest_route=\/wp\/v2\/users\/1"}],"replies":[{"embeddable":true,"href":"https:\/\/www.creusonslabible.fr\/index.php?rest_route=%2Fwp%2Fv2%2Fcomments&post=9934"}],"version-history":[{"count":1,"href":"https:\/\/www.creusonslabible.fr\/index.php?rest_route=\/wp\/v2\/posts\/9934\/revisions"}],"predecessor-version":[{"id":9938,"href":"https:\/\/www.creusonslabible.fr\/index.php?rest_route=\/wp\/v2\/posts\/9934\/revisions\/9938"}],"wp:featuredmedia":[{"embeddable":true,"href":"https:\/\/www.creusonslabible.fr\/index.php?rest_route=\/wp\/v2\/media\/9946"}],"wp:attachment":[{"href":"https:\/\/www.creusonslabible.fr\/index.php?rest_route=%2Fwp%2Fv2%2Fmedia&parent=9934"}],"wp:term":[{"taxonomy":"category","embeddable":true,"href":"https:\/\/www.creusonslabible.fr\/index.php?rest_route=%2Fwp%2Fv2%2Fcategories&post=9934"},{"taxonomy":"post_tag","embeddable":true,"href":"https:\/\/www.creusonslabible.fr\/index.php?rest_route=%2Fwp%2Fv2%2Ftags&post=9934"},{"taxonomy":"video","embeddable":true,"href":"https:\/\/www.creusonslabible.fr\/index.php?rest_route=%2Fwp%2Fv2%2Fvideo&post=9934"},{"taxonomy":"audio","embeddable":true,"href":"https:\/\/www.creusonslabible.fr\/index.php?rest_route=%2Fwp%2Fv2%2Faudio&post=9934"},{"taxonomy":"ecrit","embeddable":true,"href":"https:\/\/www.creusonslabible.fr\/index.php?rest_route=%2Fwp%2Fv2%2Fecrit&post=9934"},{"taxonomy":"mis-en-avant","embeddable":true,"href":"https:\/\/www.creusonslabible.fr\/index.php?rest_route=%2Fwp%2Fv2%2Fmis-en-avant&post=9934"},{"taxonomy":"redacteur","embeddable":true,"href":"https:\/\/www.creusonslabible.fr\/index.php?rest_route=%2Fwp%2Fv2%2Fredacteur&post=9934"},{"taxonomy":"type-darticle","embeddable":true,"href":"https:\/\/www.creusonslabible.fr\/index.php?rest_route=%2Fwp%2Fv2%2Ftype-darticle&post=9934"}],"curies":[{"name":"wp","href":"https:\/\/api.w.org\/{rel}","templated":true}]}}