{"id":999,"date":"2012-12-13T09:47:38","date_gmt":"2012-12-13T09:47:38","guid":{"rendered":"http:\/\/elearning.gbu.fr\/?p=999"},"modified":"2025-01-24T11:28:16","modified_gmt":"2025-01-24T09:28:16","slug":"jean-9-1-et-6-38-une-question-de-point-de-vue","status":"publish","type":"post","link":"https:\/\/www.creusonslabible.fr\/?p=999","title":{"rendered":"Jean 9.1 et 6-38 &#8211; Une question de point de vue"},"content":{"rendered":"\n<p>Jean nous offre ici une petite analyse de ce qui se passe quand un \u00e9v\u00e9nement exceptionnel se produit.<\/p>\n\n\n\n<!--more-->\n\n\n\n<h3 class=\"wp-block-heading\">&nbsp;<\/h3>\n\n\n\n<h2 class=\"wp-block-heading\"><span style=\"font-family: Times New Roman,serif;\"><span style=\"font-size: medium;\"><span style=\"font-family: Garamond,serif;\"><span style=\"font-size: large;\"><b>QUESTIONS INTRODUCTIVES <\/b><\/span><\/span><span style=\"font-family: Garamond,serif;\"><span style=\"font-size: large;\">(avant lecture du passage)<\/span><\/span><\/span><\/span><\/h2>\n\n\n\n<p><span style=\"font-size: medium;\">Quels sont les diff\u00e9rents types de r\u00e9action face \u00e0 un \u00e9v\u00e9nement exceptionnel&nbsp;? Les r\u00e9actions changent-elles quoi que ce soit \u00e0 l\u2019\u00e9v\u00e9nement qui s\u2019est produit&nbsp;?<\/span><\/p>\n\n\n\n<h3 class=\"wp-block-heading\">INTRO<\/h3>\n\n\n\n<p><span style=\"font-family: Garamond,serif;\"><span style=\"font-size: medium;\">Cet \u00e9pisode est assez bizarre puisque Jean ne consacre que quelques versets \u00e0 la relation entre l\u2019ex-aveugle et J\u00e9sus. D\u2019ailleurs J\u00e9sus est quasiment absent du chapitre (\u00e0 part au d\u00e9but et \u00e0 la fin). Comme un bon r\u00e9alisateur de film de science fiction, l\u2019\u00e9vang\u00e9liste insiste surtout sur les r\u00e9actions face \u00e0 un \u00e9v\u00e9nement exceptionnel, paranormal, incroyable. Nous laisserons de c\u00f4t\u00e9 les versets 2 \u00e0 5 parce qu\u2019il s\u2019agit d\u2019une parenth\u00e8se et les versets 39 \u00e0 41 parce qu\u2019ils servent de transition avec le chap. 10.<\/span><\/span><\/p>\n\n\n\n<h3 class=\"wp-block-heading\">OBSERVATION &#8211; INTERPR\u00c9TATION<\/h3>\n\n\n\n<ul class=\"wp-block-list\"><li><span style=\"font-family: Garamond,serif;\"><span style=\"font-size: medium;\">Qui est en sc\u00e8ne dans cet \u00e9pisode&nbsp;?<\/span><\/span><\/li><li><span style=\"font-family: Garamond,serif;\"><span style=\"font-size: medium;\">Qui est le h\u00e9ros&nbsp;?<\/span><\/span><\/li><li><span style=\"font-family: Garamond,serif;\"><span style=\"font-size: medium;\">Quels sont les types de r\u00e9action face \u00e0 ce miracle&nbsp;? \u00c9tudions chaque r\u00e9action\u2026<\/span><\/span><\/li><\/ul>\n\n\n\n<h2 class=\"wp-block-heading\"><span style=\"font-family: Times New Roman,serif;\"><span style=\"font-size: medium;\"><span style=\"font-family: Garamond,serif;\"><span style=\"font-size: large;\"><b>Jean 9. 8-12<\/b><\/span><\/span><span style=\"font-family: Garamond,serif;\"><span style=\"font-size: large;\">&nbsp;: <\/span><\/span><span style=\"font-family: Garamond,serif;\"><span style=\"font-size: large;\"><span style=\"text-decoration: underline;\">1<\/span><\/span><\/span><sup><span style=\"font-family: Garamond,serif;\"><span style=\"font-size: large;\"><span style=\"text-decoration: underline;\">\u00e8re<\/span><\/span><\/span><\/sup><span style=\"font-family: Garamond,serif;\"><span style=\"font-size: large;\"><span style=\"text-decoration: underline;\"> r\u00e9action<\/span><\/span><\/span><span style=\"font-family: Garamond,serif;\"><span style=\"font-size: large;\">&nbsp;: <\/span><\/span><span style=\"font-family: Garamond,serif;\"><span style=\"font-size: large;\"><i>Les voisins qui doutent<\/i><\/span><\/span><\/span><\/span><\/h2>\n\n\n\n<ul class=\"wp-block-list\"><li><span style=\"font-family: Garamond,serif;\"><span style=\"font-size: medium;\">Jouez cette sc\u00e8ne.<\/span><\/span><\/li><li><span style=\"font-family: Garamond,serif;\"><span style=\"font-size: medium;\">Pourquoi des voisins qui le connaissent depuis longtemps ne reconnaissent pas l\u2019homme gu\u00e9ri&nbsp;?<\/span><\/span><\/li><li><span style=\"font-family: Garamond,serif;\"><span style=\"font-size: medium;\">Quelle est la r\u00e9action de l\u2019ex-aveugle devant leurs doutes ?<\/span><\/span><\/li><li><span style=\"font-family: Garamond,serif;\"><span style=\"font-size: medium;\">Pourquoi veulent-ils voir J\u00e9sus&nbsp;? Lui veulent-ils du bien ou du mal&nbsp;?<\/span><\/span><\/li><li><span style=\"font-family: Garamond,serif;\"><span style=\"font-size: medium;\">Comment qualifieriez-vous l\u2019attitude des voisins face au miracle&nbsp;?<\/span><\/span><\/li><\/ul>\n\n\n\n<h2 class=\"wp-block-heading\"><span style=\"font-family: Times New Roman,serif;\"><span style=\"font-size: medium;\"><span style=\"font-family: Garamond,serif;\"><span style=\"font-size: large;\"><b>Jean 9.13-18<\/b><\/span><\/span><span style=\"font-family: Garamond,serif;\"><span style=\"font-size: large;\">&nbsp;: <\/span><\/span><span style=\"font-family: Garamond,serif;\"><span style=\"font-size: large;\"><span style=\"text-decoration: underline;\">2<\/span><\/span><\/span><sup><span style=\"font-family: Garamond,serif;\"><span style=\"font-size: large;\"><span style=\"text-decoration: underline;\">nde<\/span><\/span><\/span><\/sup><span style=\"font-family: Garamond,serif;\"><span style=\"font-size: large;\"><span style=\"text-decoration: underline;\"> r\u00e9action<\/span><\/span><\/span><span style=\"font-family: Garamond,serif;\"><span style=\"font-size: large;\">&nbsp;: <\/span><\/span><span style=\"font-family: Garamond,serif;\"><span style=\"font-size: large;\"><i>La logique des pharisiens<\/i><\/span><\/span><span style=\"font-family: Garamond,serif;\"><span style=\"font-size: large;\">&nbsp;<\/span><\/span><\/span><\/span><\/h2>\n\n\n\n<ul class=\"wp-block-list\"><li><span style=\"font-size: medium;\">Qui sont les pharisiens&nbsp;?<\/span><\/li><li><span style=\"font-family: Garamond,serif;\"><span style=\"font-size: medium;\">Quel est le rapport entre le Sabbat et la gu\u00e9rison op\u00e9r\u00e9e par J\u00e9sus&nbsp;?<\/span><\/span><\/li><li><span style=\"font-family: Garamond,serif;\"><span style=\"font-size: medium;\">Quelle est la logique des pharisiens aux versets 16 et 18&nbsp;? Pourquoi&nbsp;?<\/span><\/span><\/li><li><span style=\"font-family: Garamond,serif;\"><span style=\"font-size: medium;\">Quelle est la r\u00e9action de l\u2019ex-aveugle face \u00e0 cet interrogatoire&nbsp;?<\/span><\/span><\/li><li><span style=\"font-family: Garamond,serif;\"><span style=\"font-size: medium;\">Comment qualifieriez-vous l\u2019attitude des pharisiens face au miracle&nbsp;?<\/span><\/span><\/li><\/ul>\n\n\n\n<h2 class=\"wp-block-heading\"><span style=\"font-family: Times New Roman,serif;\"><span style=\"font-size: medium;\"><span style=\"font-family: Garamond,serif;\"><span style=\"font-size: large;\"><b>Jean 9.19-23&nbsp;<\/b><\/span><\/span><span style=\"font-family: Garamond,serif;\"><span style=\"font-size: large;\">:<\/span><\/span><span style=\"font-family: Garamond,serif;\"><span style=\"font-size: large;\"><span style=\"text-decoration: underline;\">3<\/span><\/span><\/span><sup><span style=\"font-family: Garamond,serif;\"><span style=\"font-size: large;\"><span style=\"text-decoration: underline;\">\u00e8me<\/span><\/span><\/span><\/sup><span style=\"font-family: Garamond,serif;\"><span style=\"font-size: large;\"><span style=\"text-decoration: underline;\"> r\u00e9action<\/span><\/span><\/span><span style=\"font-family: Garamond,serif;\"><span style=\"font-size: large;\">&nbsp;: <\/span><\/span><span style=\"font-family: Garamond,serif;\"><span style=\"font-size: large;\"><i>Les parents&nbsp;<\/i><\/span><\/span><\/span><\/span><\/h2>\n\n\n\n<ul class=\"wp-block-list\"><li><span style=\"font-family: Garamond,serif;\"><span style=\"font-size: medium;\">Qu\u2019est ce qui est bizarre dans la r\u00e9action des parents face \u00e0 l\u2019interrogatoire&nbsp;?<\/span><\/span><\/li><li><span style=\"font-family: Garamond,serif;\"><span style=\"font-size: medium;\">Que reconnaissent-ils, qu\u2019omettent-ils&nbsp;?<\/span><\/span><\/li><li><span style=\"font-family: Garamond,serif;\"><span style=\"font-size: medium;\">Pourquoi les parents ont-ils peur d\u2019\u00eatre exclus de la synagogue&nbsp;?<\/span><\/span><\/li><li><span style=\"font-family: Garamond,serif;\"><span style=\"font-size: medium;\">Comment qualifieriez-vous l\u2019attitude des parents face au miracle&nbsp;?<\/span><\/span><\/li><\/ul>\n\n\n\n<h2 class=\"wp-block-heading\"><span style=\"font-family: Times New Roman,serif;\"><span style=\"font-size: medium;\"><span style=\"font-family: Garamond,serif;\"><span style=\"font-size: large;\"><b>Jean 9.24-38<\/b>\u00a0: <span style=\"text-decoration: underline;\">4<\/span><\/span><\/span><sup><span style=\"font-family: Garamond,serif;\"><span style=\"font-size: large;\"><span style=\"text-decoration: underline;\">\u00e8me<\/span><\/span><\/span><\/sup><span style=\"font-family: Garamond,serif;\"><span style=\"font-size: large;\"><span style=\"text-decoration: underline;\"> r\u00e9action<\/span>\u00a0: <i>L\u2019ex-aveugle<\/i><\/span><\/span><\/span><\/span><\/h2>\n\n\n\n<ul class=\"wp-block-list\"><li><span style=\"font-family: Garamond,serif;\"><span style=\"font-size: medium;\">En quoi les pharisiens influencent-ils les t\u00e9moins au v.24&nbsp;?<\/span><\/span><\/li><li><span style=\"font-family: Garamond,serif;\"><span style=\"font-size: medium;\">Combien de fois dans ce passage retrouve-t-on le rappel des faits comme au v.25&nbsp;?<\/span><\/span><\/li><li><span style=\"font-family: Garamond,serif;\"><span style=\"font-size: medium;\">Pourquoi les pharisiens reposent-ils la m\u00eame question \u00e0 l\u2019ex-aveugle au v.26&nbsp;?<\/span><\/span><\/li><li><span style=\"font-family: Garamond,serif;\"><span style=\"font-size: medium;\">Au v.27 la r\u00e9ponse du jeune homme est-elle na\u00efve, ironique, etc.&nbsp;?<\/span><\/span><\/li><li><span style=\"font-family: Garamond,serif;\"><span style=\"font-size: medium;\">Pourquoi ces paroles des pharisiens aux vvs 28-29&nbsp;?<\/span><\/span><\/li><li><span style=\"font-family: Garamond,serif;\"><span style=\"font-size: medium;\">Que pensez-vous de la r\u00e9ponse du jeune homme &nbsp;?<\/span><\/span><\/li><li><span style=\"font-family: Garamond,serif;\"><span style=\"font-size: medium;\">Quelle la logique du miracul\u00e9 des versets 31 \u00e0 33&nbsp;?<\/span><\/span><\/li><li><span style=\"font-family: Garamond,serif;\"><span style=\"font-size: medium;\">Expliquez le v.34.<\/span><\/span><\/li><li><span style=\"font-family: Garamond,serif;\"><span style=\"font-size: medium;\">Quel est le rapport entre la \u00ab&nbsp;conversion&nbsp;\u00bb du jeune homme et sa d\u00e9monstration des vv.31-33&nbsp;?<\/span><\/span><\/li><\/ul>\n\n\n\n<ul class=\"wp-block-list\"><li><span style=\"font-family: Garamond,serif;\"><span style=\"font-size: medium;\">D\u2019apr\u00e8s vous, Qu\u2019est ce qui a motiv\u00e9 chacune des personnes \u00e0 r\u00e9agir comme elle l\u2019a fait &nbsp;? Pourquoi ne reconnaissent-elles pas l\u2019\u00e9vidence (le miracle)&nbsp;?<\/span><\/span><\/li><li><span style=\"font-family: Garamond,serif;\"><span style=\"font-size: medium;\">Leur r\u00e9action a-t-elle chang\u00e9 quoi que ce soit aux faits (le miracle)&nbsp;?<\/span><\/span><\/li><\/ul>\n\n\n\n<h2 class=\"wp-block-heading\">MISE EN PRATIQUE<\/h2>\n\n\n\n<ul class=\"wp-block-list\"><li><span style=\"font-family: Garamond,serif;\"><span style=\"font-size: medium;\">D\u2019apr\u00e8s vous, ceux qui ne croient pas en J\u00e9sus-Christ, le font-ils apr\u00e8s y avoir bien r\u00e9fl\u00e9chis, est-ce le r\u00e9sultat d\u2019une d\u00e9monstration imparable&nbsp;?<\/span><\/span><\/li><li><span style=\"font-family: Garamond,serif;\"><span style=\"font-size: medium;\">Devant un \u00e9v\u00e9nement d\u00e9stabilisant et extraordinaire, a-t-on peur de la v\u00e9rit\u00e9 ou de ses cons\u00e9quences&nbsp;?<\/span><\/span><\/li><li><span style=\"font-family: Garamond,serif;\"><span style=\"font-size: medium;\">Quel est le rapport entre le refus des miracles (ou autres trucs extraordinaires) et le refus de la souverainet\u00e9 de Dieu sur nos vies&nbsp;?<\/span><\/span><\/li><\/ul>\n","protected":false},"excerpt":{"rendered":"<p>Jean nous offre ici une petite analyse de ce qui se passe quand un \u00e9v\u00e9nement exceptionnel se produit.<\/p>\n","protected":false},"author":3,"featured_media":8131,"comment_status":"open","ping_status":"closed","sticky":false,"template":"","format":"standard","meta":{"_acf_changed":false,"_eb_attr":"","advgb_blocks_editor_width":"","advgb_blocks_columns_visual_guide":"","footnotes":""},"categories":[10],"tags":[651,131,23],"video":[],"audio":[],"ecrit":[],"mis-en-avant":[],"redacteur":[],"type-darticle":[],"class_list":["post-999","post","type-post","status-publish","format-standard","has-post-thumbnail","hentry","category-discussions-autour-de-la-bible","tag-ecrit","tag-jean","tag-nouveau-testament"],"blocksy_meta":[],"acf":[],"featured_image_src":"https:\/\/www.creusonslabible.fr\/wp-content\/uploads\/2022\/01\/josh-calabrese-qmnpqDwla_E-unsplash-scaled-2.jpg","author_info":{"display_name":"Yoh","author_link":"https:\/\/www.creusonslabible.fr\/?author=3"},"author_meta":{"display_name":"Yoh","author_link":"https:\/\/www.creusonslabible.fr\/?author=3"},"featured_img":"https:\/\/www.creusonslabible.fr\/wp-content\/uploads\/2022\/01\/josh-calabrese-qmnpqDwla_E-unsplash-scaled-2-300x200.jpg","coauthors":[],"tax_additional":{"categories":{"linked":["<a href=\"https:\/\/www.creusonslabible.fr\/?cat=10\" class=\"advgb-post-tax-term\">Discussions autour de la Bible<\/a>"],"unlinked":["<span class=\"advgb-post-tax-term\">Discussions autour de la Bible<\/span>"]},"tags":{"linked":["<a href=\"https:\/\/www.creusonslabible.fr\/?cat=10\" class=\"advgb-post-tax-term\">\u00e9crit<\/a>","<a href=\"https:\/\/www.creusonslabible.fr\/?cat=10\" class=\"advgb-post-tax-term\">Jean<\/a>","<a href=\"https:\/\/www.creusonslabible.fr\/?cat=10\" class=\"advgb-post-tax-term\">Nouveau-Testament<\/a>"],"unlinked":["<span class=\"advgb-post-tax-term\">\u00e9crit<\/span>","<span class=\"advgb-post-tax-term\">Jean<\/span>","<span class=\"advgb-post-tax-term\">Nouveau-Testament<\/span>"]}},"comment_count":"0","relative_dates":{"created":"Publi\u00e9 13 ans il y a","modified":"Mis \u00e0 jour 1 an il y a"},"absolute_dates":{"created":"Publi\u00e9 le 13 d\u00e9cembre 2012","modified":"Mise \u00e0 jour le 24 janvier 2025"},"absolute_dates_time":{"created":"Publi\u00e9 le 13 d\u00e9cembre 2012 9h47","modified":"Mise \u00e0 jour le 24 janvier 2025 11h28"},"featured_img_caption":"","series_order":"","meta_box":[],"_links":{"self":[{"href":"https:\/\/www.creusonslabible.fr\/index.php?rest_route=\/wp\/v2\/posts\/999","targetHints":{"allow":["GET"]}}],"collection":[{"href":"https:\/\/www.creusonslabible.fr\/index.php?rest_route=\/wp\/v2\/posts"}],"about":[{"href":"https:\/\/www.creusonslabible.fr\/index.php?rest_route=\/wp\/v2\/types\/post"}],"author":[{"embeddable":true,"href":"https:\/\/www.creusonslabible.fr\/index.php?rest_route=\/wp\/v2\/users\/3"}],"replies":[{"embeddable":true,"href":"https:\/\/www.creusonslabible.fr\/index.php?rest_route=%2Fwp%2Fv2%2Fcomments&post=999"}],"version-history":[{"count":1,"href":"https:\/\/www.creusonslabible.fr\/index.php?rest_route=\/wp\/v2\/posts\/999\/revisions"}],"predecessor-version":[{"id":10934,"href":"https:\/\/www.creusonslabible.fr\/index.php?rest_route=\/wp\/v2\/posts\/999\/revisions\/10934"}],"wp:featuredmedia":[{"embeddable":true,"href":"https:\/\/www.creusonslabible.fr\/index.php?rest_route=\/wp\/v2\/media\/8131"}],"wp:attachment":[{"href":"https:\/\/www.creusonslabible.fr\/index.php?rest_route=%2Fwp%2Fv2%2Fmedia&parent=999"}],"wp:term":[{"taxonomy":"category","embeddable":true,"href":"https:\/\/www.creusonslabible.fr\/index.php?rest_route=%2Fwp%2Fv2%2Fcategories&post=999"},{"taxonomy":"post_tag","embeddable":true,"href":"https:\/\/www.creusonslabible.fr\/index.php?rest_route=%2Fwp%2Fv2%2Ftags&post=999"},{"taxonomy":"video","embeddable":true,"href":"https:\/\/www.creusonslabible.fr\/index.php?rest_route=%2Fwp%2Fv2%2Fvideo&post=999"},{"taxonomy":"audio","embeddable":true,"href":"https:\/\/www.creusonslabible.fr\/index.php?rest_route=%2Fwp%2Fv2%2Faudio&post=999"},{"taxonomy":"ecrit","embeddable":true,"href":"https:\/\/www.creusonslabible.fr\/index.php?rest_route=%2Fwp%2Fv2%2Fecrit&post=999"},{"taxonomy":"mis-en-avant","embeddable":true,"href":"https:\/\/www.creusonslabible.fr\/index.php?rest_route=%2Fwp%2Fv2%2Fmis-en-avant&post=999"},{"taxonomy":"redacteur","embeddable":true,"href":"https:\/\/www.creusonslabible.fr\/index.php?rest_route=%2Fwp%2Fv2%2Fredacteur&post=999"},{"taxonomy":"type-darticle","embeddable":true,"href":"https:\/\/www.creusonslabible.fr\/index.php?rest_route=%2Fwp%2Fv2%2Ftype-darticle&post=999"}],"curies":[{"name":"wp","href":"https:\/\/api.w.org\/{rel}","templated":true}]}}